{"id":130092,"date":"2025-10-28T17:16:22","date_gmt":"2025-10-28T17:16:22","guid":{"rendered":"https:\/\/www.europesays.com\/pt\/130092\/"},"modified":"2025-10-28T17:16:22","modified_gmt":"2025-10-28T17:16:22","slug":"neoseiulus-californicus-pode-reduzir-custos-no-controle-de-pragas-do-morango","status":"publish","type":"post","link":"https:\/\/www.europesays.com\/pt\/130092\/","title":{"rendered":"Neoseiulus californicus pode reduzir custos no controle de pragas do morango"},"content":{"rendered":"<p>                                                                                                        &#13;<\/p>\n<p>                                            <img decoding=\"async\" class=\"object-cover w-[100%] h-[100%]\" src=\"https:\/\/www.europesays.com\/pt\/wp-content\/uploads\/2025\/10\/8836c8f3-a06e-4dda-94d6-385114429c7f.jpg\" alt=\"&lt;i&gt;Neoseiulus californicus&lt;\/i&gt; - Foto: R Schmidt-Jeffris, Cornell University\"\/><\/p>\n<p>                                                &#13;<br \/>\n                                                    Neoseiulus californicus &#8211; Foto: R Schmidt-Jeffris, Cornell University&#13;<\/p>\n<p>                                    &#13;<\/p>\n<p class=\"text-[22px] leading-[1.4]    mt-[16px]   mb-[16px] \" style=\"padding-left: 0px;\">&#13;<br \/>\n                                    O \u00e1caro predador Neoseiulus californicus apresentou desempenho eficaz contra duas pragas cr\u00edticas do morangueiro: o <a href=\"https:\/\/revistacultivar.com.br\/fitossanidade\/tetranychus-urticae\" target=\"_blank\" rel=\"nofollow noopener\">\u00e1caro-rajado (Tetranychus urticae)<\/a> e o tripes Scirtothrips dorsalis. A constata\u00e7\u00e3o vem de estudo realizado por pesquisadores da Universidade da Fl\u00f3rida e da Universidad EARTH.&#13;\n                                <\/p>\n<p class=\"text-[22px] leading-[1.4]    mt-[16px]   mb-[16px] \" style=\"padding-left: 0px;\">&#13;<br \/>\n                                    O trabalho avaliou a capacidade predat\u00f3ria de N. californicus em laborat\u00f3rio, em experimentos com e sem op\u00e7\u00e3o de escolha entre diferentes presas. O predador consumiu larvas de tripes e todos os est\u00e1gios do \u00e1caro-rajado, indicando versatilidade.&#13;\n                                <\/p>\n<p class=\"text-[22px] leading-[1.4]    mt-[16px]   mb-[32px] \" style=\"padding-left: 0px;\">&#13;<br \/>\n                                    Essa caracter\u00edstica pode permitir seu uso como solu\u00e7\u00e3o \u00fanica no controle biol\u00f3gico dessas duas pragas, o que reduziria custos e riscos operacionais associados ao uso combinado de duas esp\u00e9cies predadoras.&#13;\n                                <\/p>\n<p>                                                                                                        &#13;<br \/>\n                                    Pragas simult\u00e2neas dificultam manejo&#13;<\/p>\n<p class=\"text-[22px] leading-[1.4]    mt-[16px]   mb-[16px] \" style=\"padding-left: 0px;\">&#13;<br \/>\n                                    No estado da Fl\u00f3rida, morangos enfrentam ataques simult\u00e2neos de T. urticae e S. dorsalis. Ambas as pragas provocam preju\u00edzos significativos \u00e0 produ\u00e7\u00e3o. O controle qu\u00edmico tem efic\u00e1cia limitada, devido \u00e0 resist\u00eancia desenvolvida pelos insetos a inseticidas comuns. Como alternativa, produtores recorrem a inimigos naturais.&#13;\n                                <\/p>\n<p>                                                                                                        &#13;<\/p>\n<p>                                            <img decoding=\"async\" class=\"object-cover w-[100%] h-[100%]\" src=\"https:\/\/www.europesays.com\/pt\/wp-content\/uploads\/2025\/10\/baa88601-13ac-4495-bc85-97d09850d7bf.jpg\" alt=\"&lt;i&gt;Tetranychus urticae&lt;\/i&gt; - Foto: Gilles San Martin - CC BY-SA 2\"\/><\/p>\n<p>                                                &#13;<br \/>\n                                                    Tetranychus urticae &#8211; Foto: Gilles San Martin &#8211; CC BY-SA 2&#13;<\/p>\n<p>                                    &#13;<\/p>\n<p class=\"text-[22px] leading-[1.4]    mt-[16px]   mb-[16px] \" style=\"padding-left: 0px;\">&#13;<br \/>\n                                    Atualmente, o controle biol\u00f3gico envolve o uso de duas esp\u00e9cies distintas: Phytoseiulus persimilis, especialista no controle de T. urticae, e Amblyseius swirskii, eficaz contra S. dorsalis. &#13;\n                                <\/p>\n<p class=\"text-[22px] leading-[1.4]    mt-[16px]   mb-[32px] \" style=\"padding-left: 0px;\">&#13;<br \/>\n                                    No entanto, essa combina\u00e7\u00e3o apresenta dois problemas: custos elevados e risco de preda\u00e7\u00e3o entre esp\u00e9cies. A. swirskii pode se alimentar de P. persimilis, prejudicando o controle do \u00e1caro-rajado.&#13;\n                                <\/p>\n<p>                                                                                                        &#13;<br \/>\n                                    Flexibilidade alimentar&#13;<\/p>\n<p class=\"text-[22px] leading-[1.4]    mt-[16px]   mb-[16px] \" style=\"padding-left: 0px;\">&#13;<br \/>\n                                    O estudo testou N. californicus com presas isoladas e combinadas. Nos testes sem escolha, o predador consumiu principalmente ovos de T. urticae, mas tamb\u00e9m ingeriu larvas de S. dorsalis e formas jovens do \u00e1caro-rajado. Nos testes com todas as presas dispon\u00edveis, o consumo se concentrou em presas m\u00f3veis: larvas de tripes, ninfas e adultos de T. urticae. Ovos foram menos consumidos.&#13;\n                                <\/p>\n<p>                                                                                                        &#13;<\/p>\n<p>                                            <img decoding=\"async\" class=\"object-cover w-[100%] h-[100%]\" src=\"https:\/\/www.europesays.com\/pt\/wp-content\/uploads\/2025\/10\/db76a58d-ea9f-45c4-894d-3c99123d4575.jpg\" alt=\"&lt;i&gt;Scirtothrips dorsalis&lt;\/i&gt; - Foto: Aderksen - CC BY-SA 3\"\/><\/p>\n<p>                                                &#13;<br \/>\n                                                    Scirtothrips dorsalis &#8211; Foto: Aderksen &#8211; CC BY-SA 3&#13;<\/p>\n<p>                                    &#13;<\/p>\n<p class=\"text-[22px] leading-[1.4]    mt-[16px]   mb-[32px] \" style=\"padding-left: 0px;\">&#13;<br \/>\n                                    Esse comportamento refor\u00e7a a capacidade generalista do \u00e1caro predador, com prefer\u00eancia adapt\u00e1vel ao tipo de presa. O padr\u00e3o observado est\u00e1 alinhado \u00e0 teoria do forrageamento \u00f3timo, segundo a qual o predador escolhe presas com maior retorno energ\u00e9tico e menor tempo de manipula\u00e7\u00e3o.&#13;\n                                <\/p>\n<p>                                                                                                        &#13;<br \/>\n                                    Custo e efici\u00eancia&#13;<\/p>\n<p class=\"text-[22px] leading-[1.4]    mt-[16px]   mb-[16px] \" style=\"padding-left: 0px;\">&#13;<br \/>\n                                    A utiliza\u00e7\u00e3o de uma \u00fanica esp\u00e9cie predadora pode representar vantagem econ\u00f4mica. Reduz a necessidade de manejo diferenciado para m\u00faltiplos inimigos naturais e evita intera\u00e7\u00f5es negativas entre eles. Para o produtor, isso significa menos custos com aquisi\u00e7\u00e3o, aplica\u00e7\u00e3o e monitoramento de predadores.&#13;\n                                <\/p>\n<p class=\"text-[22px] leading-[1.4]    mt-[16px]   mb-[32px] \" style=\"padding-left: 0px;\">&#13;<br \/>\n                                    Al\u00e9m disso, N. californicus j\u00e1 \u00e9 conhecido por sua resist\u00eancia a diferentes condi\u00e7\u00f5es ambientais e por alimentar-se tamb\u00e9m de p\u00f3len, o que facilita sua manuten\u00e7\u00e3o em campo. Esses atributos o tornam um candidato promissor para programas de controle biol\u00f3gico em ambientes abertos e estufas.&#13;\n                                <\/p>\n<p>                                                                                                        &#13;<br \/>\n                                    Testes em campo&#13;<\/p>\n<p class=\"text-[22px] leading-[1.4]    mt-[16px]   mb-[16px] \" style=\"padding-left: 0px;\">&#13;<br \/>\n                                    Apesar dos resultados promissores, os pesquisadores alertam para a necessidade de mais estudos. Experimentos em campo e an\u00e1lises da resposta funcional e populacional de N. californicus frente \u00e0 presen\u00e7a simult\u00e2nea de S. dorsalis e T. urticae s\u00e3o essenciais.&#13;\n                                <\/p>\n<p class=\"text-[22px] leading-[1.4]    mt-[16px]   mb-[16px] \" style=\"padding-left: 0px;\">&#13;<br \/>\n                                    Outras informa\u00e7\u00f5es em doi.org\/10.3390\/insects16111077&#13;\n                                <\/p>\n","protected":false},"excerpt":{"rendered":"&#13; &#13; Neoseiulus californicus &#8211; Foto: R Schmidt-Jeffris, Cornell University&#13; &#13; &#13; O \u00e1caro predador Neoseiulus californicus apresentou&hellip;\n","protected":false},"author":2,"featured_media":130093,"comment_status":"","ping_status":"","sticky":false,"template":"","format":"standard","meta":{"footnotes":""},"categories":[84],"tags":[562,8682,8683,8673,8674,109,107,108,8672,8681,8679,8676,8684,8680,4907,32,8677,33,105,103,104,8678,106,110,8675],"class_list":{"0":"post-130092","1":"post","2":"type-post","3":"status-publish","4":"format-standard","5":"has-post-thumbnail","7":"category-ciencia-e-tecnologia","8":"tag-agricultura","9":"tag-agricultura-familiar","10":"tag-agroindustria","11":"tag-agronomia","12":"tag-agropecuaria","13":"tag-ciencia","14":"tag-ciencia-e-tecnologia","15":"tag-cienciaetecnologia","16":"tag-cultivo","17":"tag-horticultura","18":"tag-inovacao-no-campo","19":"tag-manejo-de-culturas","20":"tag-maquinas-agricolas","21":"tag-mercado-agricola","22":"tag-pecuaria","23":"tag-portugal","24":"tag-producao-agricola","25":"tag-pt","26":"tag-science","27":"tag-science-and-technology","28":"tag-scienceandtechnology","29":"tag-sustentabilidade-rural","30":"tag-technology","31":"tag-tecnologia","32":"tag-tecnologia-agricola"},"share_on_mastodon":{"url":"https:\/\/pubeurope.com\/@pt\/115452928648757311","error":""},"_links":{"self":[{"href":"https:\/\/www.europesays.com\/pt\/wp-json\/wp\/v2\/posts\/130092","targetHints":{"allow":["GET"]}}],"collection":[{"href":"https:\/\/www.europesays.com\/pt\/wp-json\/wp\/v2\/posts"}],"about":[{"href":"https:\/\/www.europesays.com\/pt\/wp-json\/wp\/v2\/types\/post"}],"author":[{"embeddable":true,"href":"https:\/\/www.europesays.com\/pt\/wp-json\/wp\/v2\/users\/2"}],"replies":[{"embeddable":true,"href":"https:\/\/www.europesays.com\/pt\/wp-json\/wp\/v2\/comments?post=130092"}],"version-history":[{"count":0,"href":"https:\/\/www.europesays.com\/pt\/wp-json\/wp\/v2\/posts\/130092\/revisions"}],"wp:featuredmedia":[{"embeddable":true,"href":"https:\/\/www.europesays.com\/pt\/wp-json\/wp\/v2\/media\/130093"}],"wp:attachment":[{"href":"https:\/\/www.europesays.com\/pt\/wp-json\/wp\/v2\/media?parent=130092"}],"wp:term":[{"taxonomy":"category","embeddable":true,"href":"https:\/\/www.europesays.com\/pt\/wp-json\/wp\/v2\/categories?post=130092"},{"taxonomy":"post_tag","embeddable":true,"href":"https:\/\/www.europesays.com\/pt\/wp-json\/wp\/v2\/tags?post=130092"}],"curies":[{"name":"wp","href":"https:\/\/api.w.org\/{rel}","templated":true}]}}