{"id":130151,"date":"2025-10-28T18:00:29","date_gmt":"2025-10-28T18:00:29","guid":{"rendered":"https:\/\/www.europesays.com\/pt\/130151\/"},"modified":"2025-10-28T18:00:29","modified_gmt":"2025-10-28T18:00:29","slug":"disney-lanca-versao-sombria-e-surpreendente-de-a-bela-e-a-fera-em-parceria-com-o-webtoon","status":"publish","type":"post","link":"https:\/\/www.europesays.com\/pt\/130151\/","title":{"rendered":"Disney lan\u00e7a vers\u00e3o sombria e surpreendente de A Bela e a Fera em parceria com o Webtoon"},"content":{"rendered":"<p>A Disney decidiu revisitar um de seus cl\u00e1ssicos mais amados, mas desta vez de um jeito que ningu\u00e9m esperava. Em colabora\u00e7\u00e3o com o Webtoon, a empresa lan\u00e7ou \u201cAs Old As Time: A Twisted Tale\u201d, uma nova adapta\u00e7\u00e3o de A Bela e a Fera que mergulha em tons muito mais sombrios e misteriosos. Os tr\u00eas primeiros cap\u00edtulos j\u00e1 est\u00e3o dispon\u00edveis para leitura na plataforma, e a hist\u00f3ria promete mudar completamente a forma como os f\u00e3s enxergam o conto original.<\/p>\n<p>A adapta\u00e7\u00e3o, escrita por Beatrice Bassoli e Francesca Siviero, com arte de Chiara Bracale e Rossella Gentile, faz parte da iniciativa da Disney de oferecer vers\u00f5es mais profundas e complexas de seus contos de fadas. No entanto, essa n\u00e3o \u00e9 apenas uma releitura melanc\u00f3lica, \u00e9 uma transforma\u00e7\u00e3o radical da narrativa que conhecemos desde o filme animado de 1991.<\/p>\n<p>A trama come\u00e7a de modo familiar: o pr\u00edncipe arrogante que rejeita uma estranha em busca de abrigo e acaba amaldi\u00e7oado, transformando-se na temida Fera. Mais tarde, Bela surge para salvar o pai, tornando-se prisioneira no castelo. At\u00e9 a\u00ed, tudo parece seguir o roteiro que os f\u00e3s conhecem, at\u00e9 que a hist\u00f3ria toma um rumo completamente inesperado.<\/p>\n<p>Nesta nova vers\u00e3o, o foco recai sobre o passado obscuro da fam\u00edlia de Bela, especialmente sobre o mist\u00e9rio em torno de sua m\u00e3e, que sempre foi uma figura ausente nas vers\u00f5es anteriores. Em A Twisted Tale, essa aus\u00eancia ganha uma explica\u00e7\u00e3o impactante: a m\u00e3e de Bela n\u00e3o est\u00e1 morta, ela \u00e9, na verdade, a feiticeira que lan\u00e7ou a maldi\u00e7\u00e3o sobre a Fera.<\/p>\n<p>A revela\u00e7\u00e3o muda tudo. A partir da\u00ed, Bela e a Fera embarcam em uma jornada repleta de segredos, lembran\u00e7as distorcidas e descobertas que desafiam o que ambos acreditavam saber sobre si mesmos. O v\u00ednculo entre os dois ganha novas camadas emocionais, transformando o conto de fadas em um drama g\u00f3tico cheio de suspense e intensidade.<\/p>\n<p>Na sinopse oficial, a hist\u00f3ria \u00e9 descrita como uma aventura em que Bela, curiosa e imaginativa, sonha em deixar sua cidadezinha para viver algo grandioso, enquanto seu pai espera pelo retorno da esposa que a filha n\u00e3o se lembra de ter conhecido. Quando ele \u00e9 capturado pela Fera, Bela se oferece para tomar o seu lugar, e ao tocar na rosa encantada, mem\u00f3rias da m\u00e3e perdida invadem sua mente. A partir desse momento, ela e a Fera precisam trabalhar juntos para desvendar o mist\u00e9rio que conecta suas fam\u00edlias e suas maldi\u00e7\u00f5es.<\/p>\n<p>\u201cAs Old As Time: A Twisted Tale\u201d \u00e9 uma nova e ousada abordagem de A Bela e a Fera, cheia de atmosfera g\u00f3tica, drama e emo\u00e7\u00e3o. \u00c9 o tipo de hist\u00f3ria perfeita para quem ama contos cl\u00e1ssicos, mas prefere quando a Disney resolve explorar o lado sombrio da magia. Os tr\u00eas primeiros epis\u00f3dios j\u00e1 est\u00e3o dispon\u00edveis no Webtoon, e prometem deixar os leitores ansiosos por mais.<\/p>\n<p><img loading=\"lazy\" decoding=\"async\" width=\"655\" height=\"901\" src=\"https:\/\/www.europesays.com\/pt\/wp-content\/uploads\/2025\/10\/image-36.png\" alt=\"\" class=\"wp-image-133438\"\/><\/p>\n<p>Veja mais sobre <a href=\"https:\/\/nerdizmo.ig.com.br\/tag\/Disney\" rel=\"nofollow noopener\" target=\"_blank\">Disney<\/a>.<\/p>\n<p>\n\tRelacionado<\/p>\n","protected":false},"excerpt":{"rendered":"A Disney decidiu revisitar um de seus cl\u00e1ssicos mais amados, mas desta vez de um jeito que ningu\u00e9m&hellip;\n","protected":false},"author":2,"featured_media":130152,"comment_status":"","ping_status":"","sticky":false,"template":"","format":"standard","meta":{"footnotes":""},"categories":[140],"tags":[28773,1579,114,115,147,148,146,32,33],"class_list":{"0":"post-130151","1":"post","2":"type-post","3":"status-publish","4":"format-standard","5":"has-post-thumbnail","7":"category-filmes","8":"tag-a-bela-e-a-fera","9":"tag-disney","10":"tag-entertainment","11":"tag-entretenimento","12":"tag-film","13":"tag-filmes","14":"tag-movies","15":"tag-portugal","16":"tag-pt"},"share_on_mastodon":{"url":"https:\/\/pubeurope.com\/@pt\/115453101797507084","error":""},"_links":{"self":[{"href":"https:\/\/www.europesays.com\/pt\/wp-json\/wp\/v2\/posts\/130151","targetHints":{"allow":["GET"]}}],"collection":[{"href":"https:\/\/www.europesays.com\/pt\/wp-json\/wp\/v2\/posts"}],"about":[{"href":"https:\/\/www.europesays.com\/pt\/wp-json\/wp\/v2\/types\/post"}],"author":[{"embeddable":true,"href":"https:\/\/www.europesays.com\/pt\/wp-json\/wp\/v2\/users\/2"}],"replies":[{"embeddable":true,"href":"https:\/\/www.europesays.com\/pt\/wp-json\/wp\/v2\/comments?post=130151"}],"version-history":[{"count":0,"href":"https:\/\/www.europesays.com\/pt\/wp-json\/wp\/v2\/posts\/130151\/revisions"}],"wp:featuredmedia":[{"embeddable":true,"href":"https:\/\/www.europesays.com\/pt\/wp-json\/wp\/v2\/media\/130152"}],"wp:attachment":[{"href":"https:\/\/www.europesays.com\/pt\/wp-json\/wp\/v2\/media?parent=130151"}],"wp:term":[{"taxonomy":"category","embeddable":true,"href":"https:\/\/www.europesays.com\/pt\/wp-json\/wp\/v2\/categories?post=130151"},{"taxonomy":"post_tag","embeddable":true,"href":"https:\/\/www.europesays.com\/pt\/wp-json\/wp\/v2\/tags?post=130151"}],"curies":[{"name":"wp","href":"https:\/\/api.w.org\/{rel}","templated":true}]}}