{"id":130157,"date":"2025-10-28T18:09:14","date_gmt":"2025-10-28T18:09:14","guid":{"rendered":"https:\/\/www.europesays.com\/pt\/130157\/"},"modified":"2025-10-28T18:09:14","modified_gmt":"2025-10-28T18:09:14","slug":"sonda-da-nasa-corre-risco-de-ser-atingida-pelo-cometa","status":"publish","type":"post","link":"https:\/\/www.europesays.com\/pt\/130157\/","title":{"rendered":"sonda da Nasa corre risco de ser atingida pelo cometa"},"content":{"rendered":"<p data-start=\"124\" data-end=\"501\">Entre\u00a0quinta-feira (30\/10)\u00a0e 6 de novembro,\u00a0h\u00e1 chances de um\u00a0encontro raro entre a nave Europa Clipper, da Ag\u00eancia Espacial Norte-Americana (Nasa), e part\u00edculas da cauda do <a href=\"https:\/\/www.correiobraziliense.com.br\/ciencia-e-saude\/2025\/10\/7279766-3i-atlas-cometa-fara-a-maior-aproximacao-do-sol-nesta-semana.html\" target=\"_blank\" rel=\"nofollow noopener\">cometa 3I\/Atlas<\/a>, um objeto interestelar, isto \u00e9, origin\u00e1rio de fora do <a href=\"https:\/\/www.correiobraziliense.com.br\/ciencia-e-saude\/2025\/10\/7279766-3i-atlas-cometa-fara-a-maior-aproximacao-do-sol-nesta-semana.html\" target=\"_blank\" rel=\"nofollow noopener\">Sistema Solar<\/a>.<\/p>\n<p data-start=\"546\" data-end=\"1346\">O\u00a0cometa foi detectado em 1\u00ba de julho pelo sistema ATLAS (Asteroid Terrestrial-impact Last Alert System) no Chile, e seu percurso hiperb\u00f3lico confirmou que ele veio de fora do nosso Sistema Solar.\u00a0Segundo a NASA, ele se aproximar\u00e1 do Sol por volta de 30 de outubro de 2025.<\/p>\n<p class=\"texto\"><strong><a href=\"https:\/\/whatsapp.com\/channel\/0029VaB1U9a002T64ex1Sy2w\" target=\"_blank\" rel=\"nofollow noopener\">Siga o canal do Correio no WhatsApp e receba as principais not\u00edcias do dia no seu celular<\/a><\/strong><\/p>\n<p data-start=\"546\" data-end=\"1346\">Observa\u00e7\u00f5es feitas pelo telesc\u00f3pio espacial\u00a0<a href=\"https:\/\/www.correiobraziliense.com.br\/ciencia-e-saude\/2025\/10\/7276276-james-webb-confirma-a-maior-explosao-cosmica-da-historia.html\" target=\"_blank\" rel=\"nofollow noopener\">James Webb<\/a>\u00a0e outros instrumentos revelaram que sua coma (a \u201cnuvem\u201d de g\u00e1s e poeira ao redor) \u00e9 dominada por di\u00f3xido de carbono em propor\u00e7\u00e3o incomum em cometas conhecidos. A ag\u00eancia europeia ESA tamb\u00e9m acompanha o objeto e mobilizou esfor\u00e7os de observa\u00e7\u00e3o.<\/p>\n<p>O encontro previsto: cauda i\u00f4nica e nave espacial<\/p>\n<p data-start=\"1404\" data-end=\"2186\">Um estudo conduzido por pesquisadores europeus, liderado por Samuel Grant (Instituto Meteorol\u00f3gico da Finl\u00e2ndia) e Geraint Jones (ESA), aponta que a sonda Europa Clipper poder\u00e1 atravessar a cauda i\u00f4nica, ou um fluxo de part\u00edculas carregadas, do 3I\/Atlas num alinhamento entre Sol, cometa e nave.<\/p>\n<p data-start=\"1404\" data-end=\"2186\">Para isso, foi usado um programa de modelagem denominado \u201cTalicatcher\u201d, que simula o movimento das part\u00edculas sob o efeito do vento solar. Conforme o estudo, esse alinhamento deve ocorrer entre 30 de outubro e 6 de novembro.<\/p>\n<p data-start=\"1404\" data-end=\"2186\">Embora o risco de dano direto \u00e0 nave seja considerado muito baixo, trata-se de uma oportunidade cient\u00edfica in\u00e9dita: captar part\u00edculas origin\u00e1rias de um cometa que veio de outro sistema estelar. &#8220;Praticamente n\u00e3o temos dados sobre o interior de cometas interestelares e os sistemas estelares que os formaram. Amostrar a cauda dessa forma \u00e9 o mais pr\u00f3ximo que podemos chegar de uma amostra direta desse tipo de objeto&#8221;, disse um dos pesquisadores.\u00a0<\/p>\n<p>Por que isso importa<\/p>\n<p data-start=\"2443\" data-end=\"3208\">Cometas interestelares como o 3I\/Atlas s\u00e3o uma esp\u00e9cie de c\u00e1psula do tempo, guardando material que se formou possivelmente em outras estrelas. Estudar a composi\u00e7\u00e3o revelaria, ent\u00e3o, pistas sobre a forma\u00e7\u00e3o de sistemas planet\u00e1rios al\u00e9m do nosso. A promessa de \u201cimers\u00e3o\u201d da Europa Clipper na cauda do cometa poderia permitir medi\u00e7\u00f5es de part\u00edculas e plasma, oferecendo dados muito mais diretos do que os telesc\u00f3pios terrestres ou orbitais podem prover.\u00a0<\/p>\n<p data-start=\"2443\" data-end=\"3208\">\u00a0<\/p>\n<ul>\n<li><a href=\"https:\/\/wa.me\/?text=3I%2FAtlas%3A+sonda+da+Nasa+corre+risco+de+ser+atingida+pelo+cometa%20https:\/\/www.correiobraziliense.com.br\/ciencia-e-saude\/2025\/10\/7280331-3i-atlas-sonda-da-nasa-corre-risco-de-ser-atingida-pelo-cometa.html\" target=\"_blank\" title=\"Whatsapp\" aria-label=\"WhatsApp\" rel=\"nofollow noopener\"><\/a><\/li>\n<li><a href=\"https:\/\/www.facebook.com\/sharer.php?u=https:\/\/www.correiobraziliense.com.br%2Fciencia-e-saude%2F2025%2F10%2F7280331-3i-atlas-sonda-da-nasa-corre-risco-de-ser-atingida-pelo-cometa.html&amp;text=3I%2FAtlas%3A+sonda+da+Nasa+corre+risco+de+ser+atingida+pelo+cometa\" target=\"_blank\" title=\"Facebook\" aria-label=\"Facebook\" rel=\"nofollow noopener\"><\/a><\/li>\n<li><a href=\"https:\/\/twitter.com\/intent\/tweet?url=https:\/\/www.correiobraziliense.com.br%2Fciencia-e-saude%2F2025%2F10%2F7280331-3i-atlas-sonda-da-nasa-corre-risco-de-ser-atingida-pelo-cometa.html&amp;text=3I%2FAtlas%3A+sonda+da+Nasa+corre+risco+de+ser+atingida+pelo+cometa\" target=\"_blank\" title=\"Twitter\" aria-label=\"Twitter\" rel=\"nofollow noopener\"><\/a><\/li>\n<li><a href=\"https:\/\/profile.google.com\/cp\/CgovbS8wNzZ0dms1\" title=\"Google Discover\" target=\"_blank\" aria-label=\"Google Discover\" rel=\"nofollow noopener\"><img decoding=\"async\" src=\"https:\/\/www.europesays.com\/pt\/wp-content\/uploads\/2025\/10\/1761263228_86_google-discover-icon.png\" style=\"height: 25px; margin: 0 !important; margin-left: 3px;\" alt=\"Google Discover Icon\"\/><\/a><\/li>\n<\/ul>\n<p>              <a href=\"https:\/\/www.correiobraziliense.com.br\/autor\/amanda-s-feitoza\/page\/1\/\" style=\"height: 100%;\" rel=\"nofollow noopener\" target=\"_blank\"><img decoding=\"async\" class=\"hidden-print author-circle d-block h6 mt-0 mb-0 mr-6 text-center\" src=\"https:\/\/www.europesays.com\/pt\/wp-content\/uploads\/2025\/08\/amanda_s__feitoza-50475087.jpeg\" alt=\"\" width=\"40\" height=\"40\" loading=\"lazy\" style=\"object-fit:cover; width: 40px; height: 40px; margin-right:10px;\"\/><\/a><a href=\"https:\/\/www.correiobraziliense.com.br\/autor\/amanda-s-feitoza\/page\/1\/\" rel=\"nofollow noopener\" target=\"_blank\"><img decoding=\"async\" class=\"hidden-print author-circle d-block h6 mt-0 mb-0 mr-6 text-center\" src=\"https:\/\/www.europesays.com\/pt\/wp-content\/uploads\/2025\/08\/amanda_s__feitoza-50475087.jpeg\" alt=\"\" width=\"40\" height=\"40\" loading=\"lazy\" style=\"object-fit:cover; width: 40px; height: 40px; margin-right:10px;\"\/><\/a>Amanda S. Feitoza  <strong class=\"entryStrongAuthor\"\/><\/p>\n<p class=\"entryDescricaoAuthor\">Jornalista formada pela UnB, com passagens pela Secretaria de Seguran\u00e7a P\u00fablica do DF, pelo Instituto Federal de Bras\u00edlia (IFB) e pela M\u00e1quina CW. Entusiasta nas \u00e1reas de cultura, educa\u00e7\u00e3o e redes sociais, integra a equipe do CB-Online.<\/p>\n<p>                          <script async src=\"https:\/\/platform.twitter.com\/widgets.js\" charset=\"utf-8\"><\/script><\/p>\n","protected":false},"excerpt":{"rendered":"Entre\u00a0quinta-feira (30\/10)\u00a0e 6 de novembro,\u00a0h\u00e1 chances de um\u00a0encontro raro entre a nave Europa Clipper, da Ag\u00eancia Espacial Norte-Americana&hellip;\n","protected":false},"author":2,"featured_media":125916,"comment_status":"","ping_status":"","sticky":false,"template":"","format":"standard","meta":{"footnotes":""},"categories":[84],"tags":[10496,443,15520,109,107,108,10495,29527,9867,32,33,105,103,104,106,110],"class_list":{"0":"post-130157","1":"post","2":"type-post","3":"status-publish","4":"format-standard","5":"has-post-thumbnail","7":"category-ciencia-e-tecnologia","8":"tag-3i-atlas","9":"tag-astronomia","10":"tag-chile","11":"tag-ciencia","12":"tag-ciencia-e-tecnologia","13":"tag-cienciaetecnologia","14":"tag-cometa","15":"tag-cometas","16":"tag-esa","17":"tag-portugal","18":"tag-pt","19":"tag-science","20":"tag-science-and-technology","21":"tag-scienceandtechnology","22":"tag-technology","23":"tag-tecnologia"},"share_on_mastodon":{"url":"https:\/\/pubeurope.com\/@pt\/115453137208024194","error":""},"_links":{"self":[{"href":"https:\/\/www.europesays.com\/pt\/wp-json\/wp\/v2\/posts\/130157","targetHints":{"allow":["GET"]}}],"collection":[{"href":"https:\/\/www.europesays.com\/pt\/wp-json\/wp\/v2\/posts"}],"about":[{"href":"https:\/\/www.europesays.com\/pt\/wp-json\/wp\/v2\/types\/post"}],"author":[{"embeddable":true,"href":"https:\/\/www.europesays.com\/pt\/wp-json\/wp\/v2\/users\/2"}],"replies":[{"embeddable":true,"href":"https:\/\/www.europesays.com\/pt\/wp-json\/wp\/v2\/comments?post=130157"}],"version-history":[{"count":0,"href":"https:\/\/www.europesays.com\/pt\/wp-json\/wp\/v2\/posts\/130157\/revisions"}],"wp:featuredmedia":[{"embeddable":true,"href":"https:\/\/www.europesays.com\/pt\/wp-json\/wp\/v2\/media\/125916"}],"wp:attachment":[{"href":"https:\/\/www.europesays.com\/pt\/wp-json\/wp\/v2\/media?parent=130157"}],"wp:term":[{"taxonomy":"category","embeddable":true,"href":"https:\/\/www.europesays.com\/pt\/wp-json\/wp\/v2\/categories?post=130157"},{"taxonomy":"post_tag","embeddable":true,"href":"https:\/\/www.europesays.com\/pt\/wp-json\/wp\/v2\/tags?post=130157"}],"curies":[{"name":"wp","href":"https:\/\/api.w.org\/{rel}","templated":true}]}}