{"id":130177,"date":"2025-10-28T18:25:08","date_gmt":"2025-10-28T18:25:08","guid":{"rendered":"https:\/\/www.europesays.com\/pt\/130177\/"},"modified":"2025-10-28T18:25:08","modified_gmt":"2025-10-28T18:25:08","slug":"hungria-prepara-alianca-na-ue-contra-a-ucrania","status":"publish","type":"post","link":"https:\/\/www.europesays.com\/pt\/130177\/","title":{"rendered":"Hungria prepara alian\u00e7a na UE contra a Ucr\u00e2nia"},"content":{"rendered":"<p>\t                Viktor Orb\u00e1n, primeiro-ministro da Hungria, quer formar uma nova alian\u00e7a na UE contra a Ucr\u00e2nia, \u00e0 semelhan\u00e7a do grupo &#8216;Visegrado 4&#8217; que, em 2015, bloqueou sucessivas pol\u00edticas migrat\u00f3rias europeias<\/p>\n<p>A Hungria prepara-se para formar uma alian\u00e7a com a Ch\u00e9quia\u00a0e a Eslov\u00e1quia contra a Ucr\u00e2nia dentro do Conselho Europeu, o que pode significar uma dor de cabe\u00e7a para Ant\u00f3nio Costa.<\/p>\n<p>Em declara\u00e7\u00f5es ao <a href=\"https:\/\/www.politico.eu\/article\/hungary-anti-ukraine-bloc-czechia-slovakia-viktor-orban-andrej-babis-robert-fico\/\" target=\"_blank\" rel=\"nofollow noopener\">POLITICO<\/a>, Bal\u00e1zs Orb\u00e1n, o principal conselheiro pol\u00edtico do primeiro-ministro h\u00fangaro, revela que essa alian\u00e7a est\u00e1 prestes a tornar-se realidade. \u201cE ser\u00e1 cada vez mais vis\u00edvel\u201d, garante, assinalando que Viktor Orb\u00e1n quer unir-se a Andrej Babi\u0161, cujo partido populista de direita venceu recentemente as legislativas na Ch\u00e9quia, e ao primeiro-ministro eslovaco, Robert Fico, para alinhar posi\u00e7\u00f5es antes das reuni\u00f5es dos l\u00edderes da Uni\u00e3o Europeia (UE).<\/p>\n<p>A ideia \u00e9 que esta alian\u00e7a comece a agir como um bloco no Conselho Europeu, presidido por Ant\u00f3nio Costa. Um pouco \u00e0 semelhan\u00e7a do que aconteceu durante a crise migrat\u00f3ria na UE, explica Bal\u00e1zs Orb\u00e1n, referindo-se ao chamado grupo &#8216;Visegrado 4&#8217;, formado por Hungria, Ch\u00e9quia, Eslov\u00e1quia e Pol\u00f3nia, que em 2015 bloqueou v\u00e1rias pol\u00edticas europeias de imigra\u00e7\u00e3o.<\/p>\n<p>\u201cFuncionou muito bem durante a crise migrat\u00f3ria. Foi assim que conseguimos resistir\u201d, sublinha o conselheiro de Viktor Orb\u00e1n.\u00a0<\/p>\n<p>O grupo acabou por dividir-se logo ap\u00f3s a invas\u00e3o russa da Ucr\u00e2nia, com a Pol\u00f3nia a assumir uma posi\u00e7\u00e3o mais agressiva contra a R\u00fassia, em oposi\u00e7\u00e3o aos restantes. Com Donald Tusk (assumidamente pr\u00f3-Ucr\u00e2nia) no poder em Vars\u00f3via, a nova vers\u00e3o da alian\u00e7a seria composta pelos l\u00edderes dos outros tr\u00eas pa\u00edses.\u00a0<\/p>\n<p>Esta \u201calian\u00e7a c\u00e9tica em rela\u00e7\u00e3o \u00e0 Ucr\u00e2nia\u201d, como a designa o POLITICO, n\u00e3o se circunscreve ao Conselho Europeu, sublinha Bal\u00e1zs Orb\u00e1n. A ideia \u00e9 que o Fidesz, (partido de Viktor Orb\u00e1n, que faz parte do Patriotas pela Europa na UE), possa expandir as suas alian\u00e7as no Parlamento Europeu, nomeadamente com o grupo dos Conservadores e Reformistas Europeus.<\/p>\n<p>\u201cPortanto, esta reconstru\u00e7\u00e3o [do Visegrado 4] est\u00e1 a acontecer. Temos a terceira maior fa\u00e7\u00e3o parlamentar europeia. Temos uma rede de think tanks, que est\u00e1 amplamente presente aqui [em Bruxelas], e que tamb\u00e9m tem uma vertente transatl\u00e2ntica. E estamos \u00e0 procura de parceiros, aliados em todos os temas\u201d, adianta o conselheiro de Orb\u00e1n.<\/p>\n","protected":false},"excerpt":{"rendered":"Viktor Orb\u00e1n, primeiro-ministro da Hungria, quer formar uma nova alian\u00e7a na UE contra a Ucr\u00e2nia, \u00e0 semelhan\u00e7a do&hellip;\n","protected":false},"author":2,"featured_media":130178,"comment_status":"","ping_status":"","sticky":false,"template":"","format":"standard","meta":{"footnotes":""},"categories":[50],"tags":[609,836,6953,611,27,28,607,608,333,832,604,135,610,476,15,16,301,830,889,14,1991,603,25,26,570,21,22,831,833,62,834,12,13,19,20,835,602,52,32,23,24,839,17,18,840,29,30,31,636,63,64,65],"class_list":{"0":"post-130177","1":"post","2":"type-post","3":"status-publish","4":"format-standard","5":"has-post-thumbnail","7":"category-mundo","8":"tag-alerta","9":"tag-analise","10":"tag-antonio-costa","11":"tag-ao-minuto","12":"tag-breaking-news","13":"tag-breakingnews","14":"tag-cnn","15":"tag-cnn-portugal","16":"tag-comentadores","17":"tag-costa","18":"tag-crime","19":"tag-desporto","20":"tag-direto","21":"tag-economia","22":"tag-featured-news","23":"tag-featurednews","24":"tag-governo","25":"tag-guerra","26":"tag-guerra-na-ucrania","27":"tag-headlines","28":"tag-hungria","29":"tag-justica","30":"tag-latest-news","31":"tag-latestnews","32":"tag-live","33":"tag-main-news","34":"tag-mainnews","35":"tag-mais-vistas","36":"tag-marcelo","37":"tag-mundo","38":"tag-negocios","39":"tag-news","40":"tag-noticias","41":"tag-noticias-principais","42":"tag-noticiasprincipais","43":"tag-opiniao","44":"tag-pais","45":"tag-politica","46":"tag-portugal","47":"tag-principais-noticias","48":"tag-principaisnoticias","49":"tag-russia","50":"tag-top-stories","51":"tag-topstories","52":"tag-ucrania","53":"tag-ultimas","54":"tag-ultimas-noticias","55":"tag-ultimasnoticias","56":"tag-uniao-europeia","57":"tag-world","58":"tag-world-news","59":"tag-worldnews"},"share_on_mastodon":{"url":"","error":"Validation failed: Text character limit of 500 exceeded"},"_links":{"self":[{"href":"https:\/\/www.europesays.com\/pt\/wp-json\/wp\/v2\/posts\/130177","targetHints":{"allow":["GET"]}}],"collection":[{"href":"https:\/\/www.europesays.com\/pt\/wp-json\/wp\/v2\/posts"}],"about":[{"href":"https:\/\/www.europesays.com\/pt\/wp-json\/wp\/v2\/types\/post"}],"author":[{"embeddable":true,"href":"https:\/\/www.europesays.com\/pt\/wp-json\/wp\/v2\/users\/2"}],"replies":[{"embeddable":true,"href":"https:\/\/www.europesays.com\/pt\/wp-json\/wp\/v2\/comments?post=130177"}],"version-history":[{"count":0,"href":"https:\/\/www.europesays.com\/pt\/wp-json\/wp\/v2\/posts\/130177\/revisions"}],"wp:featuredmedia":[{"embeddable":true,"href":"https:\/\/www.europesays.com\/pt\/wp-json\/wp\/v2\/media\/130178"}],"wp:attachment":[{"href":"https:\/\/www.europesays.com\/pt\/wp-json\/wp\/v2\/media?parent=130177"}],"wp:term":[{"taxonomy":"category","embeddable":true,"href":"https:\/\/www.europesays.com\/pt\/wp-json\/wp\/v2\/categories?post=130177"},{"taxonomy":"post_tag","embeddable":true,"href":"https:\/\/www.europesays.com\/pt\/wp-json\/wp\/v2\/tags?post=130177"}],"curies":[{"name":"wp","href":"https:\/\/api.w.org\/{rel}","templated":true}]}}