{"id":130195,"date":"2025-10-28T18:39:15","date_gmt":"2025-10-28T18:39:15","guid":{"rendered":"https:\/\/www.europesays.com\/pt\/130195\/"},"modified":"2025-10-28T18:39:15","modified_gmt":"2025-10-28T18:39:15","slug":"alemaes-tem-medo-de-andar-na-rua-a-noite","status":"publish","type":"post","link":"https:\/\/www.europesays.com\/pt\/130195\/","title":{"rendered":"alem\u00e3es t\u00eam &#8220;medo&#8221; de andar na rua \u00e0 noite"},"content":{"rendered":"<p class=\"wp-caption-text top\"><a href=\"https:\/\/commons.wikimedia.org\/wiki\/File:Reeperbahn_-_June_2008.JPG\" rel=\"nofollow external noopener noreferrer\" data-wpel-link=\"external\" target=\"_blank\" class=\"ext-link\">Kopa \/ Wikimedia<\/a><\/p>\n<p><img decoding=\"async\" loading=\"lazy\" class=\"wp-image-708295 size-kopa-image-size-3\" src=\"https:\/\/www.europesays.com\/pt\/wp-content\/uploads\/2025\/10\/403a217645801bad78972911e541bd6c-783x450.jpg\" alt=\"\" width=\"700\" height=\"402\"  \/><\/p>\n<p><strong>L\u00edder do Partido Verde v\u00ea \u201cespa\u00e7os de medo\u201d em alguns locais na Alemanha, onde h\u00e1 \u201cfascistas e adeptos de futebol\u201d.<\/strong><\/p>\n<p>A <strong>Alemanha<\/strong> de 2025 tem \u201cespa\u00e7os de <strong>medo\u201d<\/strong> em alguns locais do pa\u00eds.<\/p>\n<p>Isto porque h\u00e1 <strong>\u201cfascistas<\/strong> a vadiar nas esta\u00e7\u00f5es de comboio das pequenas cidades e <strong>adeptos de futebol<\/strong> completamente b\u00eabados e barulhentos nos comboios\u201d.<\/p>\n<p>E h\u00e1 ainda <strong>\u201cgrupos criminosos,<\/strong> incluindo os que s\u00e3o formados por fam\u00edlias de migrantes, que roubam pessoas ou assediam mulheres \u00e0s sextas-feiras \u00e0 noite\u201d.<\/p>\n<p>Os alertas foram dados pelo l\u00edder do Partido Verde, Felix Banaszak, que se focou nos assuntos seguran\u00e7a e migra\u00e7\u00e3o.<\/p>\n<p>Para Felix Banaszak, nesses \u201cespa\u00e7os de medo\u201d, muitas pessoas <strong>nem se atrevem a sair \u00e0 rua \u00e0 noite<\/strong> \u2013 por causa das amea\u00e7as que referiu.<\/p>\n<p>O deputado n\u00e3o hesita: parte da realidade na Alemanha actual passa por pessoas a serem v\u00edtimas de <strong>racismo,<\/strong> \u201cindependentemente de quantos empregos ou diplomas universit\u00e1rios tenham\u201d, cita o <a href=\"https:\/\/www.handelsblatt.com\/politik\/deutschland\/stadtbild-debatte-gruenen-chef-sieht-angstraeume-und-kritisiert-merz\/100168272.html\" data-wpel-link=\"external\" target=\"_blank\" rel=\"nofollow external noopener noreferrer\" class=\"ext-link\">Handelsblatt<\/a>.<\/p>\n<p>Felix considera que o chanceler <strong>Friedrich Merz<\/strong> (CDU) n\u00e3o tem reagido a estes temas como deveria.<\/p>\n<p>Merz disse, h\u00e1 cerca de duas semanas, que o Governo de Berlim est\u00e1 a corrigir as falhas do passado na pol\u00edtica de imigra\u00e7\u00e3o, que est\u00e1 a progredir. Mas acrescentou: \u201c\u00c9 claro que ainda temos este problema na nossa <strong>paisagem urbana,<\/strong> e \u00e9 por isso que o Ministro Federal do Interior est\u00e1 agora tamb\u00e9m no processo de viabilizar e realizar retornos em grande escala\u201d.<\/p>\n<p>S\u00e3o <strong>\u201cconversas de caf\u00e9\u201d<\/strong>, acha Felix Banaszak. O deputado alega que h\u00e1 quem externalize o trabalho de integra\u00e7\u00e3o para volunt\u00e1rios, subfinancie cronicamente abrigos para mulheres e negligencie as infraestruturas p\u00fablicas. Todos eles n\u00e3o devem esquivar-se \u00e0 sua responsabilidade com \u201cconversas de caf\u00e9\u201d, apontou.<\/p>\n<p>Todas estas quest\u00f5es devem ser discutidas de forma honesta e inequ\u00edvoca, exige o l\u00edder do Partido Verde.<\/p>\n<p>    <a href=\"https:\/\/zap.aeiou.pt\/subscrever-newsletter\" data-wpel-link=\"internal\" rel=\"nofollow noopener\" target=\"_blank\">&#13;<br \/>\n        <img loading=\"lazy\" decoding=\"async\" class=\"aligncenter size-full wp-image-575475\" src=\"https:\/\/www.europesays.com\/pt\/wp-content\/uploads\/2025\/10\/1759862234_971_2d51fe4a0ba54894421ead1809309ed9-1-450x140.jpg\" alt=\"Subscreva a Newsletter ZAP\" width=\"450\" height=\"140\"\/>&#13;<br \/>\n    <\/a><\/p>\n<p>                <a href=\"https:\/\/whatsapp.com\/channel\/0029VaIC4EE2f3EJZPPSbR34\" data-wpel-link=\"external\" target=\"_blank\" rel=\"nofollow external noopener noreferrer\" class=\"ext-link\">&#13;<br \/>\n                    <img loading=\"lazy\" decoding=\"async\" class=\"aligncenter size-full wp-image-575475\" src=\"https:\/\/www.europesays.com\/pt\/wp-content\/uploads\/2025\/10\/1759862234_512_c68c559d956d4ca20f435ed74a6e71e6.png\" alt=\"Siga-nos no WhatsApp\" width=\"175\" height=\"64\"\/>&#13;<br \/>\n                <\/a><\/p>\n<p>                <a href=\"https:\/\/news.google.com\/publications\/CAAiEHRwZondIV71PDjWNoqMduEqFAgKIhB0cGaJ3SFe9Tw41jaKjHbh?hl=en-US&amp;gl=US&amp;ceid=US%3Aen\" data-wpel-link=\"external\" target=\"_blank\" rel=\"nofollow external noopener noreferrer\" class=\"ext-link\">&#13;<br \/>\n                    <img loading=\"lazy\" decoding=\"async\" class=\"aligncenter size-full wp-image-575475\" src=\"https:\/\/www.europesays.com\/pt\/wp-content\/uploads\/2025\/10\/1759862235_242_5123dd8b087b644fdb8f8603acd1bad4.png\" alt=\"Siga-nos no Google News\" width=\"176\" height=\"64\"\/>&#13;<br \/>\n                <\/a><\/p>\n","protected":false},"excerpt":{"rendered":"Kopa \/ Wikimedia L\u00edder do Partido Verde v\u00ea \u201cespa\u00e7os de medo\u201d em alguns locais na Alemanha, onde h\u00e1&hellip;\n","protected":false},"author":2,"featured_media":130196,"comment_status":"","ping_status":"","sticky":false,"template":"","format":"standard","meta":{"footnotes":""},"categories":[50],"tags":[1305,27,28,15,16,14,1481,25,26,21,22,62,12,13,19,20,4007,23,24,1717,17,18,29,30,31,63,64,65],"class_list":{"0":"post-130195","1":"post","2":"type-post","3":"status-publish","4":"format-standard","5":"has-post-thumbnail","7":"category-mundo","8":"tag-alemanha","9":"tag-breaking-news","10":"tag-breakingnews","11":"tag-featured-news","12":"tag-featurednews","13":"tag-headlines","14":"tag-imigracao","15":"tag-latest-news","16":"tag-latestnews","17":"tag-main-news","18":"tag-mainnews","19":"tag-mundo","20":"tag-news","21":"tag-noticias","22":"tag-noticias-principais","23":"tag-noticiasprincipais","24":"tag-politica-internacional","25":"tag-principais-noticias","26":"tag-principaisnoticias","27":"tag-seguranca","28":"tag-top-stories","29":"tag-topstories","30":"tag-ultimas","31":"tag-ultimas-noticias","32":"tag-ultimasnoticias","33":"tag-world","34":"tag-world-news","35":"tag-worldnews"},"share_on_mastodon":{"url":"https:\/\/pubeurope.com\/@pt\/115453255221632366","error":""},"_links":{"self":[{"href":"https:\/\/www.europesays.com\/pt\/wp-json\/wp\/v2\/posts\/130195","targetHints":{"allow":["GET"]}}],"collection":[{"href":"https:\/\/www.europesays.com\/pt\/wp-json\/wp\/v2\/posts"}],"about":[{"href":"https:\/\/www.europesays.com\/pt\/wp-json\/wp\/v2\/types\/post"}],"author":[{"embeddable":true,"href":"https:\/\/www.europesays.com\/pt\/wp-json\/wp\/v2\/users\/2"}],"replies":[{"embeddable":true,"href":"https:\/\/www.europesays.com\/pt\/wp-json\/wp\/v2\/comments?post=130195"}],"version-history":[{"count":0,"href":"https:\/\/www.europesays.com\/pt\/wp-json\/wp\/v2\/posts\/130195\/revisions"}],"wp:featuredmedia":[{"embeddable":true,"href":"https:\/\/www.europesays.com\/pt\/wp-json\/wp\/v2\/media\/130196"}],"wp:attachment":[{"href":"https:\/\/www.europesays.com\/pt\/wp-json\/wp\/v2\/media?parent=130195"}],"wp:term":[{"taxonomy":"category","embeddable":true,"href":"https:\/\/www.europesays.com\/pt\/wp-json\/wp\/v2\/categories?post=130195"},{"taxonomy":"post_tag","embeddable":true,"href":"https:\/\/www.europesays.com\/pt\/wp-json\/wp\/v2\/tags?post=130195"}],"curies":[{"name":"wp","href":"https:\/\/api.w.org\/{rel}","templated":true}]}}