{"id":130224,"date":"2025-10-28T19:03:13","date_gmt":"2025-10-28T19:03:13","guid":{"rendered":"https:\/\/www.europesays.com\/pt\/130224\/"},"modified":"2025-10-28T19:03:13","modified_gmt":"2025-10-28T19:03:13","slug":"vacinas-de-mrna-contra-a-covid-19-podem-estimular-o-sistema-imunologico-e-aumentar-a-sobrevida-de-pacientes-com-cancer","status":"publish","type":"post","link":"https:\/\/www.europesays.com\/pt\/130224\/","title":{"rendered":"Vacinas de mRNA contra a covid-19 podem estimular o sistema imunol\u00f3gico e aumentar a sobrevida de pacientes com c\u00e2ncer"},"content":{"rendered":"<p><img fetchpriority=\"high\" decoding=\"async\" class=\"w-fit lg:w-full\" loading=\"eager\" src=\"https:\/\/www.europesays.com\/pt\/wp-content\/uploads\/2025\/10\/5512142_55fe4b69a1ce241.jpg\" title=\"Tar \/ stock.adobe.com\" alt=\"Tar \/ stock.adobe.com\" width=\"700\" height=\"477\"\/>Imunizantes contra covid-19 atuam como moduladores do sistema imunol\u00f3gico, capazes de tornar os tumores mais sens\u00edveis \u00e0 imunoterapia.Tar \/ stock.adobe.com<\/p>\n<p>As <strong>vacinas de RNA mensageiro (mRNA) contra a covid-19<\/strong> podem ajudar a estimular o sistema imunol\u00f3gico a combater melhor o c\u00e2ncer e <strong>aumentar a sobrevida dos pacientes oncol\u00f3gicos<\/strong>. \u00c9 o que aponta um estudo <a href=\"https:\/\/www.nature.com\/articles\/s41586-025-09655-y\" rel=\"nofollow noopener\" target=\"_blank\"><strong>publicado na revista Nature<\/strong><\/a> e apresentado no Congresso Europeu de Oncologia, na Alemanha.\u00a0<\/p>\n<p>Os cientistas envolvidos em pesquisas para desenvolver vacinas para tumores descobriram que o <a href=\"https:\/\/gauchazh.clicrbs.com.br\/saude\/noticia\/2021\/04\/entenda-como-funciona-a-tecnologia-de-rna-mensageiro-e-por-que-ela-e-considerada-o-futuro-das-vacinas-cknqk1chz008w0198t2pw9atx.html\" rel=\"nofollow noopener\" target=\"_blank\"><strong>mRNA pode treinar o sistema imune para dest<\/strong><\/a><a href=\"https:\/\/gauchazh.clicrbs.com.br\/saude\/noticia\/2021\/04\/entenda-como-funciona-a-tecnologia-de-rna-mensageiro-e-por-que-ela-e-considerada-o-futuro-das-vacinas-cknqk1chz008w0198t2pw9atx.html\" rel=\"nofollow noopener\" target=\"_blank\"><strong>rui-los<\/strong><\/a>, mesmo que o mRNA n\u00e3o esteja relacionado ao c\u00e2ncer. Assim, levantaram a hip\u00f3tese de que as vacinas de mRNA contra covid, como da Pfizer\/BioNTech e da Moderna, poderiam ter <strong>efeitos antitumorais<\/strong>.<\/p>\n<p>Os norte-americanos e australianos analisaram os resultados cl\u00ednicos de cerca de <strong>mil pacientes com melanoma e c\u00e2ncer de pulm\u00e3o<\/strong> em est\u00e1gio avan\u00e7ado, tratados com um tipo de <a href=\"https:\/\/gauchazh.clicrbs.com.br\/colunistas\/juliana-bublitz\/noticia\/2022\/08\/pesquisa-no-rs-ira-desenvolver-primeiros-imunoterapicos-contra-o-cancer-para-uso-no-sus-cl6v0ncfd004x017phq9hxh6u.html\" rel=\"nofollow noopener\" target=\"_blank\"><strong>imunoterapia<\/strong><\/a> chamado inibidores de ponto de controle imune \u2013 abordagem comum utilizada para treinar o sistema imune a <strong>atacar o c\u00e2ncer<\/strong>.\u00a0<\/p>\n<p>Os inibidores (anti-PD-L1) bloqueiam uma prote\u00edna (PD-L1) produzida pelas c\u00e9lulas tumorais que desativa as c\u00e9lulas imunes \u2013 com isso, permitem que o sistema imunol\u00f3gico fa\u00e7a seu trabalho.<\/p>\n<p>As vacinas de mRNA contra covid-19 atuam como<strong> moduladores do sistema imunol\u00f3gico<\/strong>, capazes de tornar os tumores mais sens\u00edveis \u00e0 imunoterapia, segundo o estudo dos pesquisadores vinculados ao MD Anderson Cancer Center e \u00e0 Universidade da Fl\u00f3rida.<\/p>\n<p>O efeito resultou em melhorias em pacientes que receberam a vacina dentro de <strong>cem dias<\/strong> ap\u00f3s o in\u00edcio da imunoterapia: <a href=\"https:\/\/gauchazh.clicrbs.com.br\/saude\/noticia\/2023\/02\/sem-sintomas-aparentes-cancer-de-pulmao-pode-ser-descoberto-apenas-em-estagios-avancados-cleirjd440073017l6mdkwe9w.html\" rel=\"nofollow noopener\" target=\"_blank\"><strong>no caso do c\u00e2ncer de pulm\u00e3o<\/strong><\/a> de c\u00e9lulas n\u00e3o pequenas, a <strong>sobrevida mediana aumentou<\/strong> de 20,6 meses para 37,3 meses, e a chance de o paciente estar vivo em tr\u00eas anos foi de <strong>55,7% para os vacinados<\/strong>, enquanto para n\u00e3o vacinados foi 30,8%.<\/p>\n<p>No<a href=\"https:\/\/gauchazh.clicrbs.com.br\/saude\/noticia\/2024\/12\/sempre-fico-atenta-para-ver-se-tem-algo-diferente-quando-uma-pinta-e-sinal-de-alerta-para-o-cancer-de-pele-cm4alkeiq00vj015qnwe58i8z.html\" rel=\"nofollow noopener\" target=\"_blank\"><strong> melanoma metast\u00e1tico<\/strong><\/a>, a sobrevida mediana foi de 26,6 meses para pacientes que n\u00e3o receberam a vacina. O dado em rela\u00e7\u00e3o aos vacinados n\u00e3o est\u00e1 dispon\u00edvel, pois n\u00e3o foi atingido ainda \u2013 segue em acompanhamento. A chance de estar vivo em tr\u00eas anos subiu para <strong>67,6%<\/strong>, em compara\u00e7\u00e3o a 44,1% dos n\u00e3o vacinados.<\/p>\n<p>\u2014 Os <strong>n\u00fameros s\u00e3o muito eloquentes<\/strong>, muito robustos \u2014 avalia Stephen Stefani, oncologista do grupo OncoCl\u00ednicas RS.<\/p>\n<p><strong>Como funciona<\/strong><\/p>\n<p>O c\u00e2ncer cresce a partir do mecanismo utilizado pelas c\u00e9lulas tumorais para se <strong>camuflar do sistema imunol\u00f3gico<\/strong>, explica Stefani. H\u00e1 alguns anos, identificou-se que desligar essa \u201ccapa de invisibilidade\u201d da c\u00e9lula tumoral tem um efeito importante no progn\u00f3stico dos pacientes.<\/p>\n<p>As vacinas de mRNA contra a covid-19 <strong>agem como um alarme<\/strong>, que aciona o sistema imunol\u00f3gico para superar a capacidade do c\u00e2ncer de desativar as c\u00e9lulas imunes, reconhecendo e matando as c\u00e9lulas tumorais, conforme os pesquisadores afirmam em um <a href=\"https:\/\/theconversation.com\/vacinas-de-mrna-contra-a-covid-19-podem-deflagrar-a-proxima-revolucao-no-tratamento-do-cancer-268270\" rel=\"nofollow noopener\" target=\"_blank\"><strong>artigo publicado no <\/strong><strong>The Conversation<\/strong><\/a>.\u00a0<\/p>\n<p>Os imunizantes conseguem:\u00a0<\/p>\n<ul>\n<li class=\"unordered-list-item\">ativar uma <strong>forte resposta<\/strong> de interferon 1, que desperta c\u00e9lulas imunes<\/li>\n<li class=\"unordered-list-item\"><strong>amplificar a express\u00e3o da prote\u00edna PD-L1<\/strong>, criando um novo alvo\u00a0<\/li>\n<li class=\"unordered-list-item\"><strong>otimizar a forma de desligar esse mecanismo<\/strong>, o que faz com que as imunoterapias mais modernas tenham resultados significativos<\/li>\n<\/ul>\n<p>\u2014 Os pacientes vivem mais e melhor. Quando isso acontece em oncologia, n\u00f3s temos de olhar com muita aten\u00e7\u00e3o, e festejar, porque nem todos os medicamentos que prometem respostas conseguem entregar esse tipo de desfecho cl\u00ednico \u2014 ressalta Stefani.<\/p>\n<p>A imunoterapia com inibidores de pontos de controle imune revolucionou o tratamento do c\u00e2ncer na \u00faltima d\u00e9cada ao proporcionar a cura para pacientes que antes eram considerados incur\u00e1veis, conforme os pesquisadores. Por\u00e9m, \u00e9 ineficaz em pacientes com tumores &#8220;frios&#8221;, que ainda conseguem escapar da detec\u00e7\u00e3o do sistema imune \u2013 o que parece mudar com a vacina.<\/p>\n<p>\u201cNossas descobertas sugerem que as vacinas de mRNA podem fornecer exatamente o est\u00edmulo de que o sistema imune precisa para transformar esses tumores \u2018frios\u2019 em \u2018quentes\u2019. Se validada em nosso <strong>pr\u00f3ximo ensaio cl\u00ednico<\/strong>, nossa esperan\u00e7a \u00e9 de que essa interven\u00e7\u00e3o amplamente dispon\u00edvel e de baixo custo possa estender os benef\u00edcios da imunoterapia a milh\u00f5es de pacientes\u201d, afirmam no texto do <strong>The Conversation<\/strong>.<\/p>\n<p><strong>Pr\u00f3xima revolu\u00e7\u00e3o no tratamento?<\/strong><\/p>\n<p>Para os autores do artigo, a descoberta pode ser a pr\u00f3xima revolu\u00e7\u00e3o para tratar o c\u00e2ncer. Cientistas v\u00eam se dedicando a criar <a href=\"https:\/\/gauchazh.clicrbs.com.br\/saude\/noticia\/2024\/12\/entenda-o-que-e-a-vacina-contra-o-cancer-com-rna-mensageiro-aposta-da-russia-para-combater-a-doenca-cm4vs6tbq002z01d4zwiclial.html\" rel=\"nofollow noopener\" target=\"_blank\"><strong>vacinas de mRNA personalizadas para pacientes<\/strong><\/a> com c\u00e2ncer, algo ainda caro e dif\u00edcil.\u00a0<\/p>\n<p>As vacinas contra a covid-19, por outro lado, n\u00e3o precisam ser personalizadas, j\u00e1 est\u00e3o dispon\u00edveis e podem ser <strong>administradas a qualquer momento<\/strong> durante o tratamento do paciente. Ao aproveitar a dose de uma nova maneira<\/p>\n<p>A not\u00edcia \u00e9 positiva pois tamb\u00e9m refuta a <a href=\"https:\/\/gauchazh.clicrbs.com.br\/saude\/noticia\/2021\/03\/vacina-vence-medo-e-desconfianca-em-comunidades-de-porto-alegre-ckm6tjtxf009y019889rpgz13.html\" rel=\"nofollow noopener\" target=\"_blank\"><strong>desconfian\u00e7a de uma gama de pessoas<\/strong><\/a> de que as vacinas possam causar c\u00e2ncer, uma cren\u00e7a que n\u00e3o tem \u201cfundamento nenhum\u201d.<\/p>\n<p>\u2014 Ao contr\u00e1rio, elas n\u00e3o s\u00f3 inauguraram uma plataforma de investiga\u00e7\u00e3o que ajudou muito a oncologia, como t\u00eam uma chance grande daquele paciente, que tem o sistema imunol\u00f3gico treinado por ela, ter respostas melhores \u00e0 imunoterapia contra doen\u00e7a oncol\u00f3gica. Ent\u00e3o, isso nos d\u00e1 n\u00e3o s\u00f3 entusiasmo, como tranquilidade para aquelas pessoas que ainda desconfiavam da seguran\u00e7a das vacinas. Foram seguras, salvaram vidas e continuam <strong>melhorando o resultado de outras doen\u00e7as<\/strong> \u2014 salienta Stefani.<\/p>\n<p><strong>Empolga\u00e7\u00e3o com cautela<\/strong><\/p>\n<p>A descoberta merece aten\u00e7\u00e3o, mas <strong>alguns fatores ainda precisam ser melhor compreendidos<\/strong>. Por esse motivo, \u00e9 preciso analisar os resultados com cautela, cr\u00edtica e aguardar novas evid\u00eancias, com <strong>acompanhamento a longo prazo<\/strong>. Mesmo assim, com os resultados e o n\u00edvel da publica\u00e7\u00e3o, \u00e9 seguro afirmar que estamos em uma dire\u00e7\u00e3o promissora, diz Stefani.<\/p>\n<p>A vacina\u00e7\u00e3o poder\u00e1 ser um coadjuvante importante no combate \u00e0 doen\u00e7a. Al\u00e9m disso, surgem possibilidades para <a href=\"https:\/\/gauchazh.clicrbs.com.br\/saude\/noticia\/2025\/09\/maior-e-a-chance-de-cura-especialistas-destacam-importancia-do-diagnostico-precoce-e-da-vacinacao-contra-cancer-e-hpv-cmfd436nd00v00120hq4p778q.html\" rel=\"nofollow noopener\" target=\"_blank\"><strong>otimizar tratamentos<\/strong><\/a> j\u00e1 dispon\u00edveis e tentar desviar os mecanismos de defesa das c\u00e9lulas tumorais.<\/p>\n<p>\u2014 Existe uma possibilidade real de, primeiro,<strong> abrir portas para novas investiga\u00e7\u00f5es<\/strong>, evidentemente, e de se passar a recomendar aos pacientes que fa\u00e7am vacina\u00e7\u00e3o, principalmente se v\u00e3o ser submetidos \u00e0 imunoterapia \u2014 refor\u00e7a, destacando que isso j\u00e1 deve ocorrer por parte das sociedades m\u00e9dicas nos pr\u00f3ximos meses.<\/p>\n<p>O pr\u00f3ximo passo dos pesquisadores \u00e9 realizar um <strong>novo estudo cl\u00ednico<\/strong>, prospectivo (que acompanha os pacientes a longo prazo) e randomizado, aprofundando-se al\u00e9m do dado cl\u00ednico coletado de pacientes vacinados.<\/p>\n<p>A <strong>estrat\u00e9gia de tratamento ser\u00e1 testada em pacientes com c\u00e2ncer de pulm\u00e3o<\/strong>. As pessoas que recebem um inibidor de ponto de controle imune ser\u00e3o selecionadas para receber ou n\u00e3o a vacina durante o tratamento. O estudo dir\u00e1 se os imunizantes devem ser inclu\u00eddos como parte do tratamento padr\u00e3o para pacientes que recebem um inibidor de ponto de controle imune.<\/p>\n","protected":false},"excerpt":{"rendered":"Imunizantes contra covid-19 atuam como moduladores do sistema imunol\u00f3gico, capazes de tornar os tumores mais sens\u00edveis \u00e0 imunoterapia.Tar&hellip;\n","protected":false},"author":2,"featured_media":130225,"comment_status":"","ping_status":"","sticky":false,"template":"","format":"standard","meta":{"footnotes":""},"categories":[86],"tags":[1776,116,32,33,117,1333],"class_list":{"0":"post-130224","1":"post","2":"type-post","3":"status-publish","4":"format-standard","5":"has-post-thumbnail","7":"category-saude","8":"tag-cancer","9":"tag-health","10":"tag-portugal","11":"tag-pt","12":"tag-saude","13":"tag-vacina"},"share_on_mastodon":{"url":"https:\/\/pubeurope.com\/@pt\/115453349511309249","error":""},"_links":{"self":[{"href":"https:\/\/www.europesays.com\/pt\/wp-json\/wp\/v2\/posts\/130224","targetHints":{"allow":["GET"]}}],"collection":[{"href":"https:\/\/www.europesays.com\/pt\/wp-json\/wp\/v2\/posts"}],"about":[{"href":"https:\/\/www.europesays.com\/pt\/wp-json\/wp\/v2\/types\/post"}],"author":[{"embeddable":true,"href":"https:\/\/www.europesays.com\/pt\/wp-json\/wp\/v2\/users\/2"}],"replies":[{"embeddable":true,"href":"https:\/\/www.europesays.com\/pt\/wp-json\/wp\/v2\/comments?post=130224"}],"version-history":[{"count":0,"href":"https:\/\/www.europesays.com\/pt\/wp-json\/wp\/v2\/posts\/130224\/revisions"}],"wp:featuredmedia":[{"embeddable":true,"href":"https:\/\/www.europesays.com\/pt\/wp-json\/wp\/v2\/media\/130225"}],"wp:attachment":[{"href":"https:\/\/www.europesays.com\/pt\/wp-json\/wp\/v2\/media?parent=130224"}],"wp:term":[{"taxonomy":"category","embeddable":true,"href":"https:\/\/www.europesays.com\/pt\/wp-json\/wp\/v2\/categories?post=130224"},{"taxonomy":"post_tag","embeddable":true,"href":"https:\/\/www.europesays.com\/pt\/wp-json\/wp\/v2\/tags?post=130224"}],"curies":[{"name":"wp","href":"https:\/\/api.w.org\/{rel}","templated":true}]}}