{"id":130230,"date":"2025-10-28T19:07:08","date_gmt":"2025-10-28T19:07:08","guid":{"rendered":"https:\/\/www.europesays.com\/pt\/130230\/"},"modified":"2025-10-28T19:07:08","modified_gmt":"2025-10-28T19:07:08","slug":"netanyahu-anuncia-ataques-poderosos-em-gaza-israel","status":"publish","type":"post","link":"https:\/\/www.europesays.com\/pt\/130230\/","title":{"rendered":"Netanyahu anuncia \u201cataques poderosos\u201d em Gaza | Israel"},"content":{"rendered":"<p>O primeiro-ministro de Israel, Benjamin Netanyahu, afirmou nesta ter\u00e7a-feira ter ordenado \u201cataques poderosos\u201d na Faixa de Gaza, acusando o movimento islamista Hamas de quebrar o cessar-fogo.<\/p>\n<p>Testemunhas relataram entretanto v\u00e1rios ataques a\u00e9reos na Cidade de Gaza, com um m\u00edssil a cair atr\u00e1s do Hospital Al-Shifa, perto de um dos edif\u00edcios principais que foi recuperado e que estava a funcionar de novo.<\/p>\n<p>O ataque, diz o jornalista da Al Jazeera Hani Mahmoud, causou p\u00e2nico entre pacientes do hospital \u2013 o rep\u00f3rter disse estar numa zona a cerca de 20 minutos de dist\u00e2ncia e ouviu a explos\u00e3o.<\/p>\n<p>O di\u00e1rio Haaretz diz que al\u00e9m desse ataque, a artilharia israelita ter\u00e1 atingido alvos em Deir al-Balah e Nuseirat, no centro do territ\u00f3rio.<\/p>\n<p>A defesa civil disse que morreram pelo menos duas pessoas e quatro ficaram feridas em ataques num bairro na parte Sul da Cidade de Gaza.<\/p>\n<p>Os ataques seguiram-se a um dia em que, segundo o Haaretz, o Hamas disparou tiros e um m\u00edssil antitanque contra militares israelitas que realizavam opera\u00e7\u00f5es de engenharia perto da cidade de Rafah, no Sul da Faixa de Gaza. O Ex\u00e9rcito ter\u00e1 respondido com disparos de artilharia.<\/p>\n<p>Esta <a href=\"https:\/\/www.publico.pt\/2025\/10\/19\/mundo\/noticia\/dia-acordo-cessarfogo-gaza-tremeu-2151402\" rel=\"nofollow noopener\" target=\"_blank\">n\u00e3o ser\u00e1 a primeira vez<\/a> em que acontece um incidente do g\u00e9nero. No dia 19 de Outubro houve uma troca de disparos no terreno (n\u00e3o era claro se um ataque premeditado do Hamas, se combatentes a tentar sair de um local em que ficaram encurralados do lado ainda ocupado por Israel depois do cessar-fogo). Israel realizou depois ataques a\u00e9reos sobre o territ\u00f3rio, com os EUA a pressionar para uma resposta limitada.<\/p>\n<p>No entanto, esta ter\u00e7a-feira o Hamas tamb\u00e9m entregou a Israel restos mortais do que disse ser um outro ref\u00e9m israelita, mas afinal tratava-se de partes de um corpo j\u00e1 antes recuperado.<\/p>\n<p>Israel divulgou uma filmagem de um drone que parecia mostrar um corpo retirado de um edif\u00edcio em Gaza e levado para uma campa e coberto com terra, com membros do Hamas a chamarem depois elementos da Cruz Vermelha e a levarem a cabo uma exuma\u00e7\u00e3o: Israel acusa o movimento islamista de adiar a devolu\u00e7\u00e3o de corpos de ref\u00e9ns propositadamente.<\/p>\n<p>\u00c9 uma acusa\u00e7\u00e3o de Israel desde o in\u00edcio do cessar-fogo mas, at\u00e9 agora pelo menos, a Administra\u00e7\u00e3o Trump fazia uma avalia\u00e7\u00e3o diferente, de que o movimento precisava de tempo e equipamento para localizar e retirar de escombros os corpos de ref\u00e9ns mortos.<\/p>\n<p>Tem sido uma forte press\u00e3o dos EUA a impedir Israel de recome\u00e7ar os ataques contra a Faixa de Gaza. Se da \u00faltima vez esta press\u00e3o foi suficiente para os ataques n\u00e3o significarem o fim do acordo de cessar-fogo, \u201cos ataques que Netanyahu ordenou poder\u00e3o acabar com ele\u201d, avisou o jornalista do site Axios Barak Ravid.<\/p>\n<p>O Hamas acusou, pelo seu lado, Israel de \u201cforjar falsos pretextos falsos para lan\u00e7ar novas ac\u00e7\u00f5es agressivas\u201d.<\/p>\n<p>A relatora especial da ONU para os territ\u00f3rios palestinianos ocupados, <a href=\"https:\/\/www.publico.pt\/2024\/10\/02\/mundo\/noticia\/pessoas-estao-querem-acreditar-nao-acreditar-veem-gaza-2106346\" rel=\"nofollow noopener\" target=\"_blank\">Francesca Albanese<\/a>, disse pelo seu lado que Israel levou a cabo pelo menos 125 viola\u00e7\u00f5es do cessar-fogo, matou pelo menos 100 pessoas, e deixou 350 feridas desde que o <a href=\"https:\/\/www.publico.pt\/2025\/10\/10\/mundo\/noticia\/israel-retira-linha-acordada-faixa-gaza-cessarfogo-vigor-2150338\" target=\"_blank\" rel=\"nofollow noopener\">cessar-fogo entrou em vigor<\/a>, no dia 10 de Outubro.<\/p>\n<p>H\u00e1 ainda relatos nos media israelitas de uma ideia de Israel tomar o controlo de mais territ\u00f3rio da Faixa de Gaza, mais do que os 58% que ainda ocupam, nos termos do acordo de cessar-fogo. A emissora p\u00fablica Kan dizia que estava a haver contactos com a Administra\u00e7\u00e3o dos EUA sobre esta possibilidade.<\/p>\n","protected":false},"excerpt":{"rendered":"O primeiro-ministro de Israel, Benjamin Netanyahu, afirmou nesta ter\u00e7a-feira ter ordenado \u201cataques poderosos\u201d na Faixa de Gaza, acusando&hellip;\n","protected":false},"author":2,"featured_media":130231,"comment_status":"","ping_status":"","sticky":false,"template":"","format":"standard","meta":{"footnotes":""},"categories":[50],"tags":[258,27,28,257,15,16,14,259,25,26,21,22,432,62,12,13,19,20,23,24,17,18,29,30,31,63,64,65],"class_list":{"0":"post-130230","1":"post","2":"type-post","3":"status-publish","4":"format-standard","5":"has-post-thumbnail","7":"category-mundo","8":"tag-benjamin-netanyahu","9":"tag-breaking-news","10":"tag-breakingnews","11":"tag-faixa-de-gaza","12":"tag-featured-news","13":"tag-featurednews","14":"tag-headlines","15":"tag-israel","16":"tag-latest-news","17":"tag-latestnews","18":"tag-main-news","19":"tag-mainnews","20":"tag-medio-oriente","21":"tag-mundo","22":"tag-news","23":"tag-noticias","24":"tag-noticias-principais","25":"tag-noticiasprincipais","26":"tag-principais-noticias","27":"tag-principaisnoticias","28":"tag-top-stories","29":"tag-topstories","30":"tag-ultimas","31":"tag-ultimas-noticias","32":"tag-ultimasnoticias","33":"tag-world","34":"tag-world-news","35":"tag-worldnews"},"share_on_mastodon":{"url":"https:\/\/pubeurope.com\/@pt\/115453365014696961","error":""},"_links":{"self":[{"href":"https:\/\/www.europesays.com\/pt\/wp-json\/wp\/v2\/posts\/130230","targetHints":{"allow":["GET"]}}],"collection":[{"href":"https:\/\/www.europesays.com\/pt\/wp-json\/wp\/v2\/posts"}],"about":[{"href":"https:\/\/www.europesays.com\/pt\/wp-json\/wp\/v2\/types\/post"}],"author":[{"embeddable":true,"href":"https:\/\/www.europesays.com\/pt\/wp-json\/wp\/v2\/users\/2"}],"replies":[{"embeddable":true,"href":"https:\/\/www.europesays.com\/pt\/wp-json\/wp\/v2\/comments?post=130230"}],"version-history":[{"count":0,"href":"https:\/\/www.europesays.com\/pt\/wp-json\/wp\/v2\/posts\/130230\/revisions"}],"wp:featuredmedia":[{"embeddable":true,"href":"https:\/\/www.europesays.com\/pt\/wp-json\/wp\/v2\/media\/130231"}],"wp:attachment":[{"href":"https:\/\/www.europesays.com\/pt\/wp-json\/wp\/v2\/media?parent=130230"}],"wp:term":[{"taxonomy":"category","embeddable":true,"href":"https:\/\/www.europesays.com\/pt\/wp-json\/wp\/v2\/categories?post=130230"},{"taxonomy":"post_tag","embeddable":true,"href":"https:\/\/www.europesays.com\/pt\/wp-json\/wp\/v2\/tags?post=130230"}],"curies":[{"name":"wp","href":"https:\/\/api.w.org\/{rel}","templated":true}]}}