{"id":130236,"date":"2025-10-28T19:16:07","date_gmt":"2025-10-28T19:16:07","guid":{"rendered":"https:\/\/www.europesays.com\/pt\/130236\/"},"modified":"2025-10-28T19:16:07","modified_gmt":"2025-10-28T19:16:07","slug":"vicens-gostaria-de-chegar-ao-jogo-com-o-fc-porto-em-igualdade-de-condicoes","status":"publish","type":"post","link":"https:\/\/www.europesays.com\/pt\/130236\/","title":{"rendered":"Vicens: \u00abGostaria de chegar ao jogo com o FC Porto em igualdade de condi\u00e7\u00f5es\u00bb"},"content":{"rendered":"<p style=\"margin-bottom:11px\"><strong>Carlos Vicens anteviu esta ter\u00e7a-feira a <a href=\"https:\/\/maisfutebol.iol.pt\/jogo\/sp-braga\/santa-clara\/13826208\" rel=\"nofollow noopener\" target=\"_blank\">rece\u00e7\u00e3o ao Santa Clara, agendada para quarta-feira<\/a> (19h15), nos \u201cquartos\u201d da Ta\u00e7a da Liga. O Sp. Braga n\u00e3o conta com os lesionados Niakat\u00e9, V\u00edtor Carvalho e Grillitsch.<\/strong><\/p>\n<p> <a href=\"https:\/\/maisfutebol.iol.pt\/sp-braga\/jogos\/1578\" rel=\"nofollow noopener\" target=\"_blank\">Gest\u00e3o antes do Drag\u00e3o<\/a> <\/p>\n<p>\u00abTenho de falar com os jogadores, com t\u00e3o poucos dias [de descanso] tens de esperar e ver como est\u00e3o, \u00e0s vezes fazemos planos, mas h\u00e1 pequenas coisas, como, por exemplo, se dormiram bem, que influenciam muito as decis\u00f5es.\u00bb<\/p>\n<p>\u00abObviamente, gostaria de chegar ao jogo com o FC Porto em igualdade de condi\u00e7\u00f5es. Vinte jogos [completados quarta-feira] nesta altura s\u00e3o muitos jogos, n\u00e3o o vamos negar. Conhecemos o calend\u00e1rio h\u00e1 muitas semanas, somos o Sp. Braga e vamos enfrent\u00e1-lo com uma mentalidade forte.\u00bb<\/p>\n<p> Pau V\u00edctor sem minutos <\/p>\n<p>\u00abDissemos-lhe que tem de estar tranquilo e trabalhar muito, mas estamos todos convencidos de que o seu rendimento em Braga vai ser bom.\u00bb<\/p>\n","protected":false},"excerpt":{"rendered":"Carlos Vicens anteviu esta ter\u00e7a-feira a rece\u00e7\u00e3o ao Santa Clara, agendada para quarta-feira (19h15), nos \u201cquartos\u201d da Ta\u00e7a&hellip;\n","protected":false},"author":2,"featured_media":130237,"comment_status":"","ping_status":"","sticky":false,"template":"","format":"standard","meta":{"footnotes":""},"categories":[87],"tags":[8138,135,46,32,33,47,423,136,1233,8137,134,5344],"class_list":{"0":"post-130236","1":"post","2":"type-post","3":"status-publish","4":"format-standard","5":"has-post-thumbnail","7":"category-desporto","8":"tag-carlos-vicens","9":"tag-desporto","10":"tag-maisfutebol","11":"tag-portugal","12":"tag-pt","13":"tag-pura-paixao","14":"tag-santa-clara","15":"tag-sc-braga","16":"tag-sp-braga","17":"tag-sporting-braga","18":"tag-sports","19":"tag-taca-da-liga"},"share_on_mastodon":{"url":"https:\/\/pubeurope.com\/@pt\/115453400505002410","error":""},"_links":{"self":[{"href":"https:\/\/www.europesays.com\/pt\/wp-json\/wp\/v2\/posts\/130236","targetHints":{"allow":["GET"]}}],"collection":[{"href":"https:\/\/www.europesays.com\/pt\/wp-json\/wp\/v2\/posts"}],"about":[{"href":"https:\/\/www.europesays.com\/pt\/wp-json\/wp\/v2\/types\/post"}],"author":[{"embeddable":true,"href":"https:\/\/www.europesays.com\/pt\/wp-json\/wp\/v2\/users\/2"}],"replies":[{"embeddable":true,"href":"https:\/\/www.europesays.com\/pt\/wp-json\/wp\/v2\/comments?post=130236"}],"version-history":[{"count":0,"href":"https:\/\/www.europesays.com\/pt\/wp-json\/wp\/v2\/posts\/130236\/revisions"}],"wp:featuredmedia":[{"embeddable":true,"href":"https:\/\/www.europesays.com\/pt\/wp-json\/wp\/v2\/media\/130237"}],"wp:attachment":[{"href":"https:\/\/www.europesays.com\/pt\/wp-json\/wp\/v2\/media?parent=130236"}],"wp:term":[{"taxonomy":"category","embeddable":true,"href":"https:\/\/www.europesays.com\/pt\/wp-json\/wp\/v2\/categories?post=130236"},{"taxonomy":"post_tag","embeddable":true,"href":"https:\/\/www.europesays.com\/pt\/wp-json\/wp\/v2\/tags?post=130236"}],"curies":[{"name":"wp","href":"https:\/\/api.w.org\/{rel}","templated":true}]}}