{"id":130242,"date":"2025-10-28T19:21:33","date_gmt":"2025-10-28T19:21:33","guid":{"rendered":"https:\/\/www.europesays.com\/pt\/130242\/"},"modified":"2025-10-28T19:21:33","modified_gmt":"2025-10-28T19:21:33","slug":"cristaos-podem-vencer-extrema-direita-holandesa-mas-uma-frase-tera-arruinado-tudo","status":"publish","type":"post","link":"https:\/\/www.europesays.com\/pt\/130242\/","title":{"rendered":"crist\u00e3os podem vencer extrema-direita holandesa. Mas uma frase ter\u00e1 arruinado tudo"},"content":{"rendered":"<p class=\"wp-caption-text top\"><a href=\"https:\/\/www.flickr.com\/photos\/roel1943\/7026048141\/sizes\/l\/\" rel=\"nofollow external noopener noreferrer\" data-wpel-link=\"external\" target=\"_blank\" class=\"ext-link\">Roel Wijnants \/ Flickr<\/a><\/p>\n<p><img decoding=\"async\" loading=\"lazy\" class=\"wp-image-589769 size-kopa-image-size-3\" src=\"https:\/\/www.europesays.com\/pt\/wp-content\/uploads\/2025\/10\/d4b2758da0205c1e0aa9512cd188002a-783x450.jpg\" alt=\"\" width=\"700\" height=\"402\"  \/><\/p>\n<p class=\"wp-caption-text bot\">Geert Wilders, l\u00edder do PVV<\/p>\n<p><strong>Henri Bontenbal, de quase desconhecido a quase vencedor das elei\u00e7\u00f5es. Mas a \u201cmaldi\u00e7\u00e3o do Messias\u201d estar\u00e1 de volta.<\/strong><\/p>\n<p>A pr\u00f3xima quarta-feira, dia 29 de Outubro, \u00e9 dia de<strong> elei\u00e7\u00f5es nos Pa\u00edses Baixos<\/strong>.<\/p>\n<p>Este acto eleitoral seria apenas em 2028 mas, em Junho deste ano, o <a href=\"https:\/\/zap.aeiou.pt\/governo-cai-paises-baixos-681921\" data-wpel-link=\"internal\" rel=\"nofollow noopener\" target=\"_blank\">Governo caiu<\/a>, devido \u00e0 sa\u00edda do PVV (Partido da Liberdade), o maior partido da coliga\u00e7\u00e3o. Houve desaven\u00e7as em rela\u00e7\u00e3o \u00e0 imigra\u00e7\u00e3o.<\/p>\n<p>As \u00faltimas elei\u00e7\u00f5es, em 2023, foram <a href=\"https:\/\/zap.aeiou.pt\/extrema-direita-vence-eleicoes-paises-baixos-568814\" data-wpel-link=\"internal\" rel=\"nofollow noopener\" target=\"_blank\">ganhas<\/a> precisamente pelo <strong>PVV,<\/strong> um partido anti-islamita, anti-imigra\u00e7\u00e3o e anti-Europa. Ganhou com margem confort\u00e1vel, em quase todas as regi\u00f5es, mas boa parte do pa\u00eds ficou em choque.<\/p>\n<p>Foi um castigo para conservadores, democratas-crist\u00e3os e liberais que governaram sob o primeiro-ministro anterior, <a href=\"https:\/\/zap.aeiou.pt\/nato-tem-novo-lider-o-que-esperar-de-mark-rutte-631080\" data-wpel-link=\"internal\" rel=\"nofollow noopener\" target=\"_blank\">Mark Rutte<\/a> \u2013 agora secret\u00e1rio-geral da NATO.<\/p>\n<p>No entanto, e como se esperava, o populista <strong>Geert Wilders,<\/strong> l\u00edder do PVV, <a href=\"https:\/\/zap.aeiou.pt\/extrema-direita-nao-consegue-formar-governo-nos-paises-baixos-589729\" data-wpel-link=\"internal\" rel=\"nofollow noopener\" target=\"_blank\">n\u00e3o conseguiu<\/a> ser primeiro-ministro. Ali\u00e1s, nem integrou o Governo <a href=\"https:\/\/zap.aeiou.pt\/novo-primeiro-ministro-holandes-612288\" data-wpel-link=\"internal\" rel=\"nofollow noopener\" target=\"_blank\">formado<\/a> no ano passado. Nenhum dos outros principais partidos aceitava integrar um Governo com Wilders.<\/p>\n<p>O primeiro-ministro passou a ser Dick Schoof, um independente e antigo chefe dos servi\u00e7os secretos dos Pa\u00edses Baixos.<\/p>\n<p>At\u00e9 que, por causa do PVV, o Governo caiu h\u00e1 quatro meses e foram convocadas novas elei\u00e7\u00f5es.<\/p>\n<p>\u201cDecente\u201d<\/p>\n<p>Chegou a vez de <strong>Henri Bontenbal.<\/strong> Ou n\u00e3o.<\/p>\n<p>O seu partido, o <strong>Partido Democrata Crist\u00e3o (CDA)<\/strong> tem \u2013 ou tinha \u2013 grandes probabilidades de nomear o pr\u00f3ximo primeiro-ministro dos Pa\u00edses Baixos: Henri Bontenbal.<\/p>\n<p>Henri estudou f\u00edsica, especializou-se em transi\u00e7\u00e3o energ\u00e9tica, trabalhou para uma operadora de rede el\u00e9ctrica e fez da pol\u00edtica clim\u00e1tica o seu principal foco.<\/p>\n<p>Agora, o clima n\u00e3o \u00e9 o foco: o l\u00edder do CDA fala sobretudo sobre<strong> habita\u00e7\u00e3o, imigra\u00e7\u00e3o e sa\u00fade<\/strong> (parece outro pa\u00eds europeu, mais a Ocidente).<\/p>\n<p>Henri Bontenbal j\u00e1 \u00e9 deputado. Foi um dos <strong>5 deputados<\/strong> que o CDA conseguiu h\u00e1 dois anos.<\/p>\n<p>Ent\u00e3o como \u00e9 que um partido que conseguiu 5 deputados agora aparece praticamente empatado com o PVV nas sondagens?<\/p>\n<p>Ali\u00e1s, Henri Bontenbal \u00e9 de longe o candidato mais adequado para primeiro-ministro, de acordo com uma sondagem divulgada pela <a href=\"https:\/\/eenvandaag.avrotros.nl\/opiniepanel\/uitslagen\/cda-lang-niet-grootste-in-zetelpeiling-maar-henri-bontenbal-volgens-kiezers-veruit-meest-geschikt-als-premier-161703\" data-wpel-link=\"external\" target=\"_blank\" rel=\"nofollow external noopener noreferrer\" class=\"ext-link\">AVROTROS<\/a>.<\/p>\n<p>Como \u00e9 que isso aconteceu? Atrav\u00e9s do <strong>anti-populismo,<\/strong> da <strong>\u201cdec\u00eancia\u201d,<\/strong> at\u00e9 da <strong>caridade.<\/strong><\/p>\n<p>O <a href=\"https:\/\/www.handelsblatt.com\/politik\/international\/niederlande-wie-der-anti-wilders-die-wahl-gewinnen-koennte-01\/100157170.html\" data-wpel-link=\"external\" target=\"_blank\" rel=\"nofollow external noopener noreferrer\" class=\"ext-link\">Handelsblatt<\/a> foi explorar o fen\u00f3meno, este estilo pol\u00edtico \u201cfatsoenlijk\u201d, ou seja, \u201cdecente\u201d.<\/p>\n<p>Henri Bontenbal tenta protagonizar uma <strong>campanha eleitoral decente<\/strong>. Mant\u00e9m-se calmo, percebe que o povo holand\u00eas j\u00e1 n\u00e3o quer duras batalhas pol\u00edticas, provocam-no em palco ou em debates e n\u00e3o reage.<\/p>\n<p>\u201cA liberdade n\u00e3o vem de gra\u00e7a\u201d, vai comentando, enquanto anuncia que quer aumentar ligeiramente o IVA para cobrir um or\u00e7amento de <strong>defesa<\/strong> mais elevado. Quer tamb\u00e9m aumentar os impostos para a sa\u00fade, entre outras <strong>\u201cdecis\u00f5es dolorosas\u201d.<\/strong><\/p>\n<p>Henri e os seus sete irm\u00e3os cresceram num lar protestante, em Roterd\u00e3o \u2013 uma cidade que muitos no pa\u00eds associam a pessoas trabalhadoras e realistas. E os <strong>eleitores de centro-direita gostam<\/strong>.<\/p>\n<p class=\"wp-caption-text top\">EPA<\/p>\n<p><img decoding=\"async\" loading=\"lazy\" class=\"wp-image-708133 size-kopa-image-size-0\" src=\"https:\/\/www.europesays.com\/pt\/wp-content\/uploads\/2025\/10\/3416b3083aabaf9370dc7af8bb625b2d-579x382.jpg\" alt=\"\" width=\"579\" height=\"382\"  \/><\/p>\n<p class=\"wp-caption-text bot\">Henri Bontenbal, l\u00edder do CDA<\/p>\n<p>\u201cUma sopa para si\u201d<\/p>\n<p>Em Veenendaal, onde crist\u00e3os devotos s\u00e3o uma parte importante da popula\u00e7\u00e3o, as igrejas ficam cheias a cada domingo e os<strong> sal\u00f5es enchem-se quando h\u00e1\u2026debate entre pol\u00edticos.<\/strong><\/p>\n<p>Em frente a um desses sal\u00f5es, numa carrinha que faz campanha eleitoral, l\u00ea-se num cartaz:<strong> \u201cLevantamo-nos para preservar a cria\u00e7\u00e3o\u201d<\/strong>. Uma jovem, junto \u00e0 entrada, diz: <strong>\u201cTemos uma sopa para si e para os seus entes queridos\u201d<\/strong>.<\/p>\n<p>H\u00e1 tr\u00eas partidos religiosos a participar no debate: CDA, Uni\u00e3o Crist\u00e3 e Partido Reformista Pol\u00edtico. Os <strong>bilhetes esgotaram<\/strong> rapidamente. N\u00e3o h\u00e1 lugares para tantos interessados.<\/p>\n<p>\u201cMaldi\u00e7\u00e3o do Messias\u201d<\/p>\n<p>A quest\u00e3o \u00e9 que, nos Pa\u00edses Baixos, instalou-se uma esp\u00e9cie de \u201cmaldi\u00e7\u00e3o do Messias\u201d.<\/p>\n<p>Ou seja, ao longo das \u00faltimas d\u00e9cadas, <strong>sempre que parecia que vinha a\u00ed algum pol\u00edtico que ia ser o \u201csalvador da p\u00e1tria\u201d, fracassou<\/strong>. Claramente.<\/p>\n<p>Caroline van der Plas, l\u00edder do populista Partido dos Agricultores, \u00e9 o exemplo mais recente: os habitantes em zonas rurais colocavam-na num altar mas agora Plas nem sabe se vai conseguir lugar no Parlamento (conseguiu 7 nas elei\u00e7\u00f5es h\u00e1 dois anos).<\/p>\n<p>E parece que a maldi\u00e7\u00e3o j\u00e1 surgiu antes das elei\u00e7\u00f5es.<\/p>\n<p>A frase<\/p>\n<p>A pouca experi\u00eancia pol\u00edtica de Henri Bontenbal pode ter sido essencial para o que lhe aconteceu na semana passada.<\/p>\n<p>Numa entrevista no canal <a href=\"https:\/\/www.youtube.com\/shorts\/OhTq8lM9IY0\" data-wpel-link=\"external\" target=\"_blank\" rel=\"nofollow external noopener noreferrer\" class=\"ext-link\">NOS<\/a>, o candidato a primeiro-ministro viu um v\u00eddeo de um <strong>antigo aluno de uma escola religiosa que \u00e9 homossexual<\/strong>; esse antigo aluno revelou que, embora lhe fosse permitido dizer que \u00e9 homossexual, isso nem sempre era poss\u00edvel na pr\u00e1tica. Ou seja, passou por mais dificuldades, por momentos de discrimina\u00e7\u00e3o, por ser homossexual.<\/p>\n<p>Bontenbal reagiu, dizendo que <strong>as escolas t\u00eam o direito de permitir que a liberdade constitucional de educa\u00e7\u00e3o entre em conflito com a proibi\u00e7\u00e3o da discrimina\u00e7\u00e3o<\/strong>.<\/p>\n<p>No dia seguinte, tentou suavizar: \u201cMergulhei nos detalhes t\u00e9cnicos da lei demasiado depressa. A primeira coisa que eu deveria ter dito \u00e9 o qu\u00e3o horr\u00edvel \u00e9 para os jovens passarem por isto. As escolas t\u00eam o dever de proporcionar um ambiente seguro; se isto correr mal, a Inspec\u00e7\u00e3o de Educa\u00e7\u00e3o entra em ac\u00e7\u00e3o\u201d, cita a <a href=\"https:\/\/www.nporadio1.nl\/nieuws\/politiek\/5118447c-9cf6-4f75-9647-32977a3be69e\/jetten-d66-vindt-balende-bontenbal-cda-niet-genoeg-en-wil-concrete-voorstellen-na-uitspraken-over-homoseksuele-leerlingen\" data-wpel-link=\"external\" target=\"_blank\" rel=\"nofollow external noopener noreferrer\" class=\"ext-link\">NPO Radio<\/a>.<\/p>\n<p>\u201c<strong>Eu cometo erros<\/strong>, aquilo n\u00e3o estava certo\u201d, acrescenta o jornal <a href=\"https:\/\/www.ad.nl\/politiek\/bontenbal-baalt-van-uitleg-over-homo-acceptatie-op-refoscholen-dit-was-niet-goed-ik-maak-fouten~a331590b\/\" data-wpel-link=\"external\" target=\"_blank\" rel=\"nofollow external noopener noreferrer\" class=\"ext-link\">Algemeen Dagblad<\/a>, que salienta que, agora, o l\u00edder dos democratas-crist\u00e3os tem de dizer se realmente acha que os homossexuais podem ser eles pr\u00f3prios nos col\u00e9gios religiosos.<\/p>\n<p>O jornal acrescenta: \u201cIsto prova mais uma vez que os eleitores por vezes s\u00f3 conhecem verdadeiramente os seus l\u00edderes partid\u00e1rios nos \u00faltimos dias antes das elei\u00e7\u00f5es. E ent\u00e3o percebem: os partidos crist\u00e3os s\u00e3o\u2026 crist\u00e3os\u201d.<\/p>\n<p>Da B\u00e9lgica, o jornal <a href=\"https:\/\/www.demorgen.be\/nieuws\/breekt-uitspraak-over-homoseksualiteit-henri-bontenbal-zuur-op-in-race-naar-nederlandse-premierschap~b14c52fb\/\" data-wpel-link=\"external\" target=\"_blank\" rel=\"nofollow external noopener noreferrer\" class=\"ext-link\">De Morgen<\/a> avisa que esta correc\u00e7\u00e3o de Henri pode ter chegado tarde demais: parecia o vencedor \u00f3bvio das elei\u00e7\u00f5es mas o seu partido, o <strong>CDA, j\u00e1 perdeu 5 lugares nas sondagens.<\/strong><\/p>\n<p>Henri Bontenbal tem pouco mais de 24 horas para tentar dar a volta.<\/p>\n<p style=\"padding-left: 25px; margin-bottom: 10; font-family: Roboto, Arial, Helvetica, sans-serif; font-size: 15px\">&#13;<br \/>\n        Nuno Teixeira da Silva, ZAP \/\/ <a href=\"\" data-wpel-link=\"internal\"\/>&#13;\n    <\/p>\n<p>    <a href=\"https:\/\/zap.aeiou.pt\/subscrever-newsletter\" data-wpel-link=\"internal\" rel=\"nofollow noopener\" target=\"_blank\">&#13;<br \/>\n        <img loading=\"lazy\" decoding=\"async\" class=\"aligncenter size-full wp-image-575475\" src=\"https:\/\/www.europesays.com\/pt\/wp-content\/uploads\/2025\/10\/1759862234_971_2d51fe4a0ba54894421ead1809309ed9-1-450x140.jpg\" alt=\"Subscreva a Newsletter ZAP\" width=\"450\" height=\"140\"\/>&#13;<br \/>\n    <\/a><\/p>\n<p>                <a href=\"https:\/\/whatsapp.com\/channel\/0029VaIC4EE2f3EJZPPSbR34\" data-wpel-link=\"external\" target=\"_blank\" rel=\"nofollow external noopener noreferrer\" class=\"ext-link\">&#13;<br \/>\n                    <img loading=\"lazy\" decoding=\"async\" class=\"aligncenter size-full wp-image-575475\" src=\"https:\/\/www.europesays.com\/pt\/wp-content\/uploads\/2025\/10\/1759862234_512_c68c559d956d4ca20f435ed74a6e71e6.png\" alt=\"Siga-nos no WhatsApp\" width=\"175\" height=\"64\"\/>&#13;<br \/>\n                <\/a><\/p>\n<p>                <a href=\"https:\/\/news.google.com\/publications\/CAAiEHRwZondIV71PDjWNoqMduEqFAgKIhB0cGaJ3SFe9Tw41jaKjHbh?hl=en-US&amp;gl=US&amp;ceid=US%3Aen\" data-wpel-link=\"external\" target=\"_blank\" rel=\"nofollow external noopener noreferrer\" class=\"ext-link\">&#13;<br \/>\n                    <img loading=\"lazy\" decoding=\"async\" class=\"aligncenter size-full wp-image-575475\" src=\"https:\/\/www.europesays.com\/pt\/wp-content\/uploads\/2025\/10\/1759862235_242_5123dd8b087b644fdb8f8603acd1bad4.png\" alt=\"Siga-nos no Google News\" width=\"176\" height=\"64\"\/>&#13;<br \/>\n                <\/a><\/p>\n","protected":false},"excerpt":{"rendered":"Roel Wijnants \/ Flickr Geert Wilders, l\u00edder do PVV Henri Bontenbal, de quase desconhecido a quase vencedor das&hellip;\n","protected":false},"author":2,"featured_media":130243,"comment_status":"","ping_status":"","sticky":false,"template":"","format":"standard","meta":{"footnotes":""},"categories":[50],"tags":[27,28,2258,15,16,14,25,26,21,22,62,12,13,19,20,3914,4007,23,24,4516,17,18,29,30,31,63,64,65],"class_list":{"0":"post-130242","1":"post","2":"type-post","3":"status-publish","4":"format-standard","5":"has-post-thumbnail","7":"category-mundo","8":"tag-breaking-news","9":"tag-breakingnews","10":"tag-eleicoes","11":"tag-featured-news","12":"tag-featurednews","13":"tag-headlines","14":"tag-latest-news","15":"tag-latestnews","16":"tag-main-news","17":"tag-mainnews","18":"tag-mundo","19":"tag-news","20":"tag-noticias","21":"tag-noticias-principais","22":"tag-noticiasprincipais","23":"tag-paises-baixos","24":"tag-politica-internacional","25":"tag-principais-noticias","26":"tag-principaisnoticias","27":"tag-religiao","28":"tag-top-stories","29":"tag-topstories","30":"tag-ultimas","31":"tag-ultimas-noticias","32":"tag-ultimasnoticias","33":"tag-world","34":"tag-world-news","35":"tag-worldnews"},"share_on_mastodon":{"url":"https:\/\/pubeurope.com\/@pt\/115453420223760623","error":""},"_links":{"self":[{"href":"https:\/\/www.europesays.com\/pt\/wp-json\/wp\/v2\/posts\/130242","targetHints":{"allow":["GET"]}}],"collection":[{"href":"https:\/\/www.europesays.com\/pt\/wp-json\/wp\/v2\/posts"}],"about":[{"href":"https:\/\/www.europesays.com\/pt\/wp-json\/wp\/v2\/types\/post"}],"author":[{"embeddable":true,"href":"https:\/\/www.europesays.com\/pt\/wp-json\/wp\/v2\/users\/2"}],"replies":[{"embeddable":true,"href":"https:\/\/www.europesays.com\/pt\/wp-json\/wp\/v2\/comments?post=130242"}],"version-history":[{"count":0,"href":"https:\/\/www.europesays.com\/pt\/wp-json\/wp\/v2\/posts\/130242\/revisions"}],"wp:featuredmedia":[{"embeddable":true,"href":"https:\/\/www.europesays.com\/pt\/wp-json\/wp\/v2\/media\/130243"}],"wp:attachment":[{"href":"https:\/\/www.europesays.com\/pt\/wp-json\/wp\/v2\/media?parent=130242"}],"wp:term":[{"taxonomy":"category","embeddable":true,"href":"https:\/\/www.europesays.com\/pt\/wp-json\/wp\/v2\/categories?post=130242"},{"taxonomy":"post_tag","embeddable":true,"href":"https:\/\/www.europesays.com\/pt\/wp-json\/wp\/v2\/tags?post=130242"}],"curies":[{"name":"wp","href":"https:\/\/api.w.org\/{rel}","templated":true}]}}