{"id":130253,"date":"2025-10-28T19:35:11","date_gmt":"2025-10-28T19:35:11","guid":{"rendered":"https:\/\/www.europesays.com\/pt\/130253\/"},"modified":"2025-10-28T19:35:11","modified_gmt":"2025-10-28T19:35:11","slug":"russia-ameaca-uniao-europeia-com-muitas-dores-de-cabeca-se-usar-ativos-russos","status":"publish","type":"post","link":"https:\/\/www.europesays.com\/pt\/130253\/","title":{"rendered":"R\u00fassia amea\u00e7a Uni\u00e3o Europeia com &#8220;muitas dores de cabe\u00e7a&#8221; se usar ativos russos"},"content":{"rendered":"<p data-remotead-prev-elm=\"true\" data-remotead-elm-id=\"inread\">Dias depois de os l\u00edderes europeus terem discutido a quest\u00e3o, o porta-voz do Kremlin, Dmitri Peskov, afirmou que a UE parece &#8220;disposta a tomar decis\u00f5es precipitadas&#8221;.<\/p>\n<p>Peskov disse &#8220;de uma forma ou de outra&#8221;, este tipo de medidas pode provocar &#8220;muitas dores de cabe\u00e7a e muitos problemas \u00e0 UE&#8221;, segundo as ag\u00eancias noticiosas oficias russas.<\/p>\n<blockquote data-type=\"articles\" data-id=\"related-article-18013205\"><p>\n              <strong>Leia tamb\u00e9m <\/strong><br \/>\n              <a href=\"https:\/\/www.jn.pt\/mundo\/artigo\/russia-diz-que-teste-de-novo-missil-e-resposta-ao-militarismo-europeu\/18013205\" rel=\"nofollow noopener\" target=\"_blank\">R\u00fassia diz que teste de novo m\u00edssil \u00e9 resposta ao militarismo europeu<\/a>\n            <\/p><\/blockquote>\n<p data-remotead-prev-elm=\"true\" data-remotead-elm-id=\"centro1\">O porta-voz aludiu tanto \u00e0 confisca\u00e7\u00e3o de ativos, que Moscovo qualifica como &#8220;um roubo&#8221;, como \u00e0 ades\u00e3o da Ucr\u00e2nia \u00e0 UE, para a qual n\u00e3o existe um calend\u00e1rio fechado, de acordo com a ag\u00eancia de not\u00edcias espanhola &#8220;Europa Press&#8221;.<\/p>\n<p>A Comiss\u00e3o Europeia anunciou na segunda-feira que vai apresentar op\u00e7\u00f5es de financiamento \u00e0 Ucr\u00e2nia para 2026 e 2027, continuando a focar-se num empr\u00e9stimo de repara\u00e7\u00f5es assente em ativos russos congelados.<\/p>\n<p>O an\u00fancio seguiu-se ao Conselho Europeu de 23 de outubro, em que os l\u00edderes europeus se comprometeram a colmatar as necessidades financeiras urgentes da Ucr\u00e2nia at\u00e9 2027, mas sem um consenso sobre a utiliza\u00e7\u00e3o dos ativos russos congelados.<\/p>\n<p data-remotead-prev-elm=\"true\" data-remotead-elm-id=\"centro2\">A B\u00e9lgica, que det\u00e9m a maior parte dos ativos russos congelados, \u00e9 o principal obst\u00e1culo \u00e0 sua mobiliza\u00e7\u00e3o por temer eventuais consequ\u00eancias legais e financeiras, pelo que exige garantias para que o risco n\u00e3o recaia exclusivamente sobre o pa\u00eds.<\/p>\n<p>Atualmente, h\u00e1 cerca de 210 mil milh\u00f5es de euros em bens congelados russos na UE, principalmente na B\u00e9lgica, onde est\u00e1 sediada a Euroclear, uma das maiores institui\u00e7\u00f5es de t\u00edtulos financeiros do mundo.<\/p>\n<p>A Comiss\u00e3o Europeia citou estimativas do Fundo Monet\u00e1rio Internacional (FMI) de que as necessidades financeiras de Ucr\u00e2nia para 2026 e 2027 rondam os 60 mil milh\u00f5es de d\u00f3lares (51,5 mil milh\u00f5es de euros, ao c\u00e2mbio atual).<\/p>\n<p data-remotead-prev-elm=\"true\" data-remotead-elm-id=\"centro3\">A R\u00fassia advertiu a UE no domingo que ter\u00e1 de devolver os ativos russos congelados com juros se os confiscar.<\/p>\n<p>&#8220;Os pa\u00edses europeus envolvidos nesse roubo ter\u00e3o de pagar somas muito maiores, com juros&#8221;, avisou o presidente do parlamento russo Viacheslav Volodin.<\/p>\n<p>&#8220;Por essas decis\u00f5es, n\u00e3o s\u00f3 pagar\u00e3o aqueles que as tomam hoje, mas tamb\u00e9m as gera\u00e7\u00f5es futuras, ningu\u00e9m os perdoar\u00e1, exigiremos a devolu\u00e7\u00e3o do que foi roubado&#8221;, acrescentou Volodin na altura.<\/p>\n<p data-remotead-prev-elm=\"true\" data-remotead-elm-id=\"centro4\">O congelamento de ativos russos fez parte das medidas adotadas pelo Ocidente para sancionar a R\u00fassia pela invas\u00e3o da Ucr\u00e2nia, em fevereiro de 2022, e para tentar diminuir a capacidade de Moscovo de financiar o esfor\u00e7o de guerra.<\/p>\n<p>A UE, o Reino Unido, os Estados Unidos e outros aliados da Ucr\u00e2nia t\u00eam imposto sucessivos pacotes de san\u00e7\u00f5es contra interesses russos com o mesmo objetivo.<\/p>\n","protected":false},"excerpt":{"rendered":"Dias depois de os l\u00edderes europeus terem discutido a quest\u00e3o, o porta-voz do Kremlin, Dmitri Peskov, afirmou que&hellip;\n","protected":false},"author":2,"featured_media":130254,"comment_status":"","ping_status":"","sticky":false,"template":"","format":"standard","meta":{"footnotes":""},"categories":[50],"tags":[27,28,15,16,889,14,25,26,21,22,62,12,13,19,20,23,24,839,17,18,29,30,31,636,63,64,65],"class_list":{"0":"post-130253","1":"post","2":"type-post","3":"status-publish","4":"format-standard","5":"has-post-thumbnail","7":"category-mundo","8":"tag-breaking-news","9":"tag-breakingnews","10":"tag-featured-news","11":"tag-featurednews","12":"tag-guerra-na-ucrania","13":"tag-headlines","14":"tag-latest-news","15":"tag-latestnews","16":"tag-main-news","17":"tag-mainnews","18":"tag-mundo","19":"tag-news","20":"tag-noticias","21":"tag-noticias-principais","22":"tag-noticiasprincipais","23":"tag-principais-noticias","24":"tag-principaisnoticias","25":"tag-russia","26":"tag-top-stories","27":"tag-topstories","28":"tag-ultimas","29":"tag-ultimas-noticias","30":"tag-ultimasnoticias","31":"tag-uniao-europeia","32":"tag-world","33":"tag-world-news","34":"tag-worldnews"},"share_on_mastodon":{"url":"https:\/\/pubeurope.com\/@pt\/115453475203818580","error":""},"_links":{"self":[{"href":"https:\/\/www.europesays.com\/pt\/wp-json\/wp\/v2\/posts\/130253","targetHints":{"allow":["GET"]}}],"collection":[{"href":"https:\/\/www.europesays.com\/pt\/wp-json\/wp\/v2\/posts"}],"about":[{"href":"https:\/\/www.europesays.com\/pt\/wp-json\/wp\/v2\/types\/post"}],"author":[{"embeddable":true,"href":"https:\/\/www.europesays.com\/pt\/wp-json\/wp\/v2\/users\/2"}],"replies":[{"embeddable":true,"href":"https:\/\/www.europesays.com\/pt\/wp-json\/wp\/v2\/comments?post=130253"}],"version-history":[{"count":0,"href":"https:\/\/www.europesays.com\/pt\/wp-json\/wp\/v2\/posts\/130253\/revisions"}],"wp:featuredmedia":[{"embeddable":true,"href":"https:\/\/www.europesays.com\/pt\/wp-json\/wp\/v2\/media\/130254"}],"wp:attachment":[{"href":"https:\/\/www.europesays.com\/pt\/wp-json\/wp\/v2\/media?parent=130253"}],"wp:term":[{"taxonomy":"category","embeddable":true,"href":"https:\/\/www.europesays.com\/pt\/wp-json\/wp\/v2\/categories?post=130253"},{"taxonomy":"post_tag","embeddable":true,"href":"https:\/\/www.europesays.com\/pt\/wp-json\/wp\/v2\/tags?post=130253"}],"curies":[{"name":"wp","href":"https:\/\/api.w.org\/{rel}","templated":true}]}}