{"id":130273,"date":"2025-10-28T19:49:16","date_gmt":"2025-10-28T19:49:16","guid":{"rendered":"https:\/\/www.europesays.com\/pt\/130273\/"},"modified":"2025-10-28T19:49:16","modified_gmt":"2025-10-28T19:49:16","slug":"caso-dos-baloes-lituania-encerra-todas-as-fronteiras-com-a-bielorrussia-nenhum-ataque-hibrido-sera-tolerado","status":"publish","type":"post","link":"https:\/\/www.europesays.com\/pt\/130273\/","title":{"rendered":"Caso dos bal\u00f5es: Litu\u00e2nia encerra todas as fronteiras com a Bielorr\u00fassia, \u201cnenhum ataque h\u00edbrido ser\u00e1 tolerado\u201d"},"content":{"rendered":"<p>\t                Mais uma tens\u00e3o a leste. Os bal\u00f5es, utilizados pelos contrabandistas para transportarem cigarros da Bielorr\u00fassia, s\u00e3o suspeitos de serem opera\u00e7\u00f5es h\u00edbridas<\/p>\n<p>A Litu\u00e2nia vai fechar a fronteira com a Bielorr\u00fassia e abater todos os bal\u00f5es que entrem no seu espa\u00e7o a\u00e9reo, afirmou a primeira-ministra, Inga Ruginien\u0117, ap\u00f3s uma reuni\u00e3o do conselho de seguran\u00e7a desta manh\u00e3: \u201cNenhum ataque h\u00edbrido ser\u00e1 tolerado\u201d, disse.<\/p>\n<p>\u201cEstamos a tomar as medidas mais rigorosas para impedir tais ataques\u201d, disse Ruginien\u0117 em confer\u00eancia de imprensa. &#8220;As for\u00e7as armadas tomar\u00e3o todas as medidas necess\u00e1rias\u00a0para abater os bal\u00f5es\u201d, acrescentou.<\/p>\n<p>A fronteira est\u00e1 atualmente encerrada com base numa decis\u00e3o tempor\u00e1ria tomada pela for\u00e7a fronteiri\u00e7a do pa\u00eds e um novo encerramento por tempo indeterminado vai ser discutido e deve ser aprovado na reuni\u00e3o governamental desta quarta-feira.\u00a0<\/p>\n<p>O governo j\u00e1 redigiu a ordem, que inclui apenas excep\u00e7\u00f5es muito limitadas para os cidad\u00e3os lituanos e da UE &#8211; bem como para o correio diplom\u00e1tico -, que ainda podem passar pela fronteira.<\/p>\n<p>As autoridades lituanas fecharam o espa\u00e7o a\u00e9reo sobre Vilnius quatro vezes na semana passada e tr\u00eas vezes no fim de semana devido a bal\u00f5es da Bielorr\u00fassia que violaram o espa\u00e7o a\u00e9reo do pa\u00eds. Mais de 170 voos foram interrompidos, afetando mais de 30.000 passageiros.<\/p>\n<p>O Centro Nacional de Gest\u00e3o de Crises informou que os sistemas de radar que controlam o espa\u00e7o a\u00e9reo lituano detetaram 66 objetos que viajavam da Bielorr\u00fassia para a Litu\u00e2nia no domingo \u00e0 noite, cerca do dobro do n\u00famero registado na noite anterior.<\/p>\n<p>Os bal\u00f5es, utilizados pelos contrabandistas para transportar cigarros da Bielorr\u00fassia, s\u00e3o suspeitos de serem opera\u00e7\u00f5es h\u00edbridas. Como resultado, a Litu\u00e2nia est\u00e1 a considerar penas mais duras para o contrabando, incluindo pris\u00e3o.<\/p>\n<p>Ruginien\u0117 disse ainda que a Litu\u00e2nia vai pressionar a Uni\u00e3o Europeia para que aprove san\u00e7\u00f5es adicionais \u00e0 Bielorr\u00fassia e n\u00e3o excluiu a possibilidade de invocar o artigo 4 da NATO, que exige discuss\u00f5es urgentes com os aliados quando um membro receia que a sua seguran\u00e7a esteja em risco.\u00a0<\/p>\n<p>O embaixador da Litu\u00e2nia na NATO disse na semana passada que a quest\u00e3o deveria ser tratada como um problema interno e n\u00e3o como um assunto da alian\u00e7a.<\/p>\n","protected":false},"excerpt":{"rendered":"Mais uma tens\u00e3o a leste. Os bal\u00f5es, utilizados pelos contrabandistas para transportarem cigarros da Bielorr\u00fassia, s\u00e3o suspeitos de&hellip;\n","protected":false},"author":2,"featured_media":130274,"comment_status":"","ping_status":"","sticky":false,"template":"","format":"standard","meta":{"footnotes":""},"categories":[50],"tags":[609,836,611,29281,2870,27,28,607,608,333,832,604,135,610,476,15,16,301,830,14,603,25,26,6554,570,21,22,831,833,62,834,12,13,19,20,835,602,52,32,23,24,17,18,29,30,31,63,64,65],"class_list":{"0":"post-130273","1":"post","2":"type-post","3":"status-publish","4":"format-standard","5":"has-post-thumbnail","7":"category-mundo","8":"tag-alerta","9":"tag-analise","10":"tag-ao-minuto","11":"tag-baloes","12":"tag-bielorrussia","13":"tag-breaking-news","14":"tag-breakingnews","15":"tag-cnn","16":"tag-cnn-portugal","17":"tag-comentadores","18":"tag-costa","19":"tag-crime","20":"tag-desporto","21":"tag-direto","22":"tag-economia","23":"tag-featured-news","24":"tag-featurednews","25":"tag-governo","26":"tag-guerra","27":"tag-headlines","28":"tag-justica","29":"tag-latest-news","30":"tag-latestnews","31":"tag-lituania","32":"tag-live","33":"tag-main-news","34":"tag-mainnews","35":"tag-mais-vistas","36":"tag-marcelo","37":"tag-mundo","38":"tag-negocios","39":"tag-news","40":"tag-noticias","41":"tag-noticias-principais","42":"tag-noticiasprincipais","43":"tag-opiniao","44":"tag-pais","45":"tag-politica","46":"tag-portugal","47":"tag-principais-noticias","48":"tag-principaisnoticias","49":"tag-top-stories","50":"tag-topstories","51":"tag-ultimas","52":"tag-ultimas-noticias","53":"tag-ultimasnoticias","54":"tag-world","55":"tag-world-news","56":"tag-worldnews"},"share_on_mastodon":{"url":"","error":"Validation failed: Text character limit of 500 exceeded"},"_links":{"self":[{"href":"https:\/\/www.europesays.com\/pt\/wp-json\/wp\/v2\/posts\/130273","targetHints":{"allow":["GET"]}}],"collection":[{"href":"https:\/\/www.europesays.com\/pt\/wp-json\/wp\/v2\/posts"}],"about":[{"href":"https:\/\/www.europesays.com\/pt\/wp-json\/wp\/v2\/types\/post"}],"author":[{"embeddable":true,"href":"https:\/\/www.europesays.com\/pt\/wp-json\/wp\/v2\/users\/2"}],"replies":[{"embeddable":true,"href":"https:\/\/www.europesays.com\/pt\/wp-json\/wp\/v2\/comments?post=130273"}],"version-history":[{"count":0,"href":"https:\/\/www.europesays.com\/pt\/wp-json\/wp\/v2\/posts\/130273\/revisions"}],"wp:featuredmedia":[{"embeddable":true,"href":"https:\/\/www.europesays.com\/pt\/wp-json\/wp\/v2\/media\/130274"}],"wp:attachment":[{"href":"https:\/\/www.europesays.com\/pt\/wp-json\/wp\/v2\/media?parent=130273"}],"wp:term":[{"taxonomy":"category","embeddable":true,"href":"https:\/\/www.europesays.com\/pt\/wp-json\/wp\/v2\/categories?post=130273"},{"taxonomy":"post_tag","embeddable":true,"href":"https:\/\/www.europesays.com\/pt\/wp-json\/wp\/v2\/tags?post=130273"}],"curies":[{"name":"wp","href":"https:\/\/api.w.org\/{rel}","templated":true}]}}