{"id":130275,"date":"2025-10-28T19:50:17","date_gmt":"2025-10-28T19:50:17","guid":{"rendered":"https:\/\/www.europesays.com\/pt\/130275\/"},"modified":"2025-10-28T19:50:17","modified_gmt":"2025-10-28T19:50:17","slug":"encontrados-abatidos-mais-de-uma-centena-dos-capoes-furtados-em-freamunde","status":"publish","type":"post","link":"https:\/\/www.europesays.com\/pt\/130275\/","title":{"rendered":"Encontrados abatidos mais de uma centena dos cap\u00f5es furtados em Freamunde"},"content":{"rendered":"<p data-remotead-prev-elm=\"true\" data-remotead-elm-id=\"inread\">Recorde-se que as mais de duas centenas de cap\u00f5es foram furtados, na madrugada do passado dia 23, de um terreno da Associa\u00e7\u00e3o de Criadores de Cap\u00e3o de Freamunde. Os ladr\u00f5es levaram ainda uma m\u00e1quina nova de depenar cap\u00f5es, causando um preju\u00edzo total de cerca de 20 mil euros.<\/p>\n<p>Os ladr\u00f5es arrombaram o cadeado do port\u00e3o que d\u00e1 acesso \u00e0 zona de cria\u00e7\u00e3o e, j\u00e1 no interior, arrombaram ainda os cadeados de cinco galinheiros e levaram os 215 cap\u00f5es que l\u00e1 se encontravam.<\/p>\n<p>Agora, foram encontrados mais de uma centena de cap\u00f5es, alguns vivos e outros j\u00e1 abatidos, mas devidamente acondicionados e prontos para consumo.<\/p>\n","protected":false},"excerpt":{"rendered":"Recorde-se que as mais de duas centenas de cap\u00f5es foram furtados, na madrugada do passado dia 23, de&hellip;\n","protected":false},"author":2,"featured_media":123352,"comment_status":"","ping_status":"","sticky":false,"template":"","format":"standard","meta":{"footnotes":""},"categories":[10],"tags":[27,28,29529,15,16,14,603,25,26,21,22,12,13,19,20,32,23,24,33,17,18,29,30,31],"class_list":{"0":"post-130275","1":"post","2":"type-post","3":"status-publish","4":"format-standard","5":"has-post-thumbnail","7":"category-portugal","8":"tag-breaking-news","9":"tag-breakingnews","10":"tag-concelho-pacos-de-ferreira","11":"tag-featured-news","12":"tag-featurednews","13":"tag-headlines","14":"tag-justica","15":"tag-latest-news","16":"tag-latestnews","17":"tag-main-news","18":"tag-mainnews","19":"tag-news","20":"tag-noticias","21":"tag-noticias-principais","22":"tag-noticiasprincipais","23":"tag-portugal","24":"tag-principais-noticias","25":"tag-principaisnoticias","26":"tag-pt","27":"tag-top-stories","28":"tag-topstories","29":"tag-ultimas","30":"tag-ultimas-noticias","31":"tag-ultimasnoticias"},"share_on_mastodon":{"url":"https:\/\/pubeurope.com\/@pt\/115453534342093391","error":""},"_links":{"self":[{"href":"https:\/\/www.europesays.com\/pt\/wp-json\/wp\/v2\/posts\/130275","targetHints":{"allow":["GET"]}}],"collection":[{"href":"https:\/\/www.europesays.com\/pt\/wp-json\/wp\/v2\/posts"}],"about":[{"href":"https:\/\/www.europesays.com\/pt\/wp-json\/wp\/v2\/types\/post"}],"author":[{"embeddable":true,"href":"https:\/\/www.europesays.com\/pt\/wp-json\/wp\/v2\/users\/2"}],"replies":[{"embeddable":true,"href":"https:\/\/www.europesays.com\/pt\/wp-json\/wp\/v2\/comments?post=130275"}],"version-history":[{"count":0,"href":"https:\/\/www.europesays.com\/pt\/wp-json\/wp\/v2\/posts\/130275\/revisions"}],"wp:featuredmedia":[{"embeddable":true,"href":"https:\/\/www.europesays.com\/pt\/wp-json\/wp\/v2\/media\/123352"}],"wp:attachment":[{"href":"https:\/\/www.europesays.com\/pt\/wp-json\/wp\/v2\/media?parent=130275"}],"wp:term":[{"taxonomy":"category","embeddable":true,"href":"https:\/\/www.europesays.com\/pt\/wp-json\/wp\/v2\/categories?post=130275"},{"taxonomy":"post_tag","embeddable":true,"href":"https:\/\/www.europesays.com\/pt\/wp-json\/wp\/v2\/tags?post=130275"}],"curies":[{"name":"wp","href":"https:\/\/api.w.org\/{rel}","templated":true}]}}