{"id":130278,"date":"2025-10-28T19:52:11","date_gmt":"2025-10-28T19:52:11","guid":{"rendered":"https:\/\/www.europesays.com\/pt\/130278\/"},"modified":"2025-10-28T19:52:11","modified_gmt":"2025-10-28T19:52:11","slug":"george-clooney-fala-sobre-viver-em-fazenda-na-franca-para-proteger-privacidade-dos-filhos","status":"publish","type":"post","link":"https:\/\/www.europesays.com\/pt\/130278\/","title":{"rendered":"George Clooney fala sobre viver em fazenda na Fran\u00e7a para proteger privacidade dos filhos"},"content":{"rendered":"\n<p class=\" content-text__container theme-color-primary-first-letter\" data-track-category=\"Link no Texto\" data-track-links=\"\"> <a class=\"\" href=\"https:\/\/oglobo.globo.com\/tudo-sobre\/personalidade\/george-clooney\" rel=\"nofollow noopener\" target=\"_blank\">George Clooney<\/a> falou abertamente sobre a decis\u00e3o de deixar Hollywood ap\u00f3s o nascimento de seus filhos g\u00eameos, em 2017. Em entrevista ao programa Entertainment Tonight, o astro contou sobre a op\u00e7\u00e3o, ao lado da esposa Amal Alamuddin, de fazer da Fran\u00e7a o local de cria\u00e7\u00e3o dos pequenos. <\/p>\n<ul class=\"content-unordered-list\">\n<li><strong>&#8216;Eu poderia ter matado algu\u00e9m&#8217;: <\/strong><a class=\"\" href=\"https:\/\/oglobo.globo.com\/cultura\/noticia\/2025\/10\/28\/anthony-hopkins-revela-como-superou-seu-vicio-em-alcool-eu-poderia-ter-matado-alguem.ghtml\" rel=\"nofollow noopener\" target=\"_blank\">Anthony Hopkins revela como superou seu v\u00edcio em \u00e1lcool<\/a><\/li>\n<li><strong>&#8216;\u00c1lbum exposed&#8217;:<\/strong> <a class=\"\" href=\"https:\/\/oglobo.globo.com\/cultura\/noticia\/2025\/10\/28\/lily-allen-e-david-harbour-vendem-casa-por-r-43-milhoes-apos-revelacoes-dela-sobre-traicoes-em-album-exposed.ghtml\" rel=\"nofollow noopener\" target=\"_blank\">Lily Allen e David Harbour vendem casa por R$ 43 milh\u00f5es ap\u00f3s revela\u00e7\u00f5es dela sobre trai\u00e7\u00f5es<\/a><\/li>\n<\/ul>\n<p class=\" content-text__container \" data-track-category=\"Link no Texto\" data-track-links=\"\"> &#8220;Fiquei famoso j\u00e1 tarde na vida. Administrei bem a situa\u00e7\u00e3o. N\u00e3o tinha 19 anos. Ainda temos uma resid\u00eancia nos Estados Unidos, uma na It\u00e1lia. Parte do motivo \u00e9 que existem leis na Europa contra tirar fotos de crian\u00e7as. Quando as crian\u00e7as n\u00e3o t\u00eam fotos tiradas, \u00e9 uma coisa boa&#8221;, disse o astro. <\/p>\n<p class=\" content-text__container \" data-track-category=\"Link no Texto\" data-track-links=\"\"> N\u00e3o \u00e9 a primeira vez que Clooney fala sobre a decis\u00e3o de morar na Fran\u00e7a. Na edi\u00e7\u00e3o de outubro da revista Esquire, o astro tamb\u00e9m abordou o tema. <\/p>\n<p class=\" content-text__container \" data-track-category=\"Link no Texto\" data-track-links=\"\"> &#8220;N\u00f3s moramos em uma fazenda na Fran\u00e7a. Boa parte da minha inf\u00e2ncia foi em uma fazenda, e quando crian\u00e7a eu odiava a ideia disso. Mas agora, para eles, \u00e9 como se&#8230; eles n\u00e3o estivessem mais nos iPads, sabe? Jantam com adultos e t\u00eam que levar a lou\u00e7a. Eles t\u00eam uma vida muito melhor&#8221;, afirmou Clooney, pai de Alexander e Ella, de oito anos. <\/p>\n<p class=\" content-text__container \" data-track-category=\"Link no Texto\" data-track-links=\"\"> Vencedor de duas estatuetas do Oscar \u2014 melhor ator coadjuvante com &#8220;Syriana&#8221;, em 2006, e melhor filme por &#8220;Argo&#8221;, em 2013 \u2014, o astro continuou: &#8220;Eu estava preocupado em criar nossos filhos em Los Angeles, na cultura de Hollywood. Sentia que eles nunca teriam uma chance justa na vida. Na Fran\u00e7a&#8230; eles meio que n\u00e3o d\u00e3o a m\u00ednima para a fama. N\u00e3o quero que eles andem por a\u00ed preocupados com paparazzi. N\u00e3o quero que sejam comparados aos filhos famosos de outra pessoa.&#8221; <\/p>\n<p class=\" content-text__container \" data-track-category=\"Link no Texto\" data-track-links=\"\"> O ano de 2025 foi agitado para Clooney, que esteve em cartaz nos palcos da Broadway com a pe\u00e7a &#8220;Good Night and Good Luck&#8221;, que lhe rendeu uma indica\u00e7\u00e3o ao Tony. Ele tamb\u00e9m est\u00e1 cotado para o Oscar pelo trabalho em &#8220;Jay Kelly&#8221;, de Noah Baumbach, filme exibido no Festival de Veneza. <\/p>\n","protected":false},"excerpt":{"rendered":"George Clooney falou abertamente sobre a decis\u00e3o de deixar Hollywood ap\u00f3s o nascimento de seus filhos g\u00eameos, em&hellip;\n","protected":false},"author":2,"featured_media":130279,"comment_status":"","ping_status":"","sticky":false,"template":"","format":"standard","meta":{"footnotes":""},"categories":[145],"tags":[211,210,114,115,14555,319,32,33],"class_list":{"0":"post-130278","1":"post","2":"type-post","3":"status-publish","4":"format-standard","5":"has-post-thumbnail","7":"category-celebridades","8":"tag-celebridades","9":"tag-celebrities","10":"tag-entertainment","11":"tag-entretenimento","12":"tag-george-clooney","13":"tag-hard-news","14":"tag-portugal","15":"tag-pt"},"share_on_mastodon":{"url":"https:\/\/pubeurope.com\/@pt\/115453541934716088","error":""},"_links":{"self":[{"href":"https:\/\/www.europesays.com\/pt\/wp-json\/wp\/v2\/posts\/130278","targetHints":{"allow":["GET"]}}],"collection":[{"href":"https:\/\/www.europesays.com\/pt\/wp-json\/wp\/v2\/posts"}],"about":[{"href":"https:\/\/www.europesays.com\/pt\/wp-json\/wp\/v2\/types\/post"}],"author":[{"embeddable":true,"href":"https:\/\/www.europesays.com\/pt\/wp-json\/wp\/v2\/users\/2"}],"replies":[{"embeddable":true,"href":"https:\/\/www.europesays.com\/pt\/wp-json\/wp\/v2\/comments?post=130278"}],"version-history":[{"count":0,"href":"https:\/\/www.europesays.com\/pt\/wp-json\/wp\/v2\/posts\/130278\/revisions"}],"wp:featuredmedia":[{"embeddable":true,"href":"https:\/\/www.europesays.com\/pt\/wp-json\/wp\/v2\/media\/130279"}],"wp:attachment":[{"href":"https:\/\/www.europesays.com\/pt\/wp-json\/wp\/v2\/media?parent=130278"}],"wp:term":[{"taxonomy":"category","embeddable":true,"href":"https:\/\/www.europesays.com\/pt\/wp-json\/wp\/v2\/categories?post=130278"},{"taxonomy":"post_tag","embeddable":true,"href":"https:\/\/www.europesays.com\/pt\/wp-json\/wp\/v2\/tags?post=130278"}],"curies":[{"name":"wp","href":"https:\/\/api.w.org\/{rel}","templated":true}]}}