{"id":130310,"date":"2025-10-28T20:19:21","date_gmt":"2025-10-28T20:19:21","guid":{"rendered":"https:\/\/www.europesays.com\/pt\/130310\/"},"modified":"2025-10-28T20:19:21","modified_gmt":"2025-10-28T20:19:21","slug":"mau-tempo-protecao-civil-avisa-para-a-possibilidade-de-inundacoes-e-cheias-nos-proximos-dias","status":"publish","type":"post","link":"https:\/\/www.europesays.com\/pt\/130310\/","title":{"rendered":"Mau tempo. Prote\u00e7\u00e3o Civil avisa para a possibilidade de inunda\u00e7\u00f5es e cheias nos pr\u00f3ximos dias"},"content":{"rendered":"<p>                O Instituto Portugu\u00eas do Mar e da Atmosfera (IPMA) prev\u00ea para os pr\u00f3ximos dias a ocorr\u00eancia de precipita\u00e7\u00e3o por vezes forte e acompanhada de trovoada, bem como vento e a possibilidade de \u201cocorr\u00eancia de fen\u00f3menos extremos de vento, em especial na regi\u00e3o Sul\u201d.\u00a0<\/p>\n<p>Os <a href=\"https:\/\/www.rtp.pt\/noticias\/pais\/setubal-evora-beja-e-faro-com-aviso-laranja-devido-a-chuva_n1694176\" target=\"_blank\" rel=\"nofollow noopener\">distritos de Set\u00fabal, \u00c9vora, Beja e Faro v\u00e3o estar sob aviso laranja na quarta-feira<\/a>, a partir das 3h00 at\u00e9 \u00e0s 15h00 do mesmo dia, por &#8220;precipita\u00e7\u00e3o persistente e forte, por vezes acompanhada de trovoada e rajadas fortes&#8221;.<\/p>\n<p>No Algarve, h\u00e1 a possibilidade de forma\u00e7\u00e3o de ondas com at\u00e9 quatro metros de altura, vindas de sudoeste. Todos os restantes distritos portugueses est\u00e3o em aviso amarelo.\u00a0<\/p>\n<p>Face a estas previs\u00f5es, a Prote\u00e7\u00e3o Civil alerta para a possibilidade de \u201cocorr\u00eancia de inunda\u00e7\u00f5es em zonas urbanas\u201d ou de cheias junto a cursos de \u00e1gua, rios e ribeiras.\u00a0<\/p>\n<p>\u00c9 tamb\u00e9m expect\u00e1vel a ocorr\u00eancia de deslizamentos ou derrocadas devido \u00e0 infiltra\u00e7\u00e3o de \u00e1gua, um fen\u00f3meno que pode ser agravado na sequ\u00eancia dos inc\u00eandios rurais devido \u00e0 \u201cremo\u00e7\u00e3o do coberto vegetal\u201d.\u00a0<\/p>\n<p>A Prote\u00e7\u00e3o Civil alerta ainda para a possibilidade de \u201cpiso rodovi\u00e1rio escorregadio\u201d devido a forma\u00e7\u00e3o de len\u00e7\u00f3is de \u00e1gua ou acumula\u00e7\u00e3o de gelo ou neve. H\u00e1 tamb\u00e9m a possibilidade de arrastamento de objetos soltos para as vias rodovi\u00e1rias.\u00a0<\/p>\n<p>Neste sentido, a Prote\u00e7\u00e3o Civil recomenda que se procure garantir a \u201cdesobstru\u00e7\u00e3o dos sistemas de escoamento das \u00e1guas pluviais e retirada de inertes e outros objetos que possam ser arrastados ou criem obst\u00e1culos\u201d, bem como \u201cgarantir uma adequada fixa\u00e7\u00e3o de estruturas soltas, nomeadamente, andaimes, placards e outras estruturas suspensas\u201d.<\/p>\n<p>&#13;<br \/>\nRecomenda-se tamb\u00e9m especial cuidado com a possibilidade de queda de \u00e1rvores e ramos devido ao vento forte. Deve ainda evitar-se circular e permanecer junto da orla costeira e zonas ribeirinhas e &#8220;adotar uma condu\u00e7\u00e3o defensiva&#8221;, evitando len\u00e7\u00f3is de \u00e1gua e n\u00e3o atravessando zonas inundadas.\u00a0&#13;\n<\/p>\n<p>&#13;<br \/>\nPor fim, apela-se ainda \u00e0 popula\u00e7\u00e3o para que esteja atenta \u00e0s informa\u00e7\u00f5es da meteorologia, da Prote\u00e7\u00e3o Civil e das for\u00e7as de seguran\u00e7a.\u00a0&#13;<\/p>\n","protected":false},"excerpt":{"rendered":"O Instituto Portugu\u00eas do Mar e da Atmosfera (IPMA) prev\u00ea para os pr\u00f3ximos dias a ocorr\u00eancia de precipita\u00e7\u00e3o&hellip;\n","protected":false},"author":2,"featured_media":130311,"comment_status":"","ping_status":"","sticky":false,"template":"","format":"standard","meta":{"footnotes":""},"categories":[8],"tags":[27,28,15,16,14,25,26,21,22,12,13,19,20,32,23,24,33,420,421,17,18,29,30,31],"class_list":{"0":"post-130310","1":"post","2":"type-post","3":"status-publish","4":"format-standard","5":"has-post-thumbnail","7":"category-principais-noticias","8":"tag-breaking-news","9":"tag-breakingnews","10":"tag-featured-news","11":"tag-featurednews","12":"tag-headlines","13":"tag-latest-news","14":"tag-latestnews","15":"tag-main-news","16":"tag-mainnews","17":"tag-news","18":"tag-noticias","19":"tag-noticias-principais","20":"tag-noticiasprincipais","21":"tag-portugal","22":"tag-principais-noticias","23":"tag-principaisnoticias","24":"tag-pt","25":"tag-rtp","26":"tag-rtp-noticias","27":"tag-top-stories","28":"tag-topstories","29":"tag-ultimas","30":"tag-ultimas-noticias","31":"tag-ultimasnoticias"},"share_on_mastodon":{"url":"https:\/\/pubeurope.com\/@pt\/115453648277874721","error":""},"_links":{"self":[{"href":"https:\/\/www.europesays.com\/pt\/wp-json\/wp\/v2\/posts\/130310","targetHints":{"allow":["GET"]}}],"collection":[{"href":"https:\/\/www.europesays.com\/pt\/wp-json\/wp\/v2\/posts"}],"about":[{"href":"https:\/\/www.europesays.com\/pt\/wp-json\/wp\/v2\/types\/post"}],"author":[{"embeddable":true,"href":"https:\/\/www.europesays.com\/pt\/wp-json\/wp\/v2\/users\/2"}],"replies":[{"embeddable":true,"href":"https:\/\/www.europesays.com\/pt\/wp-json\/wp\/v2\/comments?post=130310"}],"version-history":[{"count":0,"href":"https:\/\/www.europesays.com\/pt\/wp-json\/wp\/v2\/posts\/130310\/revisions"}],"wp:featuredmedia":[{"embeddable":true,"href":"https:\/\/www.europesays.com\/pt\/wp-json\/wp\/v2\/media\/130311"}],"wp:attachment":[{"href":"https:\/\/www.europesays.com\/pt\/wp-json\/wp\/v2\/media?parent=130310"}],"wp:term":[{"taxonomy":"category","embeddable":true,"href":"https:\/\/www.europesays.com\/pt\/wp-json\/wp\/v2\/categories?post=130310"},{"taxonomy":"post_tag","embeddable":true,"href":"https:\/\/www.europesays.com\/pt\/wp-json\/wp\/v2\/tags?post=130310"}],"curies":[{"name":"wp","href":"https:\/\/api.w.org\/{rel}","templated":true}]}}