{"id":130314,"date":"2025-10-28T20:23:15","date_gmt":"2025-10-28T20:23:15","guid":{"rendered":"https:\/\/www.europesays.com\/pt\/130314\/"},"modified":"2025-10-28T20:23:15","modified_gmt":"2025-10-28T20:23:15","slug":"casa-dos-segredos-leandro-em-apuros-raquel-decifra-segredo-mas-erra-num-detalhe-induz-me-mais-a","status":"publish","type":"post","link":"https:\/\/www.europesays.com\/pt\/130314\/","title":{"rendered":"Casa dos Segredos &#8211; Leandro em apuros! Raquel decifra segredo, mas erra num detalhe: \u201cInduz-me mais a&#8230;\u201d"},"content":{"rendered":"<p>Depois de um <strong>Especial<\/strong> com a <strong>Cristina Ferreira<\/strong> em que <strong>Leandro<\/strong> <a href=\"https:\/\/www.novagente.pt\/casa-dos-segredos-bingo-leandro-carregou-no-botao-acertou-em-cheio-no-segredo-desta-colega\" rel=\"nofollow noopener\" target=\"_blank\">desvendou<\/a> o segredo de <strong>Marisa Susana<\/strong>, \u00e9 agora o segredo do jovem que est\u00e1 em risco.<\/p>\n<p>Esta ter\u00e7a-feira, 28 de outubro, os concorrentes foram presenteados com uma nova pista. Na montra da casa aparecia um\u00a0<strong>manequim vestido como um assaltante<\/strong>, com um <strong>fato preto e encarapu\u00e7ado<\/strong>.<\/p>\n<p>No jardim, Marisa Susana,<strong> Raquel e Liliana<\/strong> debatem teorias \u00e0 volta da pista e relacionam com anteriores.<\/p>\n<blockquote>\n<p><strong>Leia tamb\u00e9m: Casa dos Segredos &#8211; <\/strong><a href=\"https:\/\/www.novagente.pt\/casa-dos-segredos-marisa-susana-explica-seu-insolito-segredo-casei-me-sozinha-tive-noite-de-nupcias\" rel=\"nofollow noopener\" target=\"_blank\">Marisa Susana explica o seu ins\u00f3lito segredo: &#8220;Casei-me sozinha e tive noite de n\u00fapcias&#8221;<\/a><\/p>\n<\/blockquote>\n<p><strong>\u201cTens de juntares as outras [pistas]: tens algemas, um cassetete, tens uma carteira com uma faca e a palavra assalto\u201d<\/strong>, come\u00e7ou por enumerar Raquel.<\/p>\n<p><strong>\u201cNeste caso \u00e9 um assalto \u00e0 m\u00e3o armada, por causa da carteira com a faca\u201d<\/strong>, lan\u00e7ou a sua teoria, mas erra no ponto seguinte: <strong>\u201cA mim induz-me mais a fiz, que \u00e9 a pessoa [que cometeu o crime]\u201d<\/strong>.<\/p>\n<p>Para al\u00e9m disso, Raquel aponta este segredo para <strong>Bruno Sim\u00e3o<\/strong> ou <strong>Dylan<\/strong>, nunca para o Leandro, que <a href=\"https:\/\/www.novagente.pt\/casa-dos-segredos-assustador-segredo-que-leandro-esconde-que-lhe-provocou-uma-vida-de-sofrimento\" rel=\"nofollow noopener\" target=\"_blank\">tem o segredo<\/a> \u201cfui assaltado \u00e0 m\u00e3o armada\u201d.<\/p>\n<p>\u00a0<\/p>\n<p>Texto: Carolina Charrua; Fotos: Redes sociais<\/p>\n<p class=\"intagram-text\">Siga a Nova Gente no Instagram<\/p>\n<p>                        <a href=\"https:\/\/www.instagram.com\/revistanovagente\/\" target=\"_blank\" aria-label=\"instagram\" rel=\"noopener nofollow\"><img decoding=\"async\" style=\"display: block; margin-left: auto; margin-right: auto; width: 250px; height: 83px;\" src=\"https:\/\/www.europesays.com\/pt\/wp-content\/uploads\/2025\/10\/Instagram_NG.png\" alt=\"instagram\"\/><\/a><br \/>\n                    <script async src=\"\/\/www.instagram.com\/embed.js\"><\/script><\/p>\n","protected":false},"excerpt":{"rendered":"Depois de um Especial com a Cristina Ferreira em que Leandro desvendou o segredo de Marisa Susana, \u00e9&hellip;\n","protected":false},"author":2,"featured_media":130315,"comment_status":"","ping_status":"","sticky":false,"template":"","format":"standard","meta":{"footnotes":""},"categories":[142],"tags":[2632,166,114,115,12397,32,33,5936,1315,7958,151,162],"class_list":{"0":"post-130314","1":"post","2":"type-post","3":"status-publish","4":"format-standard","5":"has-post-thumbnail","7":"category-tv","8":"tag-casa-dos-segredos","9":"tag-cristina-ferreira","10":"tag-entertainment","11":"tag-entretenimento","12":"tag-leandro","13":"tag-portugal","14":"tag-pt","15":"tag-raquel","16":"tag-secret-story","17":"tag-segredo","18":"tag-tv","19":"tag-tvi"},"share_on_mastodon":{"url":"https:\/\/pubeurope.com\/@pt\/115453664068088105","error":""},"_links":{"self":[{"href":"https:\/\/www.europesays.com\/pt\/wp-json\/wp\/v2\/posts\/130314","targetHints":{"allow":["GET"]}}],"collection":[{"href":"https:\/\/www.europesays.com\/pt\/wp-json\/wp\/v2\/posts"}],"about":[{"href":"https:\/\/www.europesays.com\/pt\/wp-json\/wp\/v2\/types\/post"}],"author":[{"embeddable":true,"href":"https:\/\/www.europesays.com\/pt\/wp-json\/wp\/v2\/users\/2"}],"replies":[{"embeddable":true,"href":"https:\/\/www.europesays.com\/pt\/wp-json\/wp\/v2\/comments?post=130314"}],"version-history":[{"count":0,"href":"https:\/\/www.europesays.com\/pt\/wp-json\/wp\/v2\/posts\/130314\/revisions"}],"wp:featuredmedia":[{"embeddable":true,"href":"https:\/\/www.europesays.com\/pt\/wp-json\/wp\/v2\/media\/130315"}],"wp:attachment":[{"href":"https:\/\/www.europesays.com\/pt\/wp-json\/wp\/v2\/media?parent=130314"}],"wp:term":[{"taxonomy":"category","embeddable":true,"href":"https:\/\/www.europesays.com\/pt\/wp-json\/wp\/v2\/categories?post=130314"},{"taxonomy":"post_tag","embeddable":true,"href":"https:\/\/www.europesays.com\/pt\/wp-json\/wp\/v2\/tags?post=130314"}],"curies":[{"name":"wp","href":"https:\/\/api.w.org\/{rel}","templated":true}]}}