{"id":130323,"date":"2025-10-28T20:28:08","date_gmt":"2025-10-28T20:28:08","guid":{"rendered":"https:\/\/www.europesays.com\/pt\/130323\/"},"modified":"2025-10-28T20:28:08","modified_gmt":"2025-10-28T20:28:08","slug":"alba-baptista-e-chris-evans-dao-as-boas-vindas-ao-primeiro-filho-celebridades","status":"publish","type":"post","link":"https:\/\/www.europesays.com\/pt\/130323\/","title":{"rendered":"Alba Baptista e Chris Evans d\u00e3o as boas-vindas ao primeiro filho | Celebridades"},"content":{"rendered":"<p>Nasceu o primeiro beb\u00e9 de Alba Baptista e Chris Evans. A actriz portuguesa deu \u00e0 luz no s\u00e1bado, dia 25 de Outubro, em Massachusetts, nos Estados Unidos. A gravidez da actriz n\u00e3o era conhecida, mas um coment\u00e1rio do seu pai, Luiz Baptista, num v\u00eddeo do TikTok a prop\u00f3sito do Dia do Pai lan\u00e7ou os rumores. \u201cMuito obrigado, querido Chris. A tua vez est\u00e1 a chegar\u201d, dizia em Mar\u00e7o passado.<\/p>\n<p>Chris Evans, conhecido no grande ecr\u00e3 por \u201c<a href=\"https:\/\/www.publico.pt\/2010\/03\/23\/culturaipsilon\/noticia\/chris-evans-vai-ser-o-capitao-america-no-cinema--253141\" rel=\"nofollow noopener\" target=\"_blank\">Capit\u00e3o Am\u00e9rica<\/a>\u201d, e Alba Baptista casaram em Setembro de 2023. De acordo com a imprensa internacional, o casal conheceu-se dois anos antes, em 2021, quando ambos estavam em grava\u00e7\u00f5es na Europa. Na altura, Alba Baptista gravava a segunda temporada de <a href=\"https:\/\/www.publico.pt\/2020\/08\/11\/impar\/noticia\/alba-baptista-actor-evocar-emocao-partilhar-verdades-1927622\" rel=\"nofollow noopener\" target=\"_blank\">\u201c\u200bWarrior Nun\u201d<\/a>\u200b, s\u00e9rie da <a href=\"https:\/\/www.publico.pt\/netflix\" rel=\"nofollow noopener\" target=\"_blank\">Netflix<\/a><a href=\"https:\/\/www.publico.pt\/netflix\" rel=\"nofollow noopener\" target=\"_blank\"> <\/a>na qual \u00e9 protagonista. Chris Evans estava nas filmagens de \u201c<a href=\"https:\/\/cinecartaz.publico.pt\/filme\/the-gray-man---o-agente-oculto-408238\" rel=\"nofollow noopener\" target=\"_blank\">Agente Oculto<\/a>\u201d, filme da mesma plataforma de streaming.<\/p>\n<p>O \u201csim\u201d foi trocado, <a href=\"https:\/\/pagesix.com\/2023\/09\/10\/chris-evans-marries-alba-baptista\/\" rel=\"nofollow noopener\" target=\"_blank\">avan\u00e7ou o Page Six<\/a> numa cerim\u00f3nia \u00edntima que teve lugar em Massachusetts, na casa do actor, na zona de Boston. O momento do casamento tamb\u00e9m n\u00e3o foi partilhado nas redes sociais: ali\u00e1s, todos os convidados assinaram termos de confidencialidade e tiveram de entregar os seus telem\u00f3veis \u00e0 chegada.<\/p>\n<p>Em 2022, numa <a href=\"https:\/\/people.com\/chris-evans-reveals-details-behind-proposal-to-wife-alba-baptista-11750325\" rel=\"nofollow noopener\" target=\"_blank\">entrevista \u00e0 revista People<\/a>, Chris Evans confessou o desejo que tinha de ser pai. \u201cMulher, filhos, construir fam\u00edlia. Quando l\u00eas sobre a maior parte dos melhores artistas, sejam eles actores, pintores, escritores, a maior parte admite que n\u00e3o foi o trabalho que fizeram [que os deixou mais orgulhosos], foi sobre as rela\u00e7\u00f5es, as fam\u00edlias que criaram, o amor que encontraram, o amor que partilharam\u201d, confessou o actor.<\/p>\n","protected":false},"excerpt":{"rendered":"Nasceu o primeiro beb\u00e9 de Alba Baptista e Chris Evans. A actriz portuguesa deu \u00e0 luz no s\u00e1bado,&hellip;\n","protected":false},"author":2,"featured_media":130324,"comment_status":"","ping_status":"","sticky":false,"template":"","format":"standard","meta":{"footnotes":""},"categories":[85],"tags":[211,4417,114,115,981,708,29543,542,32,33,4156],"class_list":{"0":"post-130323","1":"post","2":"type-post","3":"status-publish","4":"format-standard","5":"has-post-thumbnail","7":"category-entretenimento","8":"tag-celebridades","9":"tag-chris-evans","10":"tag-entertainment","11":"tag-entretenimento","12":"tag-familia","13":"tag-impar","14":"tag-pais-e-filhos","15":"tag-para-redes","16":"tag-portugal","17":"tag-pt","18":"tag-relacoes"},"share_on_mastodon":{"url":"https:\/\/pubeurope.com\/@pt\/115453683666614002","error":""},"_links":{"self":[{"href":"https:\/\/www.europesays.com\/pt\/wp-json\/wp\/v2\/posts\/130323","targetHints":{"allow":["GET"]}}],"collection":[{"href":"https:\/\/www.europesays.com\/pt\/wp-json\/wp\/v2\/posts"}],"about":[{"href":"https:\/\/www.europesays.com\/pt\/wp-json\/wp\/v2\/types\/post"}],"author":[{"embeddable":true,"href":"https:\/\/www.europesays.com\/pt\/wp-json\/wp\/v2\/users\/2"}],"replies":[{"embeddable":true,"href":"https:\/\/www.europesays.com\/pt\/wp-json\/wp\/v2\/comments?post=130323"}],"version-history":[{"count":0,"href":"https:\/\/www.europesays.com\/pt\/wp-json\/wp\/v2\/posts\/130323\/revisions"}],"wp:featuredmedia":[{"embeddable":true,"href":"https:\/\/www.europesays.com\/pt\/wp-json\/wp\/v2\/media\/130324"}],"wp:attachment":[{"href":"https:\/\/www.europesays.com\/pt\/wp-json\/wp\/v2\/media?parent=130323"}],"wp:term":[{"taxonomy":"category","embeddable":true,"href":"https:\/\/www.europesays.com\/pt\/wp-json\/wp\/v2\/categories?post=130323"},{"taxonomy":"post_tag","embeddable":true,"href":"https:\/\/www.europesays.com\/pt\/wp-json\/wp\/v2\/tags?post=130323"}],"curies":[{"name":"wp","href":"https:\/\/api.w.org\/{rel}","templated":true}]}}