{"id":130333,"date":"2025-10-28T20:34:13","date_gmt":"2025-10-28T20:34:13","guid":{"rendered":"https:\/\/www.europesays.com\/pt\/130333\/"},"modified":"2025-10-28T20:34:13","modified_gmt":"2025-10-28T20:34:13","slug":"poliana-rocha-mostra-ida-de-leonardo-ao-hospital-e-explica-o-motivo-fazer","status":"publish","type":"post","link":"https:\/\/www.europesays.com\/pt\/130333\/","title":{"rendered":"Poliana Rocha mostra ida de Leonardo ao hospital e explica o motivo: &#8216;Fazer&#8217;"},"content":{"rendered":"<p>A influenciadora digital e jornalista\u00a0<a href=\"https:\/\/caras.com.br\/tags\/poliana-rocha\" rel=\"nofollow noopener\" target=\"_blank\"><strong>Poliana Rocha<\/strong><\/a> usou as redes sociais para compartilhar um cuidado com a sa\u00fade do marido, o cantor <a href=\"https:\/\/caras.com.br\/tags\/leonardo\" target=\"_blank\" rel=\"noopener nofollow\"><strong>Leonardo<\/strong><\/a>. Nesta ter\u00e7a-feira, 28, ela compartilhou que levou o companheiro ao Hospital Albert Einstein, em Goi\u00e2nia, para exames m\u00e9dicos de rotina.<\/p>\n<p>Nas publica\u00e7\u00f5es, Poliana mostrou uma imagem no carro ao lado do cantor e, em seguida, ele deitado em uma maca enquanto um m\u00e9dico realizava exames de imagem. \u201cUma vez por ano trago o L\u00e9o para fazer um check-up!! Hoje \u00e9 dia dos USGs\u201d, escreveu ela ao postar a foto.<\/p>\n<p> <img loading=\"lazy\" decoding=\"async\" class=\"size-full wp-image-1023561 img-fluid lazy\" alt=\"Poliana Rocha mostra ida de Leonardo ao hospital - Foto: Instagram @poliana \" width=\"388\" height=\"695\" src=\"https:\/\/www.europesays.com\/pt\/wp-content\/uploads\/2025\/10\/poliana-7.jpg\"  \/>Poliana Rocha mostra ida de Leonardo ao hospital \u2013 Foto: Instagram @poliana Poliana Rocha exp\u00f5e crise de ci\u00fames ap\u00f3s ver marca de batom em Leonardo <\/p>\n<p>Em recente entrevista \u00a0no programa\u00a0<a href=\"https:\/\/caras.com.br\/tags\/sensacional\" rel=\"nofollow noopener\" target=\"_blank\">Sensacional,<\/a> da RedeTV!, Poliana falou sobre sua rela\u00e7\u00e3o com o marido e <a href=\"https:\/\/caras.com.br\/atualidades\/poliana-rocha-expoe-crise-de-ciumes-de-leonardo-ele-ficou-mais-bravo-comigo.phtml\" rel=\"nofollow noopener\" target=\"_blank\">relembrou um<\/a> mal-entendido que a fez pensar que o artista a tinha tra\u00eddo. Durante o bate-papo, a apresentadora\u00a0<strong>Daniela Albuquerque<\/strong>\u00a0questionou:\u00a0\u201cComo \u00e9 sua rela\u00e7\u00e3o com o ci\u00fames? Porque ele \u00e9 super famoso. Voc\u00ea j\u00e1 teve alguma crise de ci\u00fames com ele?\u201d\u00a0<\/p>\n<p>\u201cJ\u00e1 tive l\u00e1 atr\u00e1s. Mas hoje eu estou t\u00e3o segura\u201d, respondeu ela, que recordou um mal-entendido no passado. \u201cTeve uma crise de ci\u00fames assim que eu me arrependo mesmo de ter feito isso\u201d, disse ela, que em seguida contou detalhes do ocorrido.<\/p>\n<p>De acordo com Poliana, pouco antes de Leonardo subir ao palco para mais um show, sua filha J\u00e9ssica Costa passou pelo camarim para lhe dar um beijo. Os dois se cumprimentaram, e J\u00e9ssica estava com batom vermelho. Em seguida, Poliana entrou no camarim, percebeu a marca de batom no rosto do marido e, sem saber que havia sido da filha, acabou interpretando a situa\u00e7\u00e3o de maneira equivocada. <a href=\"https:\/\/caras.com.br\/atualidades\/poliana-rocha-expoe-crise-de-ciumes-apos-ver-marca-de-batom-em-leonardo-virei-uma-onca.phtml\" rel=\"nofollow noopener\" target=\"_blank\">Veja como terminou essa hist\u00f3ria aqui!<\/a><\/p>\n<p>Leia tamb\u00e9m:\u00a0<a href=\"https:\/\/caras.com.br\/tv\/poliana-rocha-relembra-pedido-que-ouviu-de-ze-felipe-no-inicio-do-namoro-com-virginia-nao-fala.phtml\" rel=\"nofollow noopener\" target=\"_blank\">Poliana Rocha relembra pedido que ouviu de Z\u00e9 Felipe no in\u00edcio do namoro com Virginia: \u2018N\u00e3o fala\u2019<\/a><\/p>\n<p> <img loading=\"lazy\" decoding=\"async\" class=\"size-full wp-image-1022167 img-fluid lazy\" alt=\"Poliana e Leonardo\" width=\"600\" height=\"828\" src=\"https:\/\/www.europesays.com\/pt\/wp-content\/uploads\/2025\/10\/poliana-rocha-e-leonardo-look.jpeg\"  \/>Poliana e Leonardo \u2013 Foto: Instagram <img loading=\"lazy\" decoding=\"async\" class=\"size-full wp-image-1005101 img-fluid lazy\" alt=\"Poliana Rocha e Leonardo -Foto: Reprodu\u00e7\u00e3o\/Instagram\" width=\"1920\" height=\"1080\" src=\"https:\/\/www.europesays.com\/pt\/wp-content\/uploads\/2025\/10\/poliana-rocha-3.jpg\"  \/>Poliana Rocha e Leonardo -Foto: Reprodu\u00e7\u00e3o\/Instagram \t\t\t<\/p>\n<p>        <a href=\"https:\/\/caras.com.br\/autor\/juliana-dracz\" rel=\"nofollow noopener\" target=\"_blank\">&#13;<br \/>\n          <img loading=\"lazy\" decoding=\"async\" alt=\"Juliana Dracz\" src=\"https:\/\/www.europesays.com\/pt\/wp-content\/uploads\/2025\/09\/436551461_2434711450057729_5105646040807821088_n_sqmd.png\" class=\"avatar avatar-115 photo rounded-circle\" height=\"115\" width=\"115\"\/>        <\/a><\/p>\n<p>Juliana Dracz \u00e9 rep\u00f3rter de conte\u00fado do site CARAS. Formada em Jornalismo pela Universidade Cat\u00f3lica de Bras\u00edlia, ela j\u00e1 trabalhou em grandes sites de entretenimento. Atualmente, escreve sobre novelas, celebridades e TV.<\/p>\n","protected":false},"excerpt":{"rendered":"A influenciadora digital e jornalista\u00a0Poliana Rocha usou as redes sociais para compartilhar um cuidado com a sa\u00fade do&hellip;\n","protected":false},"author":2,"featured_media":130334,"comment_status":"","ping_status":"","sticky":false,"template":"","format":"standard","meta":{"footnotes":""},"categories":[145],"tags":[211,210,114,115,2159,5548,32,33],"class_list":{"0":"post-130333","1":"post","2":"type-post","3":"status-publish","4":"format-standard","5":"has-post-thumbnail","7":"category-celebridades","8":"tag-celebridades","9":"tag-celebrities","10":"tag-entertainment","11":"tag-entretenimento","12":"tag-leonardo","13":"tag-poliana-rocha","14":"tag-portugal","15":"tag-pt"},"share_on_mastodon":{"url":"https:\/\/pubeurope.com\/@pt\/115453707758636005","error":""},"_links":{"self":[{"href":"https:\/\/www.europesays.com\/pt\/wp-json\/wp\/v2\/posts\/130333","targetHints":{"allow":["GET"]}}],"collection":[{"href":"https:\/\/www.europesays.com\/pt\/wp-json\/wp\/v2\/posts"}],"about":[{"href":"https:\/\/www.europesays.com\/pt\/wp-json\/wp\/v2\/types\/post"}],"author":[{"embeddable":true,"href":"https:\/\/www.europesays.com\/pt\/wp-json\/wp\/v2\/users\/2"}],"replies":[{"embeddable":true,"href":"https:\/\/www.europesays.com\/pt\/wp-json\/wp\/v2\/comments?post=130333"}],"version-history":[{"count":0,"href":"https:\/\/www.europesays.com\/pt\/wp-json\/wp\/v2\/posts\/130333\/revisions"}],"wp:featuredmedia":[{"embeddable":true,"href":"https:\/\/www.europesays.com\/pt\/wp-json\/wp\/v2\/media\/130334"}],"wp:attachment":[{"href":"https:\/\/www.europesays.com\/pt\/wp-json\/wp\/v2\/media?parent=130333"}],"wp:term":[{"taxonomy":"category","embeddable":true,"href":"https:\/\/www.europesays.com\/pt\/wp-json\/wp\/v2\/categories?post=130333"},{"taxonomy":"post_tag","embeddable":true,"href":"https:\/\/www.europesays.com\/pt\/wp-json\/wp\/v2\/tags?post=130333"}],"curies":[{"name":"wp","href":"https:\/\/api.w.org\/{rel}","templated":true}]}}