{"id":130335,"date":"2025-10-28T20:35:17","date_gmt":"2025-10-28T20:35:17","guid":{"rendered":"https:\/\/www.europesays.com\/pt\/130335\/"},"modified":"2025-10-28T20:35:17","modified_gmt":"2025-10-28T20:35:17","slug":"dgartes-diretor-geral-reconhece-fragilidade-na-arte-contemporanea","status":"publish","type":"post","link":"https:\/\/www.europesays.com\/pt\/130335\/","title":{"rendered":"DGArtes. Diretor-geral reconhece &#8220;fragilidade&#8221; na arte contempor\u00e2nea"},"content":{"rendered":"<p>Am\u00e9rico Rodrigues, num discurso no 2.\u00ba Encontro da RPAC, a decorrer em Santo Tirso, falava sobre a import\u00e2ncia do programa de forma\u00e7\u00e3o e capacita\u00e7\u00e3o da RPAC, atrav\u00e9s do qual a DGArtes percebeu &#8220;rapidamente&#8221; que &#8220;havia muita fragilidade nomeadamente dos equipamentos ligados \u00e0s c\u00e2maras [municipais], no que se refere aos equipamentos propriamente ditos, \u00e0 sua manuten\u00e7\u00e3o, \u00e0 conserva\u00e7\u00e3o das obras, mas tamb\u00e9m \u00e0 forma\u00e7\u00e3o em \u00e1reas como a curadoria ou tamb\u00e9m a media\u00e7\u00e3o, para dar apenas dois exemplos&#8221;.<\/p>\n<p>De acordo com o diretor-geral das Artes, o programa de forma\u00e7\u00e3o e capacita\u00e7\u00e3o envolveu mais de 200 profissionais de entidades ligadas \u00e0 RPAC, &#8220;mas chegou a um total de 500 participantes&#8221;. &#8220;A RPAC promove, mas tamb\u00e9m podem participar t\u00e9cnicos, nomeadamente das autarquias nesta forma\u00e7\u00e3o&#8221;, referiu.<\/p>\n<p>Criada em 2021, a RPAC \u00e9 atualmente composta por 81 entidades, que congregam 97 espa\u00e7os e equipamentos em todo o territ\u00f3rio nacional.<\/p>\n<p>At\u00e9 05 de dezembro est\u00e3o abertas as candidaturas para a 2.\u00aa edi\u00e7\u00e3o do programa de apoio a projetos da RPAC, com uma dota\u00e7\u00e3o de dois milh\u00f5es de euros.<\/p>\n<p>Na 1\u00aa. edi\u00e7\u00e3o foram apoiados 19 projetos de entidades como a Culturgest, o Museu de Arte Contempor\u00e2nea de Elvas, o Museu de Arte Contempor\u00e2nea da Madeira, a Bienal de Cerveira, a Associa\u00e7\u00e3o Appleton ou o Theatro Circo.<\/p>\n<p>Nesse programa de apoio, que abriu no final de 2023 tamb\u00e9m com uma dota\u00e7\u00e3o de dois milh\u00f5es de euros, ficaram sem apoio cinco candidaturas.<\/p>\n<p>Am\u00e9rico Rodrigues destacou alguns dos &#8220;elementos novos&#8221; na 2.\u00aa edi\u00e7\u00e3o do programa de apoio, nomeadamente o &#8220;apelo \u00e0 promo\u00e7\u00e3o da circula\u00e7\u00e3o internacional de obras, artistas e projetos&#8221;.<\/p>\n<p>&#8220;\u00c9 sempre uma escolha, mas quem quiser promover, incentivar este lado da circula\u00e7\u00e3o internacional, tem agora ali hip\u00f3teses de financiamento. Depois h\u00e1 tamb\u00e9m um est\u00edmulo \u00e0 transi\u00e7\u00e3o digital nos dom\u00ednios art\u00edsticos&#8221;, referiu.<\/p>\n<p>Al\u00e9m disso, h\u00e1 &#8220;novidades na composi\u00e7\u00e3o das parcerias&#8221;. &#8220;\u00c0 semelhan\u00e7a do ano anterior, os projetos e atividades ser\u00e3o apresentados em parceria, composta no m\u00ednimo por tr\u00eas entidades que integrem a RPAC. Este ano pode haver a possibilidade de parceria com a Cole\u00e7\u00e3o de Arte Contempor\u00e2nea do Estado (CACE)&#8221;, disse.<\/p>\n<p>Am\u00e9rico Rodrigues referiu que tal acontece porque a CACE, iniciada em 1976, &#8220;tem que ser lembrada e divulgada&#8221;, e &#8220;tem um acervo, tem uma cole\u00e7\u00e3o important\u00edssima&#8221;.<\/p>\n<p>&#8220;Os projetos podem ser apresentados por duas entidades da RPAC e pela CACE. Mas isso s\u00e3o op\u00e7\u00f5es. Nesta e noutras redes s\u00e3o op\u00e7\u00f5es de quem concorre&#8221;, disse.<\/p>\n<p>Criada nos anos 1970 com o objetivo de se converter numa cole\u00e7\u00e3o representativa da produ\u00e7\u00e3o art\u00edstica nacional, a ent\u00e3o &#8220;Cole\u00e7\u00e3o SEC&#8221; foi fazendo aquisi\u00e7\u00f5es ao longo das d\u00e9cadas, mas ficou paralisada durante cerca de vinte anos.<\/p>\n<p>As aquisi\u00e7\u00f5es foram retomadas em 2019, atrav\u00e9s da cria\u00e7\u00e3o de comiss\u00f5es para identificar obras de artistas pl\u00e1sticos contempor\u00e2neos, com vista \u00e0 integra\u00e7\u00e3o no programa de aquisi\u00e7\u00e3o de arte contempor\u00e2nea portuguesa do Estado.<\/p>\n<p>Esse programa foi retomado pelo Governo depois de um grupo de 200 artistas pl\u00e1sticos ter, em 2018, exigido medidas urgentes para o setor da arte contempor\u00e2nea ao ent\u00e3o primeiro-ministro, Ant\u00f3nio Costa, que lan\u00e7ou um programa de aquisi\u00e7\u00f5es a dez anos, come\u00e7ando com um or\u00e7amento de 300 mil euros para 2019.<\/p>\n<p>A CACE \u00e9 atualmente composta por um acervo com mais de duas mil obras, e inclui trabalhos de pintura, escultura, fotografia, v\u00eddeo, instala\u00e7\u00e3o, entre outros meios, abrangendo diversas gera\u00e7\u00f5es e linguagens art\u00edsticas.<\/p>\n<p>Na CACE est\u00e3o representados alguns dos mais importantes artistas portugueses, como Juli\u00e3o Sarmento, Artur Bual, J\u00falio Pomar, Maria Keil, Ilda David, J\u00falio Resende, Helena Almeida, Noronha da Costa, Jos\u00e9 Guimar\u00e3es, Abel Manta ou Nikias Skapinakis.<\/p>\n<p>As obras est\u00e3o, na sua maioria, depositadas em v\u00e1rias institui\u00e7\u00f5es, dentro e fora do pa\u00eds, das quais se destacam a Funda\u00e7\u00e3o de Serralves, a Funda\u00e7\u00e3o do Centro Cultural de Bel\u00e9m, a C\u00e2mara Municipal de Coimbra e C\u00e2mara Municipal do Porto.<\/p>\n<p>Atualmente, a CACE est\u00e1 integrada na Museus e Monumentos de Portugal, E.P.E. e tem, desde 2022, como curadora Sandra Vieira J\u00fcrgens.<\/p>\n<p>J\u00e1 com J\u00fcrgens em fun\u00e7\u00f5es, a CACE deu in\u00edcio a um programa de itiner\u00e2ncia que tem levado a cole\u00e7\u00e3o a v\u00e1rios pontos do pa\u00eds.<\/p>\n<p>Leia Tamb\u00e9m: <a href=\"https:\/\/www.noticiasaominuto.com\/cultura\/2875617\/dgartes-abre-programa-a-projetos-da-rede-portuguesa-de-arte-contemporanea\" target=\"_blank\" rel=\"noreferrer noopener nofollow\">DGArtes abre programa a projetos da Rede Portuguesa de Arte Contempor\u00e2nea<\/a><\/p>\n","protected":false},"excerpt":{"rendered":"Am\u00e9rico Rodrigues, num discurso no 2.\u00ba Encontro da RPAC, a decorrer em Santo Tirso, falava sobre a import\u00e2ncia&hellip;\n","protected":false},"author":2,"featured_media":130336,"comment_status":"","ping_status":"","sticky":false,"template":"","format":"standard","meta":{"footnotes":""},"categories":[144],"tags":[207,205,206,203,201,202,204,114,115,32,33],"class_list":{"0":"post-130335","1":"post","2":"type-post","3":"status-publish","4":"format-standard","5":"has-post-thumbnail","7":"category-arte-e-design","8":"tag-arte","9":"tag-arte-e-design","10":"tag-artedesign","11":"tag-arts","12":"tag-arts-and-design","13":"tag-artsanddesign","14":"tag-design","15":"tag-entertainment","16":"tag-entretenimento","17":"tag-portugal","18":"tag-pt"},"share_on_mastodon":{"url":"https:\/\/pubeurope.com\/@pt\/115453711030156962","error":""},"_links":{"self":[{"href":"https:\/\/www.europesays.com\/pt\/wp-json\/wp\/v2\/posts\/130335","targetHints":{"allow":["GET"]}}],"collection":[{"href":"https:\/\/www.europesays.com\/pt\/wp-json\/wp\/v2\/posts"}],"about":[{"href":"https:\/\/www.europesays.com\/pt\/wp-json\/wp\/v2\/types\/post"}],"author":[{"embeddable":true,"href":"https:\/\/www.europesays.com\/pt\/wp-json\/wp\/v2\/users\/2"}],"replies":[{"embeddable":true,"href":"https:\/\/www.europesays.com\/pt\/wp-json\/wp\/v2\/comments?post=130335"}],"version-history":[{"count":0,"href":"https:\/\/www.europesays.com\/pt\/wp-json\/wp\/v2\/posts\/130335\/revisions"}],"wp:featuredmedia":[{"embeddable":true,"href":"https:\/\/www.europesays.com\/pt\/wp-json\/wp\/v2\/media\/130336"}],"wp:attachment":[{"href":"https:\/\/www.europesays.com\/pt\/wp-json\/wp\/v2\/media?parent=130335"}],"wp:term":[{"taxonomy":"category","embeddable":true,"href":"https:\/\/www.europesays.com\/pt\/wp-json\/wp\/v2\/categories?post=130335"},{"taxonomy":"post_tag","embeddable":true,"href":"https:\/\/www.europesays.com\/pt\/wp-json\/wp\/v2\/tags?post=130335"}],"curies":[{"name":"wp","href":"https:\/\/api.w.org\/{rel}","templated":true}]}}