{"id":130351,"date":"2025-10-28T20:56:08","date_gmt":"2025-10-28T20:56:08","guid":{"rendered":"https:\/\/www.europesays.com\/pt\/130351\/"},"modified":"2025-10-28T20:56:08","modified_gmt":"2025-10-28T20:56:08","slug":"se-agora-fossemos-para-o-quarto-secreto","status":"publish","type":"post","link":"https:\/\/www.europesays.com\/pt\/130351\/","title":{"rendered":"Se agora f\u00f4ssemos para o quarto secreto&#8230;"},"content":{"rendered":"<p>\t\t\t\t\t\t\t\t\t\t\t\t\t\tPedro Jorge e Marisa t\u00eam dois dos segredos mais dif\u00edceis de esconder nesta edi\u00e7\u00e3o da \u201cCasa dos Segredos\u201d.<\/p>\n<p>Os dois concorrentes mant\u00e9m uma rela\u00e7\u00e3o de longa data, com dois filhos em comum, mas os colegas n\u00e3o podem sequer desconfiar desta rela\u00e7\u00e3o.<\/p>\n<p>Nesta ter\u00e7a-feira, 28 de outubro, Marisa mostrou-se nost\u00e1lgica e o clima aqueceu rapidamente, com provoca\u00e7\u00f5es picantes: <strong>\u201cS\u00f3 de pensar que assim a chover \u00edamos buscar os pequenitos \u00e0 escolinha com o guarda-chuva. Estes dias de chuva s\u00f3 me faz lembrar estarmos em casa, com a lareirinha acesa, termos assim uma sess\u00e3o de amor maravilhosa\u201d.<\/strong><\/p>\n<p>Pedro Jorge reagiu:<strong> \u201cJ\u00e1 te disse que \u00e9s a mulher mais bonita deste mundo? E tudo o que digo \u00e0s vezes para de magoar, nunca \u00e9 nada sentido\u201d<\/strong>.<\/p>\n<p><strong>\u201cPois, mas dizes e depois magoas-me porque nunca dizes essas coisas e aqui dizes. Mas pronto, aqui o sentimento est\u00e1 mesmo \u00e0 flor da pele\u201d <\/strong>\u2013 confessou a concorrente.<\/p>\n<p>Num outro momento, Pedro Jorge sugeriu: <strong>\u201cEstava-te a dizer que, neste tempo de chuva, se agora f\u00f4ssemos para o quarto secreto\u2026\u201d<\/strong>.<\/p>\n<p><strong>\u201cJ\u00e1 est\u00e1s com uma mente perversa\u201d<\/strong> \u2013 comentou Marisa, ao que o marido retorquiu:<strong> \u201cEu n\u00e3o, tu \u00e9 que me p\u00f5es assim\u201d<\/strong>.<\/p>\n<p>Veja os momentos <a href=\"https:\/\/x.com\/Alexxescape\/status\/1983218395437830150\" rel=\"nofollow\">aqui<\/a> e <a href=\"https:\/\/x.com\/Alexxescape\/status\/1983218395437830150\" rel=\"nofollow\">aqui<\/a>.<\/p>\n","protected":false},"excerpt":{"rendered":"Pedro Jorge e Marisa t\u00eam dois dos segredos mais dif\u00edceis de esconder nesta edi\u00e7\u00e3o da \u201cCasa dos Segredos\u201d.&hellip;\n","protected":false},"author":2,"featured_media":130352,"comment_status":"","ping_status":"","sticky":false,"template":"","format":"standard","meta":{"footnotes":""},"categories":[142],"tags":[2632,114,115,19184,21416,32,29546,33,151],"class_list":{"0":"post-130351","1":"post","2":"type-post","3":"status-publish","4":"format-standard","5":"has-post-thumbnail","7":"category-tv","8":"tag-casa-dos-segredos","9":"tag-entertainment","10":"tag-entretenimento","11":"tag-marisa","12":"tag-pedro-jorge","13":"tag-portugal","14":"tag-provocau00e7u00f5es-picantes","15":"tag-pt","16":"tag-tv"},"share_on_mastodon":{"url":"https:\/\/pubeurope.com\/@pt\/115453793573956147","error":""},"_links":{"self":[{"href":"https:\/\/www.europesays.com\/pt\/wp-json\/wp\/v2\/posts\/130351","targetHints":{"allow":["GET"]}}],"collection":[{"href":"https:\/\/www.europesays.com\/pt\/wp-json\/wp\/v2\/posts"}],"about":[{"href":"https:\/\/www.europesays.com\/pt\/wp-json\/wp\/v2\/types\/post"}],"author":[{"embeddable":true,"href":"https:\/\/www.europesays.com\/pt\/wp-json\/wp\/v2\/users\/2"}],"replies":[{"embeddable":true,"href":"https:\/\/www.europesays.com\/pt\/wp-json\/wp\/v2\/comments?post=130351"}],"version-history":[{"count":0,"href":"https:\/\/www.europesays.com\/pt\/wp-json\/wp\/v2\/posts\/130351\/revisions"}],"wp:featuredmedia":[{"embeddable":true,"href":"https:\/\/www.europesays.com\/pt\/wp-json\/wp\/v2\/media\/130352"}],"wp:attachment":[{"href":"https:\/\/www.europesays.com\/pt\/wp-json\/wp\/v2\/media?parent=130351"}],"wp:term":[{"taxonomy":"category","embeddable":true,"href":"https:\/\/www.europesays.com\/pt\/wp-json\/wp\/v2\/categories?post=130351"},{"taxonomy":"post_tag","embeddable":true,"href":"https:\/\/www.europesays.com\/pt\/wp-json\/wp\/v2\/tags?post=130351"}],"curies":[{"name":"wp","href":"https:\/\/api.w.org\/{rel}","templated":true}]}}