{"id":130393,"date":"2025-10-28T21:38:13","date_gmt":"2025-10-28T21:38:13","guid":{"rendered":"https:\/\/www.europesays.com\/pt\/130393\/"},"modified":"2025-10-28T21:38:13","modified_gmt":"2025-10-28T21:38:13","slug":"secret-story-vera-quebra-o-silencio-apos-polemica-vou-ate-ao-fim","status":"publish","type":"post","link":"https:\/\/www.europesays.com\/pt\/130393\/","title":{"rendered":"Secret Story&#8221;. Vera quebra o sil\u00eancio, ap\u00f3s pol\u00e9mica: &#8220;Vou at\u00e9 ao fim"},"content":{"rendered":"<p><a href=\"https:\/\/selfie.iol.pt\/famosos\/vera\/secret-story-vera-faz-importante-anuncio-em-breve\/20251028\/6900cdafd34e58bc679766b6\" target=\"_blank\" rel=\"nofollow noopener\">Vera<\/a> recorreu ao Instagram para deixar aquele que considerou ser um &#8220;desabafo&#8221;. &#8220;Reprovo profundamente quem fala mal do corpo de outras mulheres. O corpo n\u00e3o \u00e9 motivo de gozo, compara\u00e7\u00e3o ou ataque. Cada mulher carrega nele a respetiva hist\u00f3ria, a respetiva for\u00e7a e as respetivas cicatrizes. Ningu\u00e9m tem o direito de diminuir aquilo que n\u00e3o conhece&#8221;, come\u00e7ou por escrever a ex-concorrente de &#8220;<a href=\"https:\/\/tvi.iol.pt\/secretstory\/\" target=\"_blank\" rel=\"nofollow noopener\">Secret Story &#8211; Casa dos Segredos<\/a>&#8220;.<\/p>\n<p>&#8220;Criticar o corpo de outra pessoa n\u00e3o \u00e9 &#8216;opini\u00e3o&#8217;. \u00c9 crueldade. E n\u00e3o passo pano para isso. Vou at\u00e9 ao fim a defender quem se sente atingida por coment\u00e1rios maldosos, humilha\u00e7\u00f5es ou piadas disfar\u00e7adas&#8221;, assinalou, antes de sublinhar: &#8220;Respeito \u00e9 o m\u00ednimo. Empatia \u00e9 escolha. Que sejamos mulheres que se apoiam, que se levantam, que se protegem. Quando uma \u00e9 atacada, n\u00e3o se ri, estende-se a m\u00e3o. Quando uma cai, n\u00e3o se pisa, ajuda-se a levantar.&#8221;<\/p>\n<p>&#8220;Somos mais fortes juntas. Sempre&#8221;, completou.<\/p>\n<p>Embora n\u00e3o se tenha referido especificamente a alguma situa\u00e7\u00e3o, este desabafo de Vera surge horas ap\u00f3s as considera\u00e7\u00f5es pol\u00e9micas de <a href=\"https:\/\/selfie.iol.pt\/famosos\/casa-dos-segredos\/secret-story-mariana-e-liliana-falam-sobre-a-aparencia-de-bruna-e-familia-da-concorrente-sai-em-defesa\/20251028\/6900e71cd34ee0c2fed1c5c6\" target=\"_blank\" rel=\"nofollow noopener\">Liliana e Mariana sobre a apar\u00eancia de Bruna<\/a>.<\/p>\n<p>Veja, agora, algumas das melhores imagens de Vera na galeria de fotografias que prepar\u00e1mos para si.<\/p>\n<blockquote class=\"instagram-media\" data-instgrm-captioned=\"\" data-instgrm-permalink=\"https:\/\/www.instagram.com\/p\/DQW0Zg3CGxa\/?utm_source=ig_embed&amp;utm_campaign=loading\" data-instgrm-version=\"14\" style=\" background:#FFF; border:0; border-radius:3px; box-shadow:0 0 1px 0 rgba(0,0,0,0.5),0 1px 10px 0 rgba(0,0,0,0.15); margin: 1px; max-width:540px; min-width:326px; padding:0; width:99.375%; width:-webkit-calc(100% - 2px); width:calc(100% - 2px);\">\n<\/blockquote>\n<p>                        <script async src=\"\/\/www.instagram.com\/embed.js\"><\/script><\/p>\n","protected":false},"excerpt":{"rendered":"Vera recorreu ao Instagram para deixar aquele que considerou ser um &#8220;desabafo&#8221;. &#8220;Reprovo profundamente quem fala mal do&hellip;\n","protected":false},"author":2,"featured_media":130394,"comment_status":"","ping_status":"","sticky":false,"template":"","format":"standard","meta":{"footnotes":""},"categories":[142],"tags":[2632,114,115,980,1015,619,32,33,1014,1315,1012,151,162,11841],"class_list":{"0":"post-130393","1":"post","2":"type-post","3":"status-publish","4":"format-standard","5":"has-post-thumbnail","7":"category-tv","8":"tag-casa-dos-segredos","9":"tag-entertainment","10":"tag-entretenimento","11":"tag-famosos","12":"tag-instagram","13":"tag-nacional","14":"tag-portugal","15":"tag-pt","16":"tag-reality-show","17":"tag-secret-story","18":"tag-selfie","19":"tag-tv","20":"tag-tvi","21":"tag-vera"},"share_on_mastodon":{"url":"https:\/\/pubeurope.com\/@pt\/115453958737396173","error":""},"_links":{"self":[{"href":"https:\/\/www.europesays.com\/pt\/wp-json\/wp\/v2\/posts\/130393","targetHints":{"allow":["GET"]}}],"collection":[{"href":"https:\/\/www.europesays.com\/pt\/wp-json\/wp\/v2\/posts"}],"about":[{"href":"https:\/\/www.europesays.com\/pt\/wp-json\/wp\/v2\/types\/post"}],"author":[{"embeddable":true,"href":"https:\/\/www.europesays.com\/pt\/wp-json\/wp\/v2\/users\/2"}],"replies":[{"embeddable":true,"href":"https:\/\/www.europesays.com\/pt\/wp-json\/wp\/v2\/comments?post=130393"}],"version-history":[{"count":0,"href":"https:\/\/www.europesays.com\/pt\/wp-json\/wp\/v2\/posts\/130393\/revisions"}],"wp:featuredmedia":[{"embeddable":true,"href":"https:\/\/www.europesays.com\/pt\/wp-json\/wp\/v2\/media\/130394"}],"wp:attachment":[{"href":"https:\/\/www.europesays.com\/pt\/wp-json\/wp\/v2\/media?parent=130393"}],"wp:term":[{"taxonomy":"category","embeddable":true,"href":"https:\/\/www.europesays.com\/pt\/wp-json\/wp\/v2\/categories?post=130393"},{"taxonomy":"post_tag","embeddable":true,"href":"https:\/\/www.europesays.com\/pt\/wp-json\/wp\/v2\/tags?post=130393"}],"curies":[{"name":"wp","href":"https:\/\/api.w.org\/{rel}","templated":true}]}}