{"id":130411,"date":"2025-10-28T21:55:08","date_gmt":"2025-10-28T21:55:08","guid":{"rendered":"https:\/\/www.europesays.com\/pt\/130411\/"},"modified":"2025-10-28T21:55:08","modified_gmt":"2025-10-28T21:55:08","slug":"al-ittihad-de-sergio-conceicao-elimina-al-nassr-de-cristiano-ronaldo-e-jorge-jesus-da-taca-saudita","status":"publish","type":"post","link":"https:\/\/www.europesays.com\/pt\/130411\/","title":{"rendered":"Al Ittihad de S\u00e9rgio Concei\u00e7\u00e3o elimina Al Nassr de Cristiano Ronaldo e Jorge Jesus da Ta\u00e7a Saudita"},"content":{"rendered":"<p>&#8211; Advertisement &#8211;<\/p>\n<p><strong>O Al Ittihad eliminou o Al Nassr da Ta\u00e7a Saudita, ao vencer a equipa por duas bolas a uma durante esta ter\u00e7a-feira.<\/strong><\/p>\n<p>O Al Ittihad foi ao terreno do Al Nassr vencer por 2-1, num encontro relativo aos oitavos de final da Ta\u00e7a Saudita. O conjunto orientado por S\u00e9rgio Concei\u00e7\u00e3o est\u00e1 assim na pr\u00f3xima fase da prova. Karim Benzema abriu o marcador, aos 15\u2032.<\/p>\n<p>A resposta da forma\u00e7\u00e3o de Jorge Jesus surgiu aos 30\u2032, com \u00c2ngelo a fazer o 1-1. Por\u00e9m, ainda antes doo apito para o intervalo, Houssem Aouar estabeleceu o resultado final, aos 45+2\u2032. Os visitantes ficaram a jogar com 10 na segunda parte, devido \u00e0 expuls\u00e3o de Al Judaylan.<\/p>\n<p>Este foi um jogo que contou com v\u00e1rios portugueses, al\u00e9m dos dois treinadores. Jo\u00e3o F\u00e9lix e <a href=\"https:\/\/bolanarede.pt\/etiqueta\/cristiano-ronaldo\/\" target=\"_blank\" rel=\"noreferrer noopener nofollow\">Cristiano Ronaldo<\/a> foram titulares pelo Al Nassr. Danilo Pereira e Roger Fernandes alinharam de in\u00edcio pelo Al Ittihad.<\/p>\n","protected":false},"excerpt":{"rendered":"&#8211; Advertisement &#8211; O Al Ittihad eliminou o Al Nassr da Ta\u00e7a Saudita, ao vencer a equipa por&hellip;\n","protected":false},"author":2,"featured_media":130412,"comment_status":"","ping_status":"","sticky":false,"template":"","format":"standard","meta":{"footnotes":""},"categories":[87],"tags":[2120,685,260,135,478,32,33,134,29563],"class_list":{"0":"post-130411","1":"post","2":"type-post","3":"status-publish","4":"format-standard","5":"has-post-thumbnail","7":"category-desporto","8":"tag-al-ittihad","9":"tag-al-nassr","10":"tag-atualidade","11":"tag-desporto","12":"tag-destaques-bnr","13":"tag-portugal","14":"tag-pt","15":"tag-sports","16":"tag-taca-saudita"},"share_on_mastodon":{"url":"https:\/\/pubeurope.com\/@pt\/115454025789386638","error":""},"_links":{"self":[{"href":"https:\/\/www.europesays.com\/pt\/wp-json\/wp\/v2\/posts\/130411","targetHints":{"allow":["GET"]}}],"collection":[{"href":"https:\/\/www.europesays.com\/pt\/wp-json\/wp\/v2\/posts"}],"about":[{"href":"https:\/\/www.europesays.com\/pt\/wp-json\/wp\/v2\/types\/post"}],"author":[{"embeddable":true,"href":"https:\/\/www.europesays.com\/pt\/wp-json\/wp\/v2\/users\/2"}],"replies":[{"embeddable":true,"href":"https:\/\/www.europesays.com\/pt\/wp-json\/wp\/v2\/comments?post=130411"}],"version-history":[{"count":0,"href":"https:\/\/www.europesays.com\/pt\/wp-json\/wp\/v2\/posts\/130411\/revisions"}],"wp:featuredmedia":[{"embeddable":true,"href":"https:\/\/www.europesays.com\/pt\/wp-json\/wp\/v2\/media\/130412"}],"wp:attachment":[{"href":"https:\/\/www.europesays.com\/pt\/wp-json\/wp\/v2\/media?parent=130411"}],"wp:term":[{"taxonomy":"category","embeddable":true,"href":"https:\/\/www.europesays.com\/pt\/wp-json\/wp\/v2\/categories?post=130411"},{"taxonomy":"post_tag","embeddable":true,"href":"https:\/\/www.europesays.com\/pt\/wp-json\/wp\/v2\/tags?post=130411"}],"curies":[{"name":"wp","href":"https:\/\/api.w.org\/{rel}","templated":true}]}}