{"id":130434,"date":"2025-10-28T22:14:12","date_gmt":"2025-10-28T22:14:12","guid":{"rendered":"https:\/\/www.europesays.com\/pt\/130434\/"},"modified":"2025-10-28T22:14:12","modified_gmt":"2025-10-28T22:14:12","slug":"ao-minuto-a-pior-tempestade-do-ano-ja-chegou-a-jamaica","status":"publish","type":"post","link":"https:\/\/www.europesays.com\/pt\/130434\/","title":{"rendered":"AO MINUTO | A pior tempestade do ano j\u00e1 chegou \u00e0 Jamaica"},"content":{"rendered":"<p>Algumas das principais regi\u00f5es produtoras de alimentos da Jamaica est\u00e3o a ser \u201cfustigadas\u201d pelo furac\u00e3o Melissa, disse um funcion\u00e1rio do Programa Alimentar Mundial (PAM) \u00e0 CNN na ter\u00e7a-feira.<\/p>\n<p>Regi\u00f5es como St. Elizabeth, no sudoeste da ilha, j\u00e1 sofreram grande destrui\u00e7\u00e3o no ano passado, quando o furac\u00e3o Beryl trouxe ventos destruidores e tempestades devastadoras \u00e0 Jamaica, disse Brian Bogart, diretor do PAM para as Cara\u00edbas, a Kasie Hunt da CNN.<\/p>\n<p>&#8220;A primeira vez que se \u00e9 atingido por uma tempestade desta natureza, \u00e9 devastador. Da pr\u00f3xima vez que uma tempestade como esta afetar as mesmas comunidades, s\u00f3 podemos imaginar como ser\u00e1 dif\u00edcil para elas&#8221;, disse Bogart.<\/p>\n<p>Embora Bogart e a sua equipa estejam atualmente abrigados no local, assim que receberem autoriza\u00e7\u00e3o do governo, deslocar-se-\u00e3o para as zonas mais afectadas do pa\u00eds para distribuir ajuda.<\/p>\n<p>Eles levar\u00e3o ajuda \u00e0s pessoas que est\u00e3o em abrigos, \u00e0quelas cujas casas foram danificadas ou destru\u00eddas, e \u00e0quelas que foram deslocadas pela tempestade, disse Bogart.<\/p>\n<p>A ag\u00eancia das Na\u00e7\u00f5es Unidas ajudar\u00e1 depois a garantir que os mercados privados possam voltar a funcionar, para que os alimentos possam ser entregues \u00e0s comunidades e as pessoas possam voltar a comprar alimentos nas lojas, continuou.<\/p>\n","protected":false},"excerpt":{"rendered":"Algumas das principais regi\u00f5es produtoras de alimentos da Jamaica est\u00e3o a ser \u201cfustigadas\u201d pelo furac\u00e3o Melissa, disse um&hellip;\n","protected":false},"author":2,"featured_media":128968,"comment_status":"","ping_status":"","sticky":false,"template":"","format":"standard","meta":{"footnotes":""},"categories":[50],"tags":[609,611,27,28,607,608,610,15,16,20336,29356,830,14,82,7552,25,26,570,21,22,62,12,13,19,20,23,24,3813,839,20982,17,18,840,29,30,31,63,64,65,3814],"class_list":{"0":"post-130434","1":"post","2":"type-post","3":"status-publish","4":"format-standard","5":"has-post-thumbnail","7":"category-mundo","8":"tag-alerta","9":"tag-ao-minuto","10":"tag-breaking-news","11":"tag-breakingnews","12":"tag-cnn","13":"tag-cnn-portugal","14":"tag-direto","15":"tag-featured-news","16":"tag-featurednews","17":"tag-furacao","18":"tag-furacao-melissa","19":"tag-guerra","20":"tag-headlines","21":"tag-internacional","22":"tag-jamaica","23":"tag-latest-news","24":"tag-latestnews","25":"tag-live","26":"tag-main-news","27":"tag-mainnews","28":"tag-mundo","29":"tag-news","30":"tag-noticias","31":"tag-noticias-principais","32":"tag-noticiasprincipais","33":"tag-principais-noticias","34":"tag-principaisnoticias","35":"tag-putin","36":"tag-russia","37":"tag-tempestade","38":"tag-top-stories","39":"tag-topstories","40":"tag-ucrania","41":"tag-ultimas","42":"tag-ultimas-noticias","43":"tag-ultimasnoticias","44":"tag-world","45":"tag-world-news","46":"tag-worldnews","47":"tag-zelensky"},"share_on_mastodon":{"url":"","error":"Validation failed: Text character limit of 500 exceeded"},"_links":{"self":[{"href":"https:\/\/www.europesays.com\/pt\/wp-json\/wp\/v2\/posts\/130434","targetHints":{"allow":["GET"]}}],"collection":[{"href":"https:\/\/www.europesays.com\/pt\/wp-json\/wp\/v2\/posts"}],"about":[{"href":"https:\/\/www.europesays.com\/pt\/wp-json\/wp\/v2\/types\/post"}],"author":[{"embeddable":true,"href":"https:\/\/www.europesays.com\/pt\/wp-json\/wp\/v2\/users\/2"}],"replies":[{"embeddable":true,"href":"https:\/\/www.europesays.com\/pt\/wp-json\/wp\/v2\/comments?post=130434"}],"version-history":[{"count":0,"href":"https:\/\/www.europesays.com\/pt\/wp-json\/wp\/v2\/posts\/130434\/revisions"}],"wp:featuredmedia":[{"embeddable":true,"href":"https:\/\/www.europesays.com\/pt\/wp-json\/wp\/v2\/media\/128968"}],"wp:attachment":[{"href":"https:\/\/www.europesays.com\/pt\/wp-json\/wp\/v2\/media?parent=130434"}],"wp:term":[{"taxonomy":"category","embeddable":true,"href":"https:\/\/www.europesays.com\/pt\/wp-json\/wp\/v2\/categories?post=130434"},{"taxonomy":"post_tag","embeddable":true,"href":"https:\/\/www.europesays.com\/pt\/wp-json\/wp\/v2\/tags?post=130434"}],"curies":[{"name":"wp","href":"https:\/\/api.w.org\/{rel}","templated":true}]}}