{"id":130442,"date":"2025-10-28T22:23:11","date_gmt":"2025-10-28T22:23:11","guid":{"rendered":"https:\/\/www.europesays.com\/pt\/130442\/"},"modified":"2025-10-28T22:23:11","modified_gmt":"2025-10-28T22:23:11","slug":"inter-de-milao-em-silencio-apos-acidente-fatal-com-o-seu-guarda-redes-josep-martinez","status":"publish","type":"post","link":"https:\/\/www.europesays.com\/pt\/130442\/","title":{"rendered":"Inter de Mil\u00e3o em sil\u00eancio ap\u00f3s acidente fatal com o seu guarda-redes Josep Martinez"},"content":{"rendered":"<p data-end=\"482\" data-start=\"106\">O futebolista <strong data-end=\"138\" data-start=\"120\">Josep Mart\u00ednez<\/strong>, segundo guarda-redes do <strong data-end=\"182\" data-start=\"164\">Inter de Mil\u00e3o<\/strong>, esteve envolvido num <strong data-end=\"223\" data-start=\"205\">acidente fatal<\/strong> que tirou a vida a um homem de <strong data-end=\"266\" data-start=\"255\">81 anos<\/strong> que se deslocava numa <strong data-end=\"318\" data-start=\"289\">cadeira de rodas el\u00e9trica<\/strong>. O tr\u00e1gico incidente ocorreu esta ter\u00e7a-feira, 28 de outubro de 2025,\u00a0<strong data-end=\"438\" data-start=\"366\">numa zona residencial pr\u00f3xima do centro de treinos do clube italiano<\/strong>, conforme avan\u00e7ou a imprensa transalpina.<\/p>\n<p data-end=\"722\" data-start=\"484\">De acordo com as informa\u00e7\u00f5es divulgadas, a v\u00edtima seguia numa ciclovia quando, por raz\u00f5es ainda por apurar, <strong data-end=\"624\" data-start=\"592\">mudou subitamente de dire\u00e7\u00e3o<\/strong>, atravessando a rua e acabando por ser atingida pelo autom\u00f3vel conduzido pelo jogador espanhol.<\/p>\n<p data-end=\"938\" data-start=\"724\">Visivelmente abalado, Josep Mart\u00ednez <strong data-end=\"806\" data-start=\"761\">prestou de imediato os primeiros socorros<\/strong> ao idoso at\u00e9 \u00e0 chegada dos meios de emerg\u00eancia. Apesar dos esfor\u00e7os de reanima\u00e7\u00e3o, <strong data-end=\"935\" data-start=\"890\">o \u00f3bito acabou por ser declarado no local<\/strong>.<\/p>\n<p data-end=\"1184\" data-start=\"940\">O clube <strong data-end=\"966\" data-start=\"948\">Inter de Mil\u00e3o<\/strong> tem-se mantido em sil\u00eancio sobre o sucedido,\u00a0<strong data-end=\"1050\" data-start=\"1011\">cancelando a confer\u00eancia de imprensa<\/strong> que estava agendada para esta ter\u00e7a-feira, na qual o treinador deveria fazer a antevis\u00e3o do jogo de amanh\u00e3 frente \u00e0 <strong data-end=\"1181\" data-start=\"1167\">Fiorentina<\/strong>.<\/p>\n<p data-end=\"1483\" data-start=\"1186\">As autoridades italianas est\u00e3o a investigar as circunst\u00e2ncias exatas do acidente, mas tudo indica que se tratou de uma <strong data-end=\"1353\" data-start=\"1305\">fatalidade sem ind\u00edcios de neglig\u00eancia grave<\/strong> por parte do jogador. Josep Mart\u00ednez, de 26 anos, mant\u00e9m-se ao servi\u00e7o do Inter, ainda que profundamente afetado pelo ocorrido.<\/p>\n","protected":false},"excerpt":{"rendered":"O futebolista Josep Mart\u00ednez, segundo guarda-redes do Inter de Mil\u00e3o, esteve envolvido num acidente fatal que tirou a&hellip;\n","protected":false},"author":2,"featured_media":130443,"comment_status":"","ping_status":"","sticky":false,"template":"","format":"standard","meta":{"footnotes":""},"categories":[87],"tags":[73,59,72,66,135,77,69,2251,29567,75,71,67,32,33,76,74,134,70,35,78,68],"class_list":{"0":"post-130442","1":"post","2":"type-post","3":"status-publish","4":"format-standard","5":"has-post-thumbnail","7":"category-desporto","8":"tag-a-jornada","9":"tag-acidente","10":"tag-bate-bola","11":"tag-bom-dia-alegria","12":"tag-desporto","13":"tag-estudio-estadio","14":"tag-fanaticos","15":"tag-inter-de-milao","16":"tag-josep-martinez","17":"tag-livre-e-direto","18":"tag-nova-geracao","19":"tag-para-si","20":"tag-portugal","21":"tag-pt","22":"tag-segredos-do-prazer","23":"tag-segue-o-jogo","24":"tag-sports","25":"tag-super-craques","26":"tag-transferencias","27":"tag-v-fama","28":"tag-var-aberto"},"share_on_mastodon":{"url":"https:\/\/pubeurope.com\/@pt\/115454135750295279","error":""},"_links":{"self":[{"href":"https:\/\/www.europesays.com\/pt\/wp-json\/wp\/v2\/posts\/130442","targetHints":{"allow":["GET"]}}],"collection":[{"href":"https:\/\/www.europesays.com\/pt\/wp-json\/wp\/v2\/posts"}],"about":[{"href":"https:\/\/www.europesays.com\/pt\/wp-json\/wp\/v2\/types\/post"}],"author":[{"embeddable":true,"href":"https:\/\/www.europesays.com\/pt\/wp-json\/wp\/v2\/users\/2"}],"replies":[{"embeddable":true,"href":"https:\/\/www.europesays.com\/pt\/wp-json\/wp\/v2\/comments?post=130442"}],"version-history":[{"count":0,"href":"https:\/\/www.europesays.com\/pt\/wp-json\/wp\/v2\/posts\/130442\/revisions"}],"wp:featuredmedia":[{"embeddable":true,"href":"https:\/\/www.europesays.com\/pt\/wp-json\/wp\/v2\/media\/130443"}],"wp:attachment":[{"href":"https:\/\/www.europesays.com\/pt\/wp-json\/wp\/v2\/media?parent=130442"}],"wp:term":[{"taxonomy":"category","embeddable":true,"href":"https:\/\/www.europesays.com\/pt\/wp-json\/wp\/v2\/categories?post=130442"},{"taxonomy":"post_tag","embeddable":true,"href":"https:\/\/www.europesays.com\/pt\/wp-json\/wp\/v2\/tags?post=130442"}],"curies":[{"name":"wp","href":"https:\/\/api.w.org\/{rel}","templated":true}]}}