{"id":130452,"date":"2025-10-28T22:29:05","date_gmt":"2025-10-28T22:29:05","guid":{"rendered":"https:\/\/www.europesays.com\/pt\/130452\/"},"modified":"2025-10-28T22:29:05","modified_gmt":"2025-10-28T22:29:05","slug":"lei-da-nacionalidade-aprovada-com-votos-a-favor-de-toda-a-direita-lei-da-nacionalidade","status":"publish","type":"post","link":"https:\/\/www.europesays.com\/pt\/130452\/","title":{"rendered":"Lei da Nacionalidade aprovada com votos a favor de toda a direita | Lei da Nacionalidade"},"content":{"rendered":"<p>Terminou mais uma etapa no endurecimento da Lei da Nacionalidade: o Parlamento aprovou com os votos da direita e do deputado do JPP as altera\u00e7\u00f5es ao diploma, toda a esquerda votou contra \u2013 foram 157 a favor, era necess\u00e1rio um m\u00ednimo de 116, e 64 votos contra. A possibilidade de perda de nacionalidade para quem comete crimes graves foi aprovada, como a AD apresentou, num aditamento ao C\u00f3digo Penal. At\u00e9 ao fim, o debate foi quente com o ministro Ant\u00f3nio Leit\u00e3o Amaro a referir: \u201cHoje, Portugal fica mais Portugal.\u201d<\/p>\n<p>Em rela\u00e7\u00e3o ao que saiu da reuni\u00e3o da Comiss\u00e3o de Assuntos Constitucionais, na \u00faltima sexta-feira, o Chega conseguiu fazer valer a sua vontade de perda de nacionalidade para quem tenha obtido a nacionalidade de &#8220;forma manifestamente fraudulenta&#8221;.<\/p>\n","protected":false},"excerpt":{"rendered":"Terminou mais uma etapa no endurecimento da Lei da Nacionalidade: o Parlamento aprovou com os votos da direita&hellip;\n","protected":false},"author":2,"featured_media":130453,"comment_status":"","ping_status":"","sticky":false,"template":"","format":"standard","meta":{"footnotes":""},"categories":[10],"tags":[27,28,1736,15,16,14,1481,25,26,1765,21,22,12,13,19,20,52,32,23,24,4579,33,17,18,29,30,31],"class_list":{"0":"post-130452","1":"post","2":"type-post","3":"status-publish","4":"format-standard","5":"has-post-thumbnail","7":"category-portugal","8":"tag-breaking-news","9":"tag-breakingnews","10":"tag-chega","11":"tag-featured-news","12":"tag-featurednews","13":"tag-headlines","14":"tag-imigracao","15":"tag-latest-news","16":"tag-latestnews","17":"tag-lei-da-nacionalidade","18":"tag-main-news","19":"tag-mainnews","20":"tag-news","21":"tag-noticias","22":"tag-noticias-principais","23":"tag-noticiasprincipais","24":"tag-politica","25":"tag-portugal","26":"tag-principais-noticias","27":"tag-principaisnoticias","28":"tag-psd","29":"tag-pt","30":"tag-top-stories","31":"tag-topstories","32":"tag-ultimas","33":"tag-ultimas-noticias","34":"tag-ultimasnoticias"},"share_on_mastodon":{"url":"https:\/\/pubeurope.com\/@pt\/115454159342120613","error":""},"_links":{"self":[{"href":"https:\/\/www.europesays.com\/pt\/wp-json\/wp\/v2\/posts\/130452","targetHints":{"allow":["GET"]}}],"collection":[{"href":"https:\/\/www.europesays.com\/pt\/wp-json\/wp\/v2\/posts"}],"about":[{"href":"https:\/\/www.europesays.com\/pt\/wp-json\/wp\/v2\/types\/post"}],"author":[{"embeddable":true,"href":"https:\/\/www.europesays.com\/pt\/wp-json\/wp\/v2\/users\/2"}],"replies":[{"embeddable":true,"href":"https:\/\/www.europesays.com\/pt\/wp-json\/wp\/v2\/comments?post=130452"}],"version-history":[{"count":0,"href":"https:\/\/www.europesays.com\/pt\/wp-json\/wp\/v2\/posts\/130452\/revisions"}],"wp:featuredmedia":[{"embeddable":true,"href":"https:\/\/www.europesays.com\/pt\/wp-json\/wp\/v2\/media\/130453"}],"wp:attachment":[{"href":"https:\/\/www.europesays.com\/pt\/wp-json\/wp\/v2\/media?parent=130452"}],"wp:term":[{"taxonomy":"category","embeddable":true,"href":"https:\/\/www.europesays.com\/pt\/wp-json\/wp\/v2\/categories?post=130452"},{"taxonomy":"post_tag","embeddable":true,"href":"https:\/\/www.europesays.com\/pt\/wp-json\/wp\/v2\/tags?post=130452"}],"curies":[{"name":"wp","href":"https:\/\/api.w.org\/{rel}","templated":true}]}}