{"id":130458,"date":"2025-10-28T22:34:17","date_gmt":"2025-10-28T22:34:17","guid":{"rendered":"https:\/\/www.europesays.com\/pt\/130458\/"},"modified":"2025-10-28T22:34:17","modified_gmt":"2025-10-28T22:34:17","slug":"eta-mundo-melhor-resumo-do-capitulo-de-quarta-feira-29-de-outubro","status":"publish","type":"post","link":"https:\/\/www.europesays.com\/pt\/130458\/","title":{"rendered":"\u00cata Mundo Melhor: resumo do cap\u00edtulo de quarta-feira (29 de outubro)"},"content":{"rendered":"<p>                        <img width=\"944\" height=\"531\" src=\"https:\/\/www.europesays.com\/pt\/wp-content\/uploads\/2025\/10\/resumo-eta-mundo-melhor-944x531.jpg\" class=\"attachment-custom-large size-custom-large article-featured-image\" alt=\"resumo eta mundo melhor\" fetchpriority=\"high\" decoding=\"async\"  \/><\/p>\n<p>Celso avisa Candinho que Policarpo ser\u00e1 sacrificado (Foto: Reprodu\u00e7\u00e3o, TV Globo)<\/p>\n<p>Uma not\u00edcia muito triste chega para Candinho (Sergio Guiz\u00e9) em \u00cata Mundo Melhor!. Celso (Rainer Cadete) vai contar ao primo que Policarpo ser\u00e1 sacrificado. Tamb\u00e9m no cap\u00edtulo desta quarta-feira, 29 de outubro de 2025, Estela (Larissa Manoela) recupera a mem\u00f3ria.<\/p>\n<p>Continua depois da publicidade<\/p>\n<p>Principais momentos da semana1<\/p>\n<p>VoltarAvan\u00e7ar<\/p>\n<p><img loading=\"lazy\" decoding=\"async\" width=\"1200\" height=\"675\" data-id=\"7703903\" src=\"https:\/\/www.europesays.com\/pt\/wp-content\/uploads\/2025\/10\/resumo-eta-mundo-melhor-2.jpg\" alt=\"\" class=\"wp-image-7703903\"  \/><\/p>\n<p>Ara\u00fajo diz a Candinho que as not\u00edcias sobre o caso de Policarpo n\u00e3o s\u00e3o boas (Foto: Reprodu\u00e7\u00e3o, TV Globo)<\/p>\n<p><img loading=\"lazy\" decoding=\"async\" width=\"1200\" height=\"675\" data-id=\"7703904\" src=\"https:\/\/www.europesays.com\/pt\/wp-content\/uploads\/2025\/10\/resumo-eta-mundo-melhor.jpg\" alt=\"resumo eta mundo melhor\" class=\"wp-image-7703904\"  \/><\/p>\n<p>Celso anuncia a Candinho que Policarpo ser\u00e1 sacrificado (Foto: Reprodu\u00e7\u00e3o, TV Globo)<\/p>\n<p><img loading=\"lazy\" decoding=\"async\" width=\"1200\" height=\"675\" data-id=\"7703902\" src=\"https:\/\/www.europesays.com\/pt\/wp-content\/uploads\/2025\/10\/resumo-eta-mundo-melhor-5.jpg\" alt=\"resumo eta mundo melhor\" class=\"wp-image-7703902\"  \/><\/p>\n<p>Dita tem uma ideia para ajudar a libertar Policarpo (Foto: Reprodu\u00e7\u00e3o, TV Globo)<\/p>\n<p><img loading=\"lazy\" decoding=\"async\" width=\"1200\" height=\"675\" data-id=\"7703901\" src=\"https:\/\/www.europesays.com\/pt\/wp-content\/uploads\/2025\/10\/resumo-eta-mundo-melhor-4.jpg\" alt=\"\" class=\"wp-image-7703901\"  \/><\/p>\n<p>Sandra garante que acabar\u00e1 com Zulma (Foto: Reprodu\u00e7\u00e3o, TV Globo)<\/p>\n<p><img loading=\"lazy\" decoding=\"async\" width=\"1200\" height=\"675\" data-id=\"7703899\" src=\"https:\/\/www.europesays.com\/pt\/wp-content\/uploads\/2025\/10\/resumo-eta-mundo-melhor-3.jpg\" alt=\"resumo eta mundo melhor\" class=\"wp-image-7703899\"  \/><\/p>\n<p>Dita aceita se casar com Candinho (Foto: Reprodu\u00e7\u00e3o, TV Globo)<\/p>\n<p>Resumo do cap\u00edtulo de quarta-feira (29 de outubro de 2025) de \u00cata Mundo Melhor!<\/p>\n<p>Ara\u00fajo afirma que Policarpo ser\u00e1 transferido para outra cidade, e Candinho se desespera. Celso se nega a aceitar a chantagem de Zulma para libertar Sandra. Zulma obriga Sandra a escrever uma carta para Celso. Ernesto for\u00e7a Paix\u00e3o a assinar o testamento, e o padrinho passa mal.<\/p>\n<p>Ol\u00edmpia denuncia as vendas de Maria Divina e Dita na rua para o delegado. S\u00f4nia encontra Lauro, e Tobias se incomoda. Estela janta com Celso e Anabela, que comemora a volta da irm\u00e3. Francine chega no s\u00edtio e questiona Z\u00e9 dos Porcos sobre seus aposentos.<\/p>\n<p>Asdr\u00fabal ajuda Sabi\u00e1 a escrever uma carta de amor para Zenaide. Estela recupera sua mem\u00f3ria. Maria Divina decide voltar para o s\u00edtio. Dita afirma a Candinho que deseja voltar a cantar. Celso anuncia a Candinho que Policarpo ser\u00e1 sacrificado.<\/p>\n<p>Continua depois da publicidade<\/p>\n<p>Os <strong><a href=\"https:\/\/www.nsctotal.com.br\/noticias\/resumo-da-semana-eta-mundo-melhor-proximos-capitulos\" target=\"_blank\" rel=\"noreferrer noopener nofollow\">resumos<\/a><\/strong> podem sofrer altera\u00e7\u00f5es conforme a edi\u00e7\u00e3o das\u00a0<strong><a href=\"https:\/\/gshow.globo.com\/novelas\/eta-mundo-melhor\/\" target=\"_blank\" rel=\"noreferrer noopener nofollow\">novelas<\/a><\/strong>. Voc\u00ea pode gostar de ler tamb\u00e9m sobre\u00a0<a href=\"https:\/\/www.nsctotal.com.br\/noticias\/a-virada-de-eta-mundo-melhor-as-duas-personagens-que-mudaram-o-destino-da-novela\" target=\"_blank\" rel=\"noreferrer noopener nofollow\"><strong>a virada de \u00cata Mundo Melhor!: as duas personagens que mudaram o destino da novela<\/strong><\/a>.<\/p>\n","protected":false},"excerpt":{"rendered":"Celso avisa Candinho que Policarpo ser\u00e1 sacrificado (Foto: Reprodu\u00e7\u00e3o, TV Globo) Uma not\u00edcia muito triste chega para Candinho&hellip;\n","protected":false},"author":2,"featured_media":130459,"comment_status":"","ping_status":"","sticky":false,"template":"","format":"standard","meta":{"footnotes":""},"categories":[142],"tags":[114,115,32,33,151,543],"class_list":{"0":"post-130458","1":"post","2":"type-post","3":"status-publish","4":"format-standard","5":"has-post-thumbnail","7":"category-tv","8":"tag-entertainment","9":"tag-entretenimento","10":"tag-portugal","11":"tag-pt","12":"tag-tv","13":"tag-ver-ouvir-ler"},"share_on_mastodon":{"url":"https:\/\/pubeurope.com\/@pt\/115454179186790894","error":""},"_links":{"self":[{"href":"https:\/\/www.europesays.com\/pt\/wp-json\/wp\/v2\/posts\/130458","targetHints":{"allow":["GET"]}}],"collection":[{"href":"https:\/\/www.europesays.com\/pt\/wp-json\/wp\/v2\/posts"}],"about":[{"href":"https:\/\/www.europesays.com\/pt\/wp-json\/wp\/v2\/types\/post"}],"author":[{"embeddable":true,"href":"https:\/\/www.europesays.com\/pt\/wp-json\/wp\/v2\/users\/2"}],"replies":[{"embeddable":true,"href":"https:\/\/www.europesays.com\/pt\/wp-json\/wp\/v2\/comments?post=130458"}],"version-history":[{"count":0,"href":"https:\/\/www.europesays.com\/pt\/wp-json\/wp\/v2\/posts\/130458\/revisions"}],"wp:featuredmedia":[{"embeddable":true,"href":"https:\/\/www.europesays.com\/pt\/wp-json\/wp\/v2\/media\/130459"}],"wp:attachment":[{"href":"https:\/\/www.europesays.com\/pt\/wp-json\/wp\/v2\/media?parent=130458"}],"wp:term":[{"taxonomy":"category","embeddable":true,"href":"https:\/\/www.europesays.com\/pt\/wp-json\/wp\/v2\/categories?post=130458"},{"taxonomy":"post_tag","embeddable":true,"href":"https:\/\/www.europesays.com\/pt\/wp-json\/wp\/v2\/tags?post=130458"}],"curies":[{"name":"wp","href":"https:\/\/api.w.org\/{rel}","templated":true}]}}