{"id":130468,"date":"2025-10-28T22:41:20","date_gmt":"2025-10-28T22:41:20","guid":{"rendered":"https:\/\/www.europesays.com\/pt\/130468\/"},"modified":"2025-10-28T22:41:20","modified_gmt":"2025-10-28T22:41:20","slug":"governo-vai-acabar-com-o-desconto-no-isp-combustiveis-vao-subir","status":"publish","type":"post","link":"https:\/\/www.europesays.com\/pt\/130468\/","title":{"rendered":"Governo vai acabar com o desconto no ISP! Combust\u00edveis v\u00e3o subir"},"content":{"rendered":"<p>O Governo portugu\u00eas confirmou que vai p\u00f4r fim ao desconto aplicado no Imposto sobre os Produtos Petrol\u00edferos e Energ\u00e9ticos (ISP), uma medida que tem estado em vigor desde 2022 para atenuar o impacto da subida dos pre\u00e7os dos combust\u00edveis.<\/p>\n<p><a target=\"_blank\" href=\"https:\/\/pplware.sapo.pt\/wp-content\/uploads\/2024\/11\/combustiveis_capa-1.jpg\" onclick=\"refreshIframe()\" class=\"foobox\" rel=\"nofollow noopener\"><img fetchpriority=\"high\" decoding=\"async\" src=\"https:\/\/www.europesays.com\/pt\/wp-content\/uploads\/2025\/10\/combustiveis_capa-1-720x405.jpg\" alt=\"Governo vai acabar com o desconto no ISP! Combust\u00edveis v\u00e3o subir\" width=\"720\" height=\"405\" class=\"aligncenter wp-image-1026590 size-medium\"  \/><\/a><\/p>\n<p>Elimina\u00e7\u00e3o do desconto do ISP: Pre\u00e7os dos combust\u00edveis podem disparar<\/p>\n<p>A decis\u00e3o surge no seguimento das orienta\u00e7\u00f5es da Comiss\u00e3o Europeia, que exige a elimina\u00e7\u00e3o progressiva dos apoios tempor\u00e1rios aos combust\u00edveis f\u00f3sseis.<\/p>\n<p>Criado como resposta \u00e0 crise energ\u00e9tica provocada pela guerra na Ucr\u00e2nia, o desconto no ISP representou uma redu\u00e7\u00e3o significativa do pre\u00e7o da gasolina e do gas\u00f3leo nos \u00faltimos anos. Contudo, o Executivo considera que a conjuntura econ\u00f3mica atual permite iniciar uma revers\u00e3o \u201cgradual e respons\u00e1vel\u201d dessa medida.<\/p>\n<p><strong>De acordo com o ministro das Finan\u00e7as, a retirada do desconto ser\u00e1 feita de forma faseada<\/strong>, para evitar choques abruptos no pre\u00e7o final pago pelos consumidores. O objetivo \u00e9 minimizar o impacto imediato no custo de vida, garantindo ao mesmo tempo um refor\u00e7o das receitas fiscais do Estado.<\/p>\n<p><a target=\"_blank\" href=\"https:\/\/pplware.sapo.pt\/wp-content\/uploads\/2025\/07\/combustiveis-3.jpg\" onclick=\"refreshIframe()\" class=\"foobox\" rel=\"nofollow noopener\"><img loading=\"lazy\" decoding=\"async\" src=\"https:\/\/www.europesays.com\/pt\/wp-content\/uploads\/2025\/10\/combustiveis-3-720x405.jpg\" alt=\"Governo vai acabar com o desconto no ISP! Combust\u00edveis v\u00e3o subir\" width=\"720\" height=\"405\" class=\"aligncenter wp-image-1066872 size-medium\"  \/><\/a><\/p>\n<p><strong>O Conselho das Finan\u00e7as P\u00fablicas estima que a elimina\u00e7\u00e3o total do desconto possa representar um acr\u00e9scimo de receita de cerca de 1.132 milh\u00f5es de euros.<\/strong> Apesar disso, o Governo sublinha que o processo ser\u00e1 acompanhado pela monitoriza\u00e7\u00e3o dos pre\u00e7os internacionais do petr\u00f3leo e pela evolu\u00e7\u00e3o do mercado energ\u00e9tico.<\/p>\n<p>Com o fim progressivo do desconto, prev\u00ea-se um aumento gradual no pre\u00e7o dos combust\u00edveis a partir de 2026. A dimens\u00e3o exata dessa subida depender\u00e1 do ritmo de revers\u00e3o definido pelo Governo e de fatores externos, como a cota\u00e7\u00e3o do barril de petr\u00f3leo e a taxa de carbono. Se o Governo eliminar totalmente o desconto:<\/p>\n<ul>\n<li>Gasolina 95 poder\u00e1 subir cerca de 25 c\u00eantimos por litro.<\/li>\n<li>Gas\u00f3leo poder\u00e1 aumentar cerca de 17 c\u00eantimos por litro.<\/li>\n<\/ul>\n<p><strong>Exemplo pr\u00e1tico:<\/strong><\/p>\n<ul>\n<li>Se hoje paga \u20ac1,70\/L pela gasolina 95, poder\u00e1 vir a pagar \u20ac1,95\/L.<\/li>\n<li>Se o gas\u00f3leo est\u00e1 a \u20ac1,60\/L, poder\u00e1 passar para \u20ac1,77\/L.<\/li>\n<\/ul>\n<p>Para j\u00e1, os automobilistas devem preparar-se para um regresso aos valores do ISP praticados antes de 2022, ainda que o Executivo garanta uma transi\u00e7\u00e3o \u201co mais suave poss\u00edvel\u201d.<\/p>\n","protected":false},"excerpt":{"rendered":"O Governo portugu\u00eas confirmou que vai p\u00f4r fim ao desconto aplicado no Imposto sobre os Produtos Petrol\u00edferos e&hellip;\n","protected":false},"author":2,"featured_media":130469,"comment_status":"","ping_status":"","sticky":false,"template":"","format":"standard","meta":{"footnotes":""},"categories":[83],"tags":[88,855,89,90,23250,32,33],"class_list":{"0":"post-130468","1":"post","2":"type-post","3":"status-publish","4":"format-standard","5":"has-post-thumbnail","7":"category-empresas","8":"tag-business","9":"tag-combustiveis","10":"tag-economy","11":"tag-empresas","12":"tag-isp","13":"tag-portugal","14":"tag-pt"},"share_on_mastodon":{"url":"https:\/\/pubeurope.com\/@pt\/115454206797483711","error":""},"_links":{"self":[{"href":"https:\/\/www.europesays.com\/pt\/wp-json\/wp\/v2\/posts\/130468","targetHints":{"allow":["GET"]}}],"collection":[{"href":"https:\/\/www.europesays.com\/pt\/wp-json\/wp\/v2\/posts"}],"about":[{"href":"https:\/\/www.europesays.com\/pt\/wp-json\/wp\/v2\/types\/post"}],"author":[{"embeddable":true,"href":"https:\/\/www.europesays.com\/pt\/wp-json\/wp\/v2\/users\/2"}],"replies":[{"embeddable":true,"href":"https:\/\/www.europesays.com\/pt\/wp-json\/wp\/v2\/comments?post=130468"}],"version-history":[{"count":0,"href":"https:\/\/www.europesays.com\/pt\/wp-json\/wp\/v2\/posts\/130468\/revisions"}],"wp:featuredmedia":[{"embeddable":true,"href":"https:\/\/www.europesays.com\/pt\/wp-json\/wp\/v2\/media\/130469"}],"wp:attachment":[{"href":"https:\/\/www.europesays.com\/pt\/wp-json\/wp\/v2\/media?parent=130468"}],"wp:term":[{"taxonomy":"category","embeddable":true,"href":"https:\/\/www.europesays.com\/pt\/wp-json\/wp\/v2\/categories?post=130468"},{"taxonomy":"post_tag","embeddable":true,"href":"https:\/\/www.europesays.com\/pt\/wp-json\/wp\/v2\/tags?post=130468"}],"curies":[{"name":"wp","href":"https:\/\/api.w.org\/{rel}","templated":true}]}}