{"id":130505,"date":"2025-10-28T23:11:14","date_gmt":"2025-10-28T23:11:14","guid":{"rendered":"https:\/\/www.europesays.com\/pt\/130505\/"},"modified":"2025-10-28T23:11:14","modified_gmt":"2025-10-28T23:11:14","slug":"ladroes-do-louvre-deixaram-passaporte-russo-para-tras-observador","status":"publish","type":"post","link":"https:\/\/www.europesays.com\/pt\/130505\/","title":{"rendered":"Ladr\u00f5es do Louvre deixaram passaporte russo para tr\u00e1s? \u2013 Observador"},"content":{"rendered":"<p>O chamado \u201croubo do s\u00e9culo\u201d \u2014 o assalto ao Museu do Louvre, o mais movimentado do mundo, que resultou na perda de oito joias hist\u00f3ricas no valor de 88 milh\u00f5es de euros \u2014\u00a0continua a dar que falar. Enquanto decorrem as investiga\u00e7\u00f5es sobre os culpados, uma s\u00e9rie de publica\u00e7\u00f5es nas redes sociais come\u00e7ou a garantir que a pol\u00edcia teria \u201cdescoberto\u201d \u2014 assim, entre aspas, insinuando que seria uma prova falsa e plantada \u2014 um passaporte russo nas proximidades do museu, \u201cmuito pr\u00f3ximo local do incidente\u201d.<\/p>\n<p>Para os autores destas publica\u00e7\u00f5es, a conclus\u00e3o \u00e9 que as autoridades francesas estariam a tentar culpar a R\u00fassia pelo sucedido. Nesta em particular, at\u00e9 se ironiza dizendo que dever\u00e1 haver outros s\u00edmbolos caracter\u00edsticos do pa\u00eds perto do local do roubo, incluindo uma boneca matrioska ou uma garrafa de vodka.<\/p>\n<p>        <img src=\"https:\/\/www.europesays.com\/pt\/wp-content\/uploads\/2025\/10\/captura-de-ecra-2025-10-26-as-131109.jpg\" alt=\"\" loading=\"lazy\" decoding=\"async\" class=\"alignnone\" onload=\"this.parentElement.classList.remove('spinner')\" onerror=\"this.parentElement.classList.remove('spinner')\"\/>    <\/p>\n<p>Mas isto n\u00e3o \u00e9 verdade. Desde logo, as p\u00e1ginas que est\u00e3o a transmitir estas informa\u00e7\u00f5es falsas mostram sempre uma inclina\u00e7\u00e3o pr\u00f3-R\u00fassia e incluem coment\u00e1rios (por exemplo, no grupo do Facebook \u201cGeopol\u00edtica \u2013 Global\u201d) onde se sugere que a R\u00fassia intensifique os ataques contra a Ucr\u00e2nia ou se ataca duramente o Presidente ucraniano, Volodymyr Zelensky.<\/p>\n<p>J\u00e1 entre \u00f3rg\u00e3os de informa\u00e7\u00e3o cred\u00edveis n\u00e3o surge qualquer informa\u00e7\u00e3o sobre um passaporte russo, nem de resto qualquer passaporte encontrado no local.<\/p>\n<p>As pistas que come\u00e7am a surgir apontam, ali\u00e1s, em sentido diferente. Este domingo, a imprensa francesa noticiou que dois suspeitos <a href=\"https:\/\/observador.pt\/2025\/10\/26\/dois-suspeitos-do-roubo-no-louvre-interrogados-e-detidos-em-paris\/\" rel=\"nofollow noopener\" target=\"_blank\">foram interrogados e detidos<\/a> pela pol\u00edcia parisiense. E ambos s\u00e3o franceses \u2014\u00a0v\u00eam da zona de Seine-Saint-Denis, perto de Paris, e estar\u00e3o na casa dos 30 anos \u2014, sendo que um se preparava para voar para a Arg\u00e9lia. Ou seja, at\u00e9 ver, e dentro do que se sabe do grupo de quatro suspeitos, nada indica que um deles seja russo.<\/p>\n<p>At\u00e9 agora, o que as autoridades (e, neste caso, o <a href=\"https:\/\/www.culture.gouv.fr\/presse\/communiques-de-presse\/informations-relatives-au-vol-par-effraction-survenu-ce-dimanche-19-octobre-au-musee-du-louvre\" rel=\"nofollow noopener\" target=\"_blank\">Minist\u00e9rio da Cultura franc\u00eas<\/a>) confirmaram foi que os assaltantes levaram uma tiara, um colar de safiras e um par de brincos safiras de um conjunto que pertencia \u00e0s rainhas Maria Am\u00e9lia e Hort\u00eansia. Roubaram ainda um conjunto de colar e par de brincos de esmeraldas de Maria Lu\u00edsa e uma outra pe\u00e7a conhecida como \u201cbroche relic\u00e1rio\u201d, uma tiara da Imperatriz Eug\u00e9nia e ainda um grande la\u00e7o de corpete (broche) da mesma imperatriz.<\/p>\n<p>E <a href=\"https:\/\/www.20minutes.fr\/faits_divers\/faits-divers-paris\/4180831-20251022-cambriolage-louvre-butin-fuite-precipitee-attirail-bricoleur-contours-casse-dessinent\" rel=\"nofollow noopener\" target=\"_blank\">confirmaram<\/a> que uma das pe\u00e7as, a coroa da imperatriz Eug\u00e9nia, mulher de Napole\u00e3o III, foi deixada para tr\u00e1s durante a fuga dos assaltantes. Al\u00e9m disso, os assaltantes deixaram cair umas luvas, um walkie talkie, gasolina e um casaco. E a pol\u00edcia acabou por encontrar vest\u00edgios de ADN que ter\u00e3o permitido a identifica\u00e7\u00e3o de um dos suspeitos no local do roubo.<\/p>\n<p>Apesar de toda essa informa\u00e7\u00e3o revelada sobre o que os assaltantes deixaram para tr\u00e1s, n\u00e3o foi feita at\u00e9 ver qualquer refer\u00eancia a um passaporte russo.<\/p>\n<p><strong>Conclus\u00e3o<\/strong><\/p>\n<p>As autoridades francesas n\u00e3o referiram nenhum passaporte russo, tendo revelado que encontraram outros objetos, como um casaco e umas luvas que pertenceriam aos assaltantes, al\u00e9m da coroa roubada que deixaram cair.<\/p>\n<p>Assim,\u00a0de acordo\u00a0com o\u00a0sistema de classifica\u00e7\u00e3o do Observador,\u00a0este conte\u00fado \u00e9:<\/p>\n<p><strong>ERRADO<\/strong><\/p>\n<p><a href=\"https:\/\/www.facebook.com\/business\/help\/2593586717571940?id=673052479947730\" rel=\"nofollow noopener\" target=\"_blank\">No\u00a0sistema de classifica\u00e7\u00e3o do\u00a0Facebook<\/a>,\u00a0este conte\u00fado \u00e9:<\/p>\n<p><strong>FALSO:\u00a0<\/strong>As principais alega\u00e7\u00f5es do conte\u00fado s\u00e3o factualmente imprecisas. Geralmente, esta op\u00e7\u00e3o corresponde \u00e0s classifica\u00e7\u00f5es \u201cfalso\u201d ou \u201cmaioritariamente falso\u201d nos sites de verificadores de factos.<\/p>\n<p><strong>NOTA: este conte\u00fado foi selecionado pelo Observador no \u00e2mbito de uma parceria de fact checking com o Facebook.<\/strong><\/p>\n<p>\n                <a href=\"https:\/\/ifcncodeofprinciples.poynter.org\/profile\/observador-fact-check\" title=\"O Observador \u00e9 membro do IFCN\" target=\"_blank\" rel=\"nofollow noopener\"><br \/>\n                    <img decoding=\"async\" src=\"https:\/\/www.europesays.com\/pt\/wp-content\/uploads\/2025\/08\/77110938-3E82-34EE-7F24-CCAB079FBA5E.png\" style=\"height: 140px;\" alt=\"IFCN Badge\"\/><br \/>\n                <\/a>\n            <\/p>\n","protected":false},"excerpt":{"rendered":"O chamado \u201croubo do s\u00e9culo\u201d \u2014 o assalto ao Museu do Louvre, o mais movimentado do mundo, que&hellip;\n","protected":false},"author":2,"featured_media":26675,"comment_status":"","ping_status":"","sticky":false,"template":"","format":"standard","meta":{"footnotes":""},"categories":[50],"tags":[27,28,315,445,7316,15,16,2104,14,25,26,21,22,62,17544,12,13,19,20,861,2458,23,24,17,18,29,30,31,63,64,65],"class_list":{"0":"post-130505","1":"post","2":"type-post","3":"status-publish","4":"format-standard","5":"has-post-thumbnail","7":"category-mundo","8":"tag-breaking-news","9":"tag-breakingnews","10":"tag-cultura","11":"tag-europa","12":"tag-fact-check","13":"tag-featured-news","14":"tag-featurednews","15":"tag-franu00e7a","16":"tag-headlines","17":"tag-latest-news","18":"tag-latestnews","19":"tag-main-news","20":"tag-mainnews","21":"tag-mundo","22":"tag-museus","23":"tag-news","24":"tag-noticias","25":"tag-noticias-principais","26":"tag-noticiasprincipais","27":"tag-observador","28":"tag-paris","29":"tag-principais-noticias","30":"tag-principaisnoticias","31":"tag-top-stories","32":"tag-topstories","33":"tag-ultimas","34":"tag-ultimas-noticias","35":"tag-ultimasnoticias","36":"tag-world","37":"tag-world-news","38":"tag-worldnews"},"share_on_mastodon":{"url":"https:\/\/pubeurope.com\/@pt\/115454325038419315","error":""},"_links":{"self":[{"href":"https:\/\/www.europesays.com\/pt\/wp-json\/wp\/v2\/posts\/130505","targetHints":{"allow":["GET"]}}],"collection":[{"href":"https:\/\/www.europesays.com\/pt\/wp-json\/wp\/v2\/posts"}],"about":[{"href":"https:\/\/www.europesays.com\/pt\/wp-json\/wp\/v2\/types\/post"}],"author":[{"embeddable":true,"href":"https:\/\/www.europesays.com\/pt\/wp-json\/wp\/v2\/users\/2"}],"replies":[{"embeddable":true,"href":"https:\/\/www.europesays.com\/pt\/wp-json\/wp\/v2\/comments?post=130505"}],"version-history":[{"count":0,"href":"https:\/\/www.europesays.com\/pt\/wp-json\/wp\/v2\/posts\/130505\/revisions"}],"wp:featuredmedia":[{"embeddable":true,"href":"https:\/\/www.europesays.com\/pt\/wp-json\/wp\/v2\/media\/26675"}],"wp:attachment":[{"href":"https:\/\/www.europesays.com\/pt\/wp-json\/wp\/v2\/media?parent=130505"}],"wp:term":[{"taxonomy":"category","embeddable":true,"href":"https:\/\/www.europesays.com\/pt\/wp-json\/wp\/v2\/categories?post=130505"},{"taxonomy":"post_tag","embeddable":true,"href":"https:\/\/www.europesays.com\/pt\/wp-json\/wp\/v2\/tags?post=130505"}],"curies":[{"name":"wp","href":"https:\/\/api.w.org\/{rel}","templated":true}]}}