{"id":130526,"date":"2025-10-28T23:28:26","date_gmt":"2025-10-28T23:28:26","guid":{"rendered":"https:\/\/www.europesays.com\/pt\/130526\/"},"modified":"2025-10-28T23:28:26","modified_gmt":"2025-10-28T23:28:26","slug":"enganou-me-bem-revelado-o-verdadeiro-motivo-para-o-fim-da-relacao-entre-viktor-gyokeres-e-ines-aguiar","status":"publish","type":"post","link":"https:\/\/www.europesays.com\/pt\/130526\/","title":{"rendered":"\u00abEnganou-me bem\u2026\u00bb: revelado o verdadeiro motivo para o fim da rela\u00e7\u00e3o entre Viktor Gy\u00f6keres e In\u00eas Aguiar"},"content":{"rendered":"<p data-end=\"378\" data-start=\"113\">A rela\u00e7\u00e3o entre <strong data-end=\"148\" data-start=\"129\">Viktor Gy\u00f6keres<\/strong>, avan\u00e7ado sueco que brilhou no <strong data-end=\"192\" data-start=\"180\">Sporting<\/strong>, e a atriz <strong data-end=\"219\" data-start=\"204\">In\u00eas Aguiar<\/strong> chegou ao fim \u2014 e, segundo informa\u00e7\u00f5es exclusivas reveladas esta ter\u00e7a-feira, <strong data-end=\"315\" data-start=\"298\">28 de outubro<\/strong>, no programa <a href=\"https:\/\/tvi.iol.pt\/vmais\/programa\/v-fama\/66aa431ed34ea1acf26cda0d\" target=\"_blank\" rel=\"nofollow noopener\"><strong>V+ Fama<\/strong><\/a>, o desfecho n\u00e3o ter\u00e1 sido pac\u00edfico.<\/p>\n<p data-end=\"796\" data-start=\"380\">De acordo com o comentador <strong data-end=\"424\" data-start=\"407\">Pedro Capit\u00e3o<\/strong>, que garantiu ter sabido o que aconteceu atrav\u00e9s de uma fonte segura, o casal vivia uma fase feliz e muito apaixonada, at\u00e9 come\u00e7arem a surgir <strong data-end=\"599\" data-start=\"569\">propostas de transfer\u00eancia<\/strong> para o jogador. O ponto de viragem aconteceu, precisamente, quando <strong data-end=\"708\" data-start=\"667\">Gy\u00f6keres aceitou assinar pelo Arsenal<\/strong>, um passo decisivo na sua carreira que acabou por marcar tamb\u00e9m o <strong data-end=\"793\" data-start=\"775\">fim da rela\u00e7\u00e3o<\/strong>.<\/p>\n<p data-end=\"1089\" data-start=\"798\"><strong data-end=\"817\" data-start=\"799\">\u00abEnganou-me bem\u00bb<\/strong>, afirmou Pedro Capit\u00e3o durante o programa, visivelmente surpreendido com a forma como tudo terminou. <strong data-end=\"950\" data-start=\"921\">\u00abF\u00ea-lo de forma muito feia\u00bb<\/strong>, acrescentou, sublinhando que o craque sueco ter\u00e1 terminado o namoro logo em seguida,\u00a0<strong data-end=\"1054\" data-start=\"1021\">de forma abrupta e inesperada<\/strong>, deixando In\u00eas Aguiar em choque.<\/p>\n<p data-end=\"1421\" data-start=\"1091\">Recorde-se que a rela\u00e7\u00e3o entre Viktor Gy\u00f6keres e In\u00eas Aguiar foi <strong data-end=\"1180\" data-start=\"1156\">amplamente medi\u00e1tica<\/strong> desde que se tornou p\u00fablica, no in\u00edcio de 2024. Discretos, mas c\u00famplices, o casal partilhou diversos momentos juntos nas redes sociais, incluindo viagens e celebra\u00e7\u00f5es em Lisboa, sempre evitando alimentar rumores sobre a sua vida privada.<\/p>\n<p data-end=\"1647\" data-start=\"1423\">Com a transfer\u00eancia milion\u00e1ria do jogador para o <strong data-end=\"1483\" data-start=\"1472\">Arsenal<\/strong>, em 2025, o foco do atleta mudou radicalmente \u2014 e, segundo Pedro Capit\u00e3o,\u00a0essa mudan\u00e7a ditou o fim do romance.<\/p>\n<p data-end=\"1851\" data-start=\"1649\">Apesar de n\u00e3o se ter pronunciado publicamente, In\u00eas Aguiar tem-se mostrado <strong data-end=\"1766\" data-start=\"1724\">focada em novos projetos profissionais<\/strong>, enquanto Gy\u00f6keres se prepara para a nova etapa da sua carreira na Premier League.<\/p>\n","protected":false},"excerpt":{"rendered":"A rela\u00e7\u00e3o entre Viktor Gy\u00f6keres, avan\u00e7ado sueco que brilhou no Sporting, e a atriz In\u00eas Aguiar chegou ao&hellip;\n","protected":false},"author":2,"featured_media":130527,"comment_status":"","ping_status":"","sticky":false,"template":"","format":"standard","meta":{"footnotes":""},"categories":[145],"tags":[73,72,66,211,210,114,115,77,69,720,75,71,67,32,33,5870,76,74,70,35,78,68,1355],"class_list":{"0":"post-130526","1":"post","2":"type-post","3":"status-publish","4":"format-standard","5":"has-post-thumbnail","7":"category-celebridades","8":"tag-a-jornada","9":"tag-bate-bola","10":"tag-bom-dia-alegria","11":"tag-celebridades","12":"tag-celebrities","13":"tag-entertainment","14":"tag-entretenimento","15":"tag-estudio-estadio","16":"tag-fanaticos","17":"tag-ines-aguiar","18":"tag-livre-e-direto","19":"tag-nova-geracao","20":"tag-para-si","21":"tag-portugal","22":"tag-pt","23":"tag-relacao","24":"tag-segredos-do-prazer","25":"tag-segue-o-jogo","26":"tag-super-craques","27":"tag-transferencias","28":"tag-v-fama","29":"tag-var-aberto","30":"tag-viktor-gyokeres"},"share_on_mastodon":{"url":"https:\/\/pubeurope.com\/@pt\/115454391280573232","error":""},"_links":{"self":[{"href":"https:\/\/www.europesays.com\/pt\/wp-json\/wp\/v2\/posts\/130526","targetHints":{"allow":["GET"]}}],"collection":[{"href":"https:\/\/www.europesays.com\/pt\/wp-json\/wp\/v2\/posts"}],"about":[{"href":"https:\/\/www.europesays.com\/pt\/wp-json\/wp\/v2\/types\/post"}],"author":[{"embeddable":true,"href":"https:\/\/www.europesays.com\/pt\/wp-json\/wp\/v2\/users\/2"}],"replies":[{"embeddable":true,"href":"https:\/\/www.europesays.com\/pt\/wp-json\/wp\/v2\/comments?post=130526"}],"version-history":[{"count":0,"href":"https:\/\/www.europesays.com\/pt\/wp-json\/wp\/v2\/posts\/130526\/revisions"}],"wp:featuredmedia":[{"embeddable":true,"href":"https:\/\/www.europesays.com\/pt\/wp-json\/wp\/v2\/media\/130527"}],"wp:attachment":[{"href":"https:\/\/www.europesays.com\/pt\/wp-json\/wp\/v2\/media?parent=130526"}],"wp:term":[{"taxonomy":"category","embeddable":true,"href":"https:\/\/www.europesays.com\/pt\/wp-json\/wp\/v2\/categories?post=130526"},{"taxonomy":"post_tag","embeddable":true,"href":"https:\/\/www.europesays.com\/pt\/wp-json\/wp\/v2\/tags?post=130526"}],"curies":[{"name":"wp","href":"https:\/\/api.w.org\/{rel}","templated":true}]}}