{"id":130542,"date":"2025-10-28T23:39:08","date_gmt":"2025-10-28T23:39:08","guid":{"rendered":"https:\/\/www.europesays.com\/pt\/130542\/"},"modified":"2025-10-28T23:39:08","modified_gmt":"2025-10-28T23:39:08","slug":"papa-leao-so-a-paz-e-santa-chega-de-guerras","status":"publish","type":"post","link":"https:\/\/www.europesays.com\/pt\/130542\/","title":{"rendered":"Papa Le\u00e3o: s\u00f3 a paz \u00e9 santa, chega de guerras!"},"content":{"rendered":"<p>Representantes de diversas religi\u00f5es se reuniram no Coliseu de Roma para o &#8220;Encontro Internacional pela Paz &#8211; as Religi\u00f5es e as Culturas em di\u00e1logo&#8221;, na presen\u00e7a do Papa Le\u00e3o XIV. Em seu forte pronunciamento, o Santo Padre falou da ora\u00e7\u00e3o como uma &#8220;grande for\u00e7a reconciliadora&#8221;: &#8220;Tenhamos f\u00e9 de que a ora\u00e7\u00e3o mude a hist\u00f3ria dos povos&#8221;.<\/p>\n<p><b>Bianca Fraccalvieri &#8211; Vatican News<\/b><\/p>\n<p>Sob o lema \u201cOusar a Paz\u201d, a Comunidade Sant\u2019Eg\u00eddio promoveu esta ter\u00e7a-feira, no Coliseu romano, um encontro de ora\u00e7\u00e3o que reuniu representantes de diversas confiss\u00f5es religiosas. O momento mais aguardado foi o discurso do Papa Le\u00e3o.<\/p>\n<p>&#8220;Conflitos existem onde quer que haja vida, mas a guerra n\u00e3o ajuda a enfrent\u00e1-los nem a resolv\u00ea-los. A paz \u00e9 um caminho permanente de reconcilia\u00e7\u00e3o&#8221;, disse o Pont\u00edfice, agradecendo a todos os presentes por mostraram ao mundo qu\u00e3o crucial \u00e9 a ora\u00e7\u00e3o. E fez uma forte exorta\u00e7\u00e3o:<\/p>\n<blockquote>\n<p>\u201cO mundo tem sede de paz: precisa de uma verdadeira e s\u00f3lida era de reconcilia\u00e7\u00e3o, que ponha fim \u00e0 opress\u00e3o, \u00e0s demonstra\u00e7\u00f5es de for\u00e7a e \u00e0 indiferen\u00e7a \u00e0 justi\u00e7a. Chega de guerras, com seu doloroso tributo de morte, destrui\u00e7\u00e3o e ex\u00edlio!\u201d<\/p>\n<\/blockquote>\n<p>Hoje, juntos, disse ainda o Santo Padre, demonstramos n\u00e3o apenas nosso firme desejo pela paz, mas tamb\u00e9m a consci\u00eancia de que a ora\u00e7\u00e3o \u00e9 uma grande for\u00e7a de reconcilia\u00e7\u00e3o. Quem n\u00e3o reza, afirmou, abusa da religi\u00e3o, at\u00e9 mesmo para matar. A ora\u00e7\u00e3o \u00e9 um movimento do esp\u00edrito, n\u00e3o palavras gritadas nem comportamento ostentat\u00f3rio, muito menos slogans religiosos usados \u200b\u200bcontra as criaturas de Deus. &#8220;Temos f\u00e9 que a ora\u00e7\u00e3o muda a hist\u00f3ria dos povos. Os lugares de ora\u00e7\u00e3o devem ser tendas de encontro, santu\u00e1rios de reconcilia\u00e7\u00e3o, o\u00e1sis de paz&#8221;, acrescentou.<\/p>\n<p>    <img decoding=\"async\" src=\"data:image\/gif;base64,R0lGODlhAQABAIAAAAAAAP\/\/\/yH5BAEAAAAALAAAAAABAAEAAAIBRAA7\" data-original=\"https:\/\/www.vaticannews.va\/content\/dam\/vaticannews\/agenzie\/images\/srv\/2025\/10\/28\/2025-10-28-meeting-internazionale-per-la-pace\/1761668362674.JPG\/_jcr_content\/renditions\/cq5dam.thumbnail.cropped.750.422.jpeg\" alt=\"O encontro foi promovido pela Comunidade de Santo Eg\u00eddio\" title=\"O encontro foi promovido pela Comunidade de Santo Eg\u00eddio\"\/><\/p>\n<p>\n   O encontro foi promovido pela Comunidade de Santo Eg\u00eddio \u00a0 (@Vatican Media)\n  <\/p>\n<p>Le\u00e3o XIV citou o hist\u00f3rico encontro de Assis promovido por S\u00e3o Jo\u00e3o Paulo II em 27 de outubro de 1986, cujas ra\u00edzes se encontram no documento conciliar &#8220;Nostra aetate&#8221;, do qual se celebram os 60 anos de promulga\u00e7\u00e3o justamente hoje, 28 de outubro. O Pont\u00edfice mencionou ainda seu predecessor, Francisco, que exatamente um ano atr\u00e1s, para o mesmo evento, advertiu para a instrumentaliza\u00e7\u00e3o das guerras por parte das religi\u00f5es. Le\u00e3o XIV afirmou com voz firme: &#8220;<b>A guerra nunca \u00e9 santa, somente a paz \u00e9 santa, porque \u00e9 desejada por Deus!<\/b>&#8220;.<\/p>\n<p>&#8220;Com o poder da ora\u00e7\u00e3o, com as m\u00e3os nuas erguidas ao c\u00e9u e m\u00e3os abertas aos outros, devemos garantir que este per\u00edodo da hist\u00f3ria marcado pela guerra e pela arrog\u00e2ncia da for\u00e7a termine logo e uma nova hist\u00f3ria comece&#8221;, exortou ainda o Papa, pedindo que n\u00e3o nos acostumemos em ter a guerra como &#8220;companheira normal da hist\u00f3ria humana&#8221;.\u00a0<\/p>\n<blockquote>\n<p>\u201cChega! \u00c9 o clamor dos pobres e o clamor da terra. Chega! Senhor, ouve o nosso clamor!\u201d<\/p>\n<\/blockquote>\n<p>Para o Santo Padre, a cultura da reconcilia\u00e7\u00e3o poder\u00e1 superar a atual globaliza\u00e7\u00e3o da impot\u00eancia, atrav\u00e9s do di\u00e1logo, da negocia\u00e7\u00e3o e da coopera\u00e7\u00e3o. Pois existem lugares e pessoas para isso.<\/p>\n<p>&#8220;Este \u00e9 o apelo que n\u00f3s, l\u00edderes religiosos, dirigimos de todo o cora\u00e7\u00e3o aos governos. Fazemos eco do desejo de paz dos povos. (&#8230;) Devemos ousar buscar a paz! E se o mundo estiver surdo a este apelo, temos a certeza de que Deus ouvir\u00e1 as nossas preces e os lamentos de tantos que sofrem. Porque Deus deseja um mundo sem guerra. Ele nos libertar\u00e1 deste mal!&#8221;<\/p>\n","protected":false},"excerpt":{"rendered":"Representantes de diversas religi\u00f5es se reuniram no Coliseu de Roma para o &#8220;Encontro Internacional pela Paz &#8211; as&hellip;\n","protected":false},"author":2,"featured_media":130543,"comment_status":"","ping_status":"","sticky":false,"template":"","format":"standard","meta":{"footnotes":""},"categories":[50],"tags":[27,28,807,15,16,14,25,26,21,22,62,12,13,19,20,6666,811,806,23,24,23031,17,18,29,30,31,63,64,65],"class_list":{"0":"post-130542","1":"post","2":"type-post","3":"status-publish","4":"format-standard","5":"has-post-thumbnail","7":"category-mundo","8":"tag-breaking-news","9":"tag-breakingnews","10":"tag-dialogo-inter-religioso","11":"tag-featured-news","12":"tag-featurednews","13":"tag-headlines","14":"tag-latest-news","15":"tag-latestnews","16":"tag-main-news","17":"tag-mainnews","18":"tag-mundo","19":"tag-news","20":"tag-noticias","21":"tag-noticias-principais","22":"tag-noticiasprincipais","23":"tag-oracao","24":"tag-papa-leao-xiv","25":"tag-paz","26":"tag-principais-noticias","27":"tag-principaisnoticias","28":"tag-religioes","29":"tag-top-stories","30":"tag-topstories","31":"tag-ultimas","32":"tag-ultimas-noticias","33":"tag-ultimasnoticias","34":"tag-world","35":"tag-world-news","36":"tag-worldnews"},"share_on_mastodon":{"url":"https:\/\/pubeurope.com\/@pt\/115454434568176745","error":""},"_links":{"self":[{"href":"https:\/\/www.europesays.com\/pt\/wp-json\/wp\/v2\/posts\/130542","targetHints":{"allow":["GET"]}}],"collection":[{"href":"https:\/\/www.europesays.com\/pt\/wp-json\/wp\/v2\/posts"}],"about":[{"href":"https:\/\/www.europesays.com\/pt\/wp-json\/wp\/v2\/types\/post"}],"author":[{"embeddable":true,"href":"https:\/\/www.europesays.com\/pt\/wp-json\/wp\/v2\/users\/2"}],"replies":[{"embeddable":true,"href":"https:\/\/www.europesays.com\/pt\/wp-json\/wp\/v2\/comments?post=130542"}],"version-history":[{"count":0,"href":"https:\/\/www.europesays.com\/pt\/wp-json\/wp\/v2\/posts\/130542\/revisions"}],"wp:featuredmedia":[{"embeddable":true,"href":"https:\/\/www.europesays.com\/pt\/wp-json\/wp\/v2\/media\/130543"}],"wp:attachment":[{"href":"https:\/\/www.europesays.com\/pt\/wp-json\/wp\/v2\/media?parent=130542"}],"wp:term":[{"taxonomy":"category","embeddable":true,"href":"https:\/\/www.europesays.com\/pt\/wp-json\/wp\/v2\/categories?post=130542"},{"taxonomy":"post_tag","embeddable":true,"href":"https:\/\/www.europesays.com\/pt\/wp-json\/wp\/v2\/tags?post=130542"}],"curies":[{"name":"wp","href":"https:\/\/api.w.org\/{rel}","templated":true}]}}