{"id":130544,"date":"2025-10-28T23:40:07","date_gmt":"2025-10-28T23:40:07","guid":{"rendered":"https:\/\/www.europesays.com\/pt\/130544\/"},"modified":"2025-10-28T23:40:07","modified_gmt":"2025-10-28T23:40:07","slug":"lei-da-nacionalidade-aprovada-com-os-votos-a-favor-de-psd-cds-il-e-chega","status":"publish","type":"post","link":"https:\/\/www.europesays.com\/pt\/130544\/","title":{"rendered":"Lei da nacionalidade aprovada com os votos a favor de PSD, CDS, IL e Chega"},"content":{"rendered":"<p><strong>&#8220;Hoje Portugal fica mais Portugal\u201d. \u201cHoje votamos e decidimos quem \u00e9 o nosso povo\u201d.<\/strong> As declara\u00e7\u00f5es s\u00e3o do ministro Ant\u00f3nio Leit\u00e3o Amaro, na vota\u00e7\u00e3o da nova Lei da Nacionalidade, aprovada no Parlamento esta ter\u00e7a-feira \u00e0 noite, 28 de outubro. PSD, Chega, IL e CDS e JPP a favor somaram 157 votos favor\u00e1veis, enquanto o PS, Livre, PCP, BE e PAN votaram contra, com 64 votos.<\/p>\n<p>O Governo contou com apoio do Chega &#8211;<a aria-label=\"content\" target=\"_blank\" href=\"https:\/\/www.dn.pt\/pol%C3%ADtica\/psd-e-chega-com-entendimento-para-aprovar-reviso-da-lei-da-nacionalidade-em-votao-final-global\" rel=\"nofollow noopener\"> <\/a><strong><a aria-label=\"content\" target=\"_blank\" href=\"https:\/\/www.dn.pt\/pol%C3%ADtica\/psd-e-chega-com-entendimento-para-aprovar-reviso-da-lei-da-nacionalidade-em-votao-final-global\" rel=\"nofollow noopener\">com quem fez um acordo esta manh\u00e3<\/a>,<\/strong> al\u00e9m do CDS-PP e da IL, sendo a bancada de Andr\u00e9 Ventura a decisiva nesta aprova\u00e7\u00e3o. <strong>\u201c\u00c9 um grande dia para os portugueses que t\u00eam sangue portugu\u00eas nas veias, n\u00e3o s\u00e3o os que est\u00e3o na AIMA\u201d<\/strong>, disparou a deputada Cristina Rodrigues, do Chega, que tamb\u00e9m atacou as associa\u00e7\u00f5es de imigrantes, sugeridas para darem parecer sobre a lei. <\/p>\n<p>O deputado Jo\u00e3o Almeida, do CDS-PP, tamb\u00e9m teve um discurso semelhante ao do Chega. &#8220;Havia an\u00fancios por todo o lado a dizer que a nacionalidade portuguesa era f\u00e1cil\u201d, disse. Para o deputado, tais an\u00fancios s\u00e3o \u201cdesrespeito pela hist\u00f3ria\u201d e vincou que <strong>\u201cser portugu\u00eas nunca foi e nunca vai ser f\u00e1cil&#8221;.<\/strong><\/p>\n<p>Do lado esquerdo do plen\u00e1rio, o deputado Paulo Muacho criticou os discursos da direita, citando o facto de os vistos gold darem direito \u00e0 nacionalidade. <strong>&#8220;Nunca houve vergonha de criar uma lei que vendia a nacionalidade por 500 mil euros\u201d<\/strong>, afirmou o parlamentar.<\/p>\n<p>Depois da discuss\u00e3o acalorada, foi uma longa vota\u00e7\u00e3o, por causa dos v\u00e1rios textos de substitui\u00e7\u00e3o e propostas dos partidos. No fim, ficou o que <strong><a aria-label=\"content\" target=\"_blank\" href=\"https:\/\/www.dn.pt\/pol%C3%ADtica\/psd-e-chega-com-entendimento-para-aprovar-reviso-da-lei-da-nacionalidade-em-votao-final-global\" rel=\"nofollow noopener\">j\u00e1 se sabia desde cedo, quando tanto o PSD quanto o Chega celebraram o entendimento entre os partidos para aprova\u00e7\u00e3o do essencial da lei.<\/a><\/strong> Quando o placar da vit\u00f3ria foi anunciado, ouviram-se fortes aplausos na Assembleia da Rep\u00fablica.<\/p>\n","protected":false},"excerpt":{"rendered":"&#8220;Hoje Portugal fica mais Portugal\u201d. \u201cHoje votamos e decidimos quem \u00e9 o nosso povo\u201d. As declara\u00e7\u00f5es s\u00e3o do&hellip;\n","protected":false},"author":2,"featured_media":130545,"comment_status":"","ping_status":"","sticky":false,"template":"","format":"standard","meta":{"footnotes":""},"categories":[10],"tags":[2030,27,28,15,16,14,1481,25,26,1765,21,22,12,13,19,20,32,23,24,33,17,18,29,30,31],"class_list":{"0":"post-130544","1":"post","2":"type-post","3":"status-publish","4":"format-standard","5":"has-post-thumbnail","7":"category-portugal","8":"tag-assembleia-da-republica","9":"tag-breaking-news","10":"tag-breakingnews","11":"tag-featured-news","12":"tag-featurednews","13":"tag-headlines","14":"tag-imigracao","15":"tag-latest-news","16":"tag-latestnews","17":"tag-lei-da-nacionalidade","18":"tag-main-news","19":"tag-mainnews","20":"tag-news","21":"tag-noticias","22":"tag-noticias-principais","23":"tag-noticiasprincipais","24":"tag-portugal","25":"tag-principais-noticias","26":"tag-principaisnoticias","27":"tag-pt","28":"tag-top-stories","29":"tag-topstories","30":"tag-ultimas","31":"tag-ultimas-noticias","32":"tag-ultimasnoticias"},"share_on_mastodon":{"url":"https:\/\/pubeurope.com\/@pt\/115454438477990808","error":""},"_links":{"self":[{"href":"https:\/\/www.europesays.com\/pt\/wp-json\/wp\/v2\/posts\/130544","targetHints":{"allow":["GET"]}}],"collection":[{"href":"https:\/\/www.europesays.com\/pt\/wp-json\/wp\/v2\/posts"}],"about":[{"href":"https:\/\/www.europesays.com\/pt\/wp-json\/wp\/v2\/types\/post"}],"author":[{"embeddable":true,"href":"https:\/\/www.europesays.com\/pt\/wp-json\/wp\/v2\/users\/2"}],"replies":[{"embeddable":true,"href":"https:\/\/www.europesays.com\/pt\/wp-json\/wp\/v2\/comments?post=130544"}],"version-history":[{"count":0,"href":"https:\/\/www.europesays.com\/pt\/wp-json\/wp\/v2\/posts\/130544\/revisions"}],"wp:featuredmedia":[{"embeddable":true,"href":"https:\/\/www.europesays.com\/pt\/wp-json\/wp\/v2\/media\/130545"}],"wp:attachment":[{"href":"https:\/\/www.europesays.com\/pt\/wp-json\/wp\/v2\/media?parent=130544"}],"wp:term":[{"taxonomy":"category","embeddable":true,"href":"https:\/\/www.europesays.com\/pt\/wp-json\/wp\/v2\/categories?post=130544"},{"taxonomy":"post_tag","embeddable":true,"href":"https:\/\/www.europesays.com\/pt\/wp-json\/wp\/v2\/tags?post=130544"}],"curies":[{"name":"wp","href":"https:\/\/api.w.org\/{rel}","templated":true}]}}