{"id":130546,"date":"2025-10-28T23:41:10","date_gmt":"2025-10-28T23:41:10","guid":{"rendered":"https:\/\/www.europesays.com\/pt\/130546\/"},"modified":"2025-10-28T23:41:10","modified_gmt":"2025-10-28T23:41:10","slug":"alba-baptista-e-chris-evans-terao-sido-pais","status":"publish","type":"post","link":"https:\/\/www.europesays.com\/pt\/130546\/","title":{"rendered":"Alba Baptista e Chris Evans ter\u00e3o sido pais"},"content":{"rendered":"<p data-remotead-prev-elm=\"true\" data-remotead-elm-id=\"inread\">A atriz portuguesa Alba Baptista, de 28 anos, e Chris Evans, de 44, ter\u00e3o dado as boas-vindas ao primeiro filho neste s\u00e1bado, 25 de outubro, em Massachussetts, nos Estados Unidos da Am\u00e9rica. A informa\u00e7\u00e3o est\u00e1 a ser avan\u00e7ada pelo site norte-americano TMZ, que diz ainda n\u00e3o ter obtido confirma\u00e7\u00e3o dos representantes dos atores, mas indica que n\u00e3o \u00e9 conhecido, para j\u00e1, o nome ou o sexo do beb\u00e9.<\/p>\n<p>Por c\u00e1, a ag\u00eancia portuguesa da atriz, a Elite, n\u00e3o adianta quaisquer dados sobre esta informa\u00e7\u00e3o revelada esta tarde de ter\u00e7a-feira, 28 de outubro, por n\u00e3o ter a pr\u00e1tica de abordar a vida pessoal dos agenciados.<\/p>\n<p>Esta indica\u00e7\u00e3o de que o casal poderia estar \u00e0 espera do primeiro filho em comum come\u00e7ou a ganhar eco no ver\u00e3o e ap\u00f3s o pai da atriz ter deixado um coment\u00e1rio publicado por uma conta de f\u00e3s de Instagram do casal a prop\u00f3sito de um v\u00eddeo dedicado ao Dia do Pai. Luiz Baptista escreveu, \u00e0 data: &#8220;Muito obrigado, querido Chris. A tua vez est\u00e1 a chegar.&#8221; Quanto \u00e0 estrela da Marvel, Evans revelou h\u00e1 cerca de um ano, em entrevista \u00e0 Acess Hollywood, que queria &#8220;mesmo muito terr filhos&#8221;. &#8220;Espero que sim&#8221;, &#8220;o t\u00edtulo de pai \u00e9 muito interessante&#8221;, acrescentou.<\/p>\n<p>Recorde-se que o casal deu o n\u00f3 em setembro de 2023, numa cerim\u00f3nia discreta, atitude, ali\u00e1s, que tem mantido, com reserva absoluta da vida privada de ambos.<\/p>\n","protected":false},"excerpt":{"rendered":"A atriz portuguesa Alba Baptista, de 28 anos, e Chris Evans, de 44, ter\u00e3o dado as boas-vindas ao&hellip;\n","protected":false},"author":2,"featured_media":130547,"comment_status":"","ping_status":"","sticky":false,"template":"","format":"standard","meta":{"footnotes":""},"categories":[8],"tags":[29573,27,28,4417,20491,15,16,3435,14,25,26,21,22,12,13,19,20,32,23,24,33,17,18,29,30,31],"class_list":{"0":"post-130546","1":"post","2":"type-post","3":"status-publish","4":"format-standard","5":"has-post-thumbnail","7":"category-principais-noticias","8":"tag-alba-baptista","9":"tag-breaking-news","10":"tag-breakingnews","11":"tag-chris-evans","12":"tag-delas","13":"tag-featured-news","14":"tag-featurednews","15":"tag-filho","16":"tag-headlines","17":"tag-latest-news","18":"tag-latestnews","19":"tag-main-news","20":"tag-mainnews","21":"tag-news","22":"tag-noticias","23":"tag-noticias-principais","24":"tag-noticiasprincipais","25":"tag-portugal","26":"tag-principais-noticias","27":"tag-principaisnoticias","28":"tag-pt","29":"tag-top-stories","30":"tag-topstories","31":"tag-ultimas","32":"tag-ultimas-noticias","33":"tag-ultimasnoticias"},"share_on_mastodon":{"url":"https:\/\/pubeurope.com\/@pt\/115454442395905098","error":""},"_links":{"self":[{"href":"https:\/\/www.europesays.com\/pt\/wp-json\/wp\/v2\/posts\/130546","targetHints":{"allow":["GET"]}}],"collection":[{"href":"https:\/\/www.europesays.com\/pt\/wp-json\/wp\/v2\/posts"}],"about":[{"href":"https:\/\/www.europesays.com\/pt\/wp-json\/wp\/v2\/types\/post"}],"author":[{"embeddable":true,"href":"https:\/\/www.europesays.com\/pt\/wp-json\/wp\/v2\/users\/2"}],"replies":[{"embeddable":true,"href":"https:\/\/www.europesays.com\/pt\/wp-json\/wp\/v2\/comments?post=130546"}],"version-history":[{"count":0,"href":"https:\/\/www.europesays.com\/pt\/wp-json\/wp\/v2\/posts\/130546\/revisions"}],"wp:featuredmedia":[{"embeddable":true,"href":"https:\/\/www.europesays.com\/pt\/wp-json\/wp\/v2\/media\/130547"}],"wp:attachment":[{"href":"https:\/\/www.europesays.com\/pt\/wp-json\/wp\/v2\/media?parent=130546"}],"wp:term":[{"taxonomy":"category","embeddable":true,"href":"https:\/\/www.europesays.com\/pt\/wp-json\/wp\/v2\/categories?post=130546"},{"taxonomy":"post_tag","embeddable":true,"href":"https:\/\/www.europesays.com\/pt\/wp-json\/wp\/v2\/tags?post=130546"}],"curies":[{"name":"wp","href":"https:\/\/api.w.org\/{rel}","templated":true}]}}