{"id":130566,"date":"2025-10-28T23:55:21","date_gmt":"2025-10-28T23:55:21","guid":{"rendered":"https:\/\/www.europesays.com\/pt\/130566\/"},"modified":"2025-10-28T23:55:21","modified_gmt":"2025-10-28T23:55:21","slug":"homem-desaparecido-na-apanha-da-azeitona-encontrado-morto-em-coimbra","status":"publish","type":"post","link":"https:\/\/www.europesays.com\/pt\/130566\/","title":{"rendered":"Homem desaparecido na apanha da azeitona encontrado morto em Coimbra"},"content":{"rendered":"<p data-remotead-prev-elm=\"true\" data-remotead-elm-id=\"inread\">Segundo o chefe Cl\u00e1udio Gon\u00e7alves, dos Bombeiros Sapadores de Coimbra, foi por volta do meio-dia que a esposa &#8220;deu por falta&#8221; do homem. S\u00f3 depois das 15.30 horas, a mulher, com o aux\u00edlio de uma vizinha, tentou encontrar o marido. Usando o telem\u00f3vel, conseguiram ouvir o telefone a tocar, embora n\u00e3o conseguissem ver o homem.<\/p>\n<p>Cl\u00e1udio Gon\u00e7alves descreve o local como uma &#8220;zona muito fechada&#8221;, vedada com chapas de zinco e silvado muito denso. &#8220;Depois de retirar as chapas, fazer uma busca, conseguimos encontrar o senhor que estava em paragem cardiorrespirat\u00f3ria&#8221;, conta.<\/p>\n<p>O \u00f3bito foi confirmado no local.<\/p>\n<p data-remotead-prev-elm=\"true\" data-remotead-elm-id=\"centro1\">No local, foi encontrada uma escada e um balde com azeitona pendurado numa oliveira, onde havia um &#8220;grande ninho de vespa asi\u00e1tica&#8221;.<\/p>\n<p>&#8220;N\u00f3s n\u00e3o podemos confirmar nada, porque quando cheg\u00e1mos j\u00e1 tinha acontecido o acidente&#8221;, afirma Cl\u00e1udio Gon\u00e7alves, reconhecendo, no entanto, que, pela forma como as vespas agem, &#8220;poder\u00e1 ser uma das causas de ter provocado a queda do senhor&#8221;.<\/p>\n<p>Os Bombeiros Sapadores de Coimbra foram acionados \u00e0s 16.05 horas para colaborar com o INEM nas buscas do homem.<\/p>\n","protected":false},"excerpt":{"rendered":"Segundo o chefe Cl\u00e1udio Gon\u00e7alves, dos Bombeiros Sapadores de Coimbra, foi por volta do meio-dia que a esposa&hellip;\n","protected":false},"author":2,"featured_media":129256,"comment_status":"","ping_status":"","sticky":false,"template":"","format":"standard","meta":{"footnotes":""},"categories":[10],"tags":[27,28,29579,15,16,14,25,26,21,22,12,13,19,20,32,23,24,33,17,18,29,30,31],"class_list":{"0":"post-130566","1":"post","2":"type-post","3":"status-publish","4":"format-standard","5":"has-post-thumbnail","7":"category-portugal","8":"tag-breaking-news","9":"tag-breakingnews","10":"tag-concelho-coimbra","11":"tag-featured-news","12":"tag-featurednews","13":"tag-headlines","14":"tag-latest-news","15":"tag-latestnews","16":"tag-main-news","17":"tag-mainnews","18":"tag-news","19":"tag-noticias","20":"tag-noticias-principais","21":"tag-noticiasprincipais","22":"tag-portugal","23":"tag-principais-noticias","24":"tag-principaisnoticias","25":"tag-pt","26":"tag-top-stories","27":"tag-topstories","28":"tag-ultimas","29":"tag-ultimas-noticias","30":"tag-ultimasnoticias"},"share_on_mastodon":{"url":"https:\/\/pubeurope.com\/@pt\/115454497532762827","error":""},"_links":{"self":[{"href":"https:\/\/www.europesays.com\/pt\/wp-json\/wp\/v2\/posts\/130566","targetHints":{"allow":["GET"]}}],"collection":[{"href":"https:\/\/www.europesays.com\/pt\/wp-json\/wp\/v2\/posts"}],"about":[{"href":"https:\/\/www.europesays.com\/pt\/wp-json\/wp\/v2\/types\/post"}],"author":[{"embeddable":true,"href":"https:\/\/www.europesays.com\/pt\/wp-json\/wp\/v2\/users\/2"}],"replies":[{"embeddable":true,"href":"https:\/\/www.europesays.com\/pt\/wp-json\/wp\/v2\/comments?post=130566"}],"version-history":[{"count":0,"href":"https:\/\/www.europesays.com\/pt\/wp-json\/wp\/v2\/posts\/130566\/revisions"}],"wp:featuredmedia":[{"embeddable":true,"href":"https:\/\/www.europesays.com\/pt\/wp-json\/wp\/v2\/media\/129256"}],"wp:attachment":[{"href":"https:\/\/www.europesays.com\/pt\/wp-json\/wp\/v2\/media?parent=130566"}],"wp:term":[{"taxonomy":"category","embeddable":true,"href":"https:\/\/www.europesays.com\/pt\/wp-json\/wp\/v2\/categories?post=130566"},{"taxonomy":"post_tag","embeddable":true,"href":"https:\/\/www.europesays.com\/pt\/wp-json\/wp\/v2\/tags?post=130566"}],"curies":[{"name":"wp","href":"https:\/\/api.w.org\/{rel}","templated":true}]}}