{"id":130567,"date":"2025-10-28T23:56:09","date_gmt":"2025-10-28T23:56:09","guid":{"rendered":"https:\/\/www.europesays.com\/pt\/130567\/"},"modified":"2025-10-28T23:56:09","modified_gmt":"2025-10-28T23:56:09","slug":"temporal-centenas-de-ocorrencias-na-grande-lisboa-setubal-e-leziria-do-tejo-2","status":"publish","type":"post","link":"https:\/\/www.europesays.com\/pt\/130567\/","title":{"rendered":"Temporal. Centenas de ocorr\u00eancias na Grande Lisboa, Set\u00fabal e Lez\u00edria do Tejo"},"content":{"rendered":"<p>&#13;<br \/>\nAt\u00e9 perto das cinco da tarde, registaram-se 400 ocorr\u00eancias na Regi\u00e3o de Lisboa, Setubal e Lez\u00edria do Tejo. De acordo com a Autoridade Nacional de Emerg\u00eancia e Prote\u00e7\u00e3o Civil, a Grande Lisboa \u00e9 a regi\u00e3o mais afetada com 259 ocorr\u00eancias relacionadas com inunda\u00e7\u00f5es. H\u00e1 estradas cortadas, \u00e1rvores ca\u00eddas e estruturas derrubadas.&#13;\n<\/p>\n<p>&#13;<br \/>\nO t\u00fanel do campo Pequeno na cidade de Lisboa chegou a estar encerrado.&#13;\n<\/p>\n<p>&#13;<br \/>\nAs regi\u00f5es de Set\u00fabal, Lez\u00edria e Lisboa est\u00e3o sob aviso laranja at\u00e9 amanh\u00e3 as 19h00.&#13;\n<\/p>\n<p>          <img decoding=\"async\" itemprop=\"image\" class=\"img-fluid\"   src=\"https:\/\/www.europesays.com\/pt\/wp-content\/uploads\/2025\/10\/1761695769_131_f29680724ba77846c09f43fa1bce0073_N.jpg\"\/><\/p>\n<p>&#13;<br \/>\nA ANEPC registou, at\u00e9 \u00e0s 16:00, 138 ocorr\u00eancias na regi\u00e3o de Lisboa devido ao mau tempo, a maioria inunda\u00e7\u00f5es e queda de \u00e1rvores, disse \u00e0 ag\u00eancia Lusa o comandante Paulo Santos.&#13;\n<\/p>\n<p>&#13;<br \/>\nEm declara\u00e7\u00f5es \u00e0 Lusa, pelas 16:30, Paulo Santos ressalvou que este balan\u00e7o n\u00e3o inclui a cidade de Lisboa.&#13;\n<\/p>\n<p>&#13;<br \/>\nSegundo o comandante da ANEPC, acrescem ainda 15 ocorr\u00eancias relevantes na regi\u00e3o da Lez\u00edria do Tejo e 11 no M\u00e9dio Tejo.&#13;\n<\/p>\n<p>&#13;<br \/>\nAs ocorr\u00eancias mais relevantes dizem respeito a inunda\u00e7\u00f5es, quedas de \u00e1rvores e de estruturas.&#13;\n<\/p>\n<p>&#13;<br \/>\nTodos os distritos est\u00e3o hoje em aviso amarelo, o menos grave dos tr\u00eas n\u00edveis, igualmente devido \u00e0 chuva, na sua maioria entre as 06:00 e a meia-noite, segundo indicou o Instituto Portugu\u00eas do Mar e da Atmosfera (IPMA).&#13;\n<\/p>\n<p>&#13;<br \/>\nNas regi\u00f5es montanhosas e na costa sul do arquip\u00e9lago da Madeira, a acompanhar a chuva, prev\u00ea-se vento forte, entre 09:00 e as 18:00, cujas rajadas podem atingir os 100 quil\u00f3metros por hora.&#13;\n<\/p>\n<p>&#13;<br \/>\nPor seu turno, a Prote\u00e7\u00e3o Civil alertou hoje para a possibilidade de inunda\u00e7\u00f5es em zonas urbanas e cheias nos pr\u00f3ximos dias devido \u00e0s previs\u00f5es de chuva e vento forte, pedindo \u00e0 popula\u00e7\u00e3o que adote medidas preventivas.&#13;\n<\/p>\n<p>&#13;<br \/>\nNum aviso \u00e0 popula\u00e7\u00e3o, a Autoridade Nacional de Emerg\u00eancia e Prote\u00e7\u00e3o Civil (ANEPC) d\u00e1 conta que a previs\u00e3o meteorol\u00f3gica para os pr\u00f3ximos dias aponta para &#8220;precipita\u00e7\u00e3o por vezes forte&#8221;, acompanhada por trovoadas, e para o &#8220;aumento da intensidade do vento no litoral e nas terras altas, com condi\u00e7\u00f5es favor\u00e1veis \u00e0 ocorr\u00eancia de fen\u00f3menos extremos de vento, em especial na regi\u00e3o Sul&#8221;.&#13;\n<\/p>\n<p>&#13;<br \/>\nFace a estas previs\u00f5es, a Prote\u00e7\u00e3o Civil avisa para a ocorr\u00eancia de inunda\u00e7\u00f5es em zonas urbanas, causadas por acumula\u00e7\u00e3o de \u00e1guas pluviais por obstru\u00e7\u00e3o dos sistemas de escoamento ou por galgamento costeiro, assim como para cheias, devido ao transbordo do leito de alguns cursos de \u00e1gua, rios e ribeiras.&#13;\n<\/p>\n<p>&#13;<br \/>\nA ANEPC alerta tamb\u00e9m para a instabilidade de vertentes, conduzindo a deslizamentos, derrocadas e outros motivados pela infiltra\u00e7\u00e3o da \u00e1gua (fen\u00f3meno que pode ser potenciado pela remo\u00e7\u00e3o do coberto vegetal na sequ\u00eancia de inc\u00eandios rurais do Ver\u00e3o), para o piso rodovi\u00e1rio escorregadio devido \u00e0 poss\u00edvel forma\u00e7\u00e3o de len\u00e7\u00f3is de \u00e1gua, assim como para o arrastamento para as vias de objetos soltos, ou ao desprendimento de estruturas m\u00f3veis devido ao vento forte.&#13;\n<\/p>\n<p>&#13;<br \/>\nc\/ Lusa&#13;<\/p>\n","protected":false},"excerpt":{"rendered":"&#13; At\u00e9 perto das cinco da tarde, registaram-se 400 ocorr\u00eancias na Regi\u00e3o de Lisboa, Setubal e Lez\u00edria do&hellip;\n","protected":false},"author":2,"featured_media":130293,"comment_status":"","ping_status":"","sticky":false,"template":"","format":"standard","meta":{"footnotes":""},"categories":[8],"tags":[27,28,15,16,14,25,26,21,22,8532,12,13,19,20,32,23,24,6821,33,17,18,29,30,31],"class_list":{"0":"post-130567","1":"post","2":"type-post","3":"status-publish","4":"format-standard","5":"has-post-thumbnail","7":"category-principais-noticias","8":"tag-breaking-news","9":"tag-breakingnews","10":"tag-featured-news","11":"tag-featurednews","12":"tag-headlines","13":"tag-latest-news","14":"tag-latestnews","15":"tag-main-news","16":"tag-mainnews","17":"tag-mau-tempo","18":"tag-news","19":"tag-noticias","20":"tag-noticias-principais","21":"tag-noticiasprincipais","22":"tag-portugal","23":"tag-principais-noticias","24":"tag-principaisnoticias","25":"tag-protecao","26":"tag-pt","27":"tag-top-stories","28":"tag-topstories","29":"tag-ultimas","30":"tag-ultimas-noticias","31":"tag-ultimasnoticias"},"share_on_mastodon":{"url":"https:\/\/pubeurope.com\/@pt\/115454501583108889","error":""},"_links":{"self":[{"href":"https:\/\/www.europesays.com\/pt\/wp-json\/wp\/v2\/posts\/130567","targetHints":{"allow":["GET"]}}],"collection":[{"href":"https:\/\/www.europesays.com\/pt\/wp-json\/wp\/v2\/posts"}],"about":[{"href":"https:\/\/www.europesays.com\/pt\/wp-json\/wp\/v2\/types\/post"}],"author":[{"embeddable":true,"href":"https:\/\/www.europesays.com\/pt\/wp-json\/wp\/v2\/users\/2"}],"replies":[{"embeddable":true,"href":"https:\/\/www.europesays.com\/pt\/wp-json\/wp\/v2\/comments?post=130567"}],"version-history":[{"count":0,"href":"https:\/\/www.europesays.com\/pt\/wp-json\/wp\/v2\/posts\/130567\/revisions"}],"wp:featuredmedia":[{"embeddable":true,"href":"https:\/\/www.europesays.com\/pt\/wp-json\/wp\/v2\/media\/130293"}],"wp:attachment":[{"href":"https:\/\/www.europesays.com\/pt\/wp-json\/wp\/v2\/media?parent=130567"}],"wp:term":[{"taxonomy":"category","embeddable":true,"href":"https:\/\/www.europesays.com\/pt\/wp-json\/wp\/v2\/categories?post=130567"},{"taxonomy":"post_tag","embeddable":true,"href":"https:\/\/www.europesays.com\/pt\/wp-json\/wp\/v2\/tags?post=130567"}],"curies":[{"name":"wp","href":"https:\/\/api.w.org\/{rel}","templated":true}]}}