{"id":130570,"date":"2025-10-29T00:00:11","date_gmt":"2025-10-29T00:00:11","guid":{"rendered":"https:\/\/www.europesays.com\/pt\/130570\/"},"modified":"2025-10-29T00:00:11","modified_gmt":"2025-10-29T00:00:11","slug":"o-retrato-de-familia-mais-fofo-de-sempre-isa-oliveira-celebra-30-anos-mas-e-o-estilo-do-filho-que-rouba-atencoes-secret-story","status":"publish","type":"post","link":"https:\/\/www.europesays.com\/pt\/130570\/","title":{"rendered":"O retrato de fam\u00edlia mais fofo de sempre. Isa Oliveira celebra 30 anos: mas \u00e9 o estilo do filho que &#8216;rouba&#8217; aten\u00e7\u00f5es &#8211; Secret Story"},"content":{"rendered":"<p>\u00abTrintei\u00bb. Foi assim que Isa Oliveira assinalou o seu 30.\u00ba anivers\u00e1rio nesta segunda-feira, 27 de outubro. A <strong>ex-concorrente d&#8217;O Tri\u00e2ngulo <\/strong>\u00a0celebrou a <a href=\"https:\/\/tvi.iol.pt\/bigbrother\/domingos-terra\/isa-oliveira\/afinal-o-que-aconteceu-apos-anunciar-separacao-de-isa-oliveira-domingos-terra-faz-esclarecimento-o-telemovel\" rel=\"nofollow noopener\" target=\"_blank\">data especial ao lado do namorado<\/a>, <strong>Domingos Terra<\/strong>, e do filho de ambos, <strong>Duarte Maria.<\/strong><\/p>\n<p>Nas redes sociais, Isa Oliveira partilhou um conjunto de fotografias amorosas da sua fam\u00edlia, em que o filho aparece em grande destaque. Na legenda dessa mesma publica\u00e7\u00e3o, a namorada de Domingos Terra fez uma\u00a0reflex\u00e3o sobre os 30 anos de vida.\u00a0<\/p>\n<p>\u00ab\u201cTrintei\u201d\u2026 e n\u00e3o podia ser mais feliz e aben\u00e7oada \u2764\ufe0f obrigada a todos voc\u00eas que, de uma maneira ou de outra, fizeram parte do meu dia! \ud83d\udcab\u00bb, pode ler-se.\u00a0<\/p>\n<p>Nas imagens, o estilo do pequeno Duarte Maria n\u00e3o passou despercebido e roubou aten\u00e7\u00f5es. \u00abMeus amores familia linda muitas felicidades \u2764\ufe0f\u00bb, \u00abEsse mi\u00fado \u00e9 um borracho\u00bb, \u00ab\u00a0Que casal lindo e feliz com o vosso filhote \u2764\ufe0f\u00bb, \u00abUm encanto de Fam\u00edlia!\u2764\ufe0f\u00bb, \u00abParab\u00e9ns Isa tudo de bom para ti para o teu pr\u00edncipe que \u00e9 lindo\u00bb, pode ler-se, na caixa de coment\u00e1rios da publica\u00e7\u00e3o.<\/p>\n<p><strong>Veja tudo aqui:<\/strong><\/p>\n<blockquote class=\"instagram-media\" data-instgrm-captioned=\"\" data-instgrm-permalink=\"https:\/\/www.instagram.com\/p\/DQVQhIiDOd6\/?utm_source=ig_embed&amp;utm_campaign=loading\" data-instgrm-version=\"14\" style=\" background:#FFF; border:0; border-radius:3px; box-shadow:0 0 1px 0 rgba(0,0,0,0.5),0 1px 10px 0 rgba(0,0,0,0.15); margin: 1px; max-width:540px; min-width:326px; padding:0; width:99.375%; width:-webkit-calc(100% - 2px); width:calc(100% - 2px);\">\n<\/blockquote>\n<p>Domingos Terra reagiu \u00e0 publica\u00e7\u00e3o. \u00abAmo vos \u2764\ufe0f\u00bb, escreveu nos coment\u00e1rios.<\/p>\n<p><strong>Pode ver tudo na galeria que prepar\u00e1mos para si!<\/strong><\/p>\n<p>                        <script async src=\"\/\/www.instagram.com\/embed.js\"><\/script><\/p>\n","protected":false},"excerpt":{"rendered":"\u00abTrintei\u00bb. Foi assim que Isa Oliveira assinalou o seu 30.\u00ba anivers\u00e1rio nesta segunda-feira, 27 de outubro. A ex-concorrente&hellip;\n","protected":false},"author":2,"featured_media":130571,"comment_status":"","ping_status":"","sticky":false,"template":"","format":"standard","meta":{"footnotes":""},"categories":[142],"tags":[996,18706,6997,114,115,18705,29580,32,33,151,18704],"class_list":{"0":"post-130570","1":"post","2":"type-post","3":"status-publish","4":"format-standard","5":"has-post-thumbnail","7":"category-tv","8":"tag-aniversario","9":"tag-bastidores-secret-story","10":"tag-domingos-terra","11":"tag-entertainment","12":"tag-entretenimento","13":"tag-entrevistas-concorrentes-tvi","14":"tag-isa-oliveira","15":"tag-portugal","16":"tag-pt","17":"tag-tv","18":"tag-vida-fora-da-casa"},"share_on_mastodon":{"url":"https:\/\/pubeurope.com\/@pt\/115454517266726478","error":""},"_links":{"self":[{"href":"https:\/\/www.europesays.com\/pt\/wp-json\/wp\/v2\/posts\/130570","targetHints":{"allow":["GET"]}}],"collection":[{"href":"https:\/\/www.europesays.com\/pt\/wp-json\/wp\/v2\/posts"}],"about":[{"href":"https:\/\/www.europesays.com\/pt\/wp-json\/wp\/v2\/types\/post"}],"author":[{"embeddable":true,"href":"https:\/\/www.europesays.com\/pt\/wp-json\/wp\/v2\/users\/2"}],"replies":[{"embeddable":true,"href":"https:\/\/www.europesays.com\/pt\/wp-json\/wp\/v2\/comments?post=130570"}],"version-history":[{"count":0,"href":"https:\/\/www.europesays.com\/pt\/wp-json\/wp\/v2\/posts\/130570\/revisions"}],"wp:featuredmedia":[{"embeddable":true,"href":"https:\/\/www.europesays.com\/pt\/wp-json\/wp\/v2\/media\/130571"}],"wp:attachment":[{"href":"https:\/\/www.europesays.com\/pt\/wp-json\/wp\/v2\/media?parent=130570"}],"wp:term":[{"taxonomy":"category","embeddable":true,"href":"https:\/\/www.europesays.com\/pt\/wp-json\/wp\/v2\/categories?post=130570"},{"taxonomy":"post_tag","embeddable":true,"href":"https:\/\/www.europesays.com\/pt\/wp-json\/wp\/v2\/tags?post=130570"}],"curies":[{"name":"wp","href":"https:\/\/api.w.org\/{rel}","templated":true}]}}