{"id":13058,"date":"2025-08-02T15:29:10","date_gmt":"2025-08-02T15:29:10","guid":{"rendered":"https:\/\/www.europesays.com\/pt\/13058\/"},"modified":"2025-08-02T15:29:10","modified_gmt":"2025-08-02T15:29:10","slug":"ruben-neves-revela-elogio-de-bernardo-silva-cresceste-com-jorge-jesus","status":"publish","type":"post","link":"https:\/\/www.europesays.com\/pt\/13058\/","title":{"rendered":"R\u00faben Neves revela elogio de Bernardo Silva: \u00abCresceste com Jorge Jesus\u00bb"},"content":{"rendered":"<p>R\u00faben Neves prepara-se para disputar a terceira temporada ao servi\u00e7o dos sauditas do Al Hilal, mas tem um regresso em mente. O m\u00e9dio formado no FC Porto destacou-se muito jovem no clube e saiu cedo para o Wolverhampton, de Inglaterra. No futuro, quer voltar ao Est\u00e1dio do Drag\u00e3o.<\/p>\n<p>\u00abSem d\u00favida, em todas as entrevistas que fa\u00e7o digo isso.\u00a0Quero voltar para jogar e ser competitivo, \u00e9 o meu grande objetivo. Tenho 28 anos e sinto-me bem. Esse \u00e9 um objetivo de carreira, sem d\u00favida, porque nunca fui campe\u00e3o. Com uma fam\u00edlia de 60 pessoas portistas, \u00e9 algo que lhes quero dar e vivenciar. Ia para os Aliados festejar t\u00edtulos do FC Porto e\u00a0quero estar do outro lado, a ver a minha fam\u00edlia a festejar\u00bb, disse, em entrevista \u00e0 Sport TV.<\/p>\n<p>R\u00faben Neves recordou ainda outro papel desempenhado no clube da Invicta &#8211; o de apanha-bolas.\u00a0<\/p>\n<p>\u00abEra apanha-bolas nos 5-0 ao Benfica. Como portista, \u00e9 dif\u00edcil esquecer esse jogo e esse ano. O FC Porto tinha uma equipa fant\u00e1stica. Hulk, Falcao, James, Fernando&#8230; Era uma equipa abismal, a melhor equipa do FC Porto desde que me lembro.\u00a0Fiquei do lado da baliza da claque e apanhei os dois golos do Hulk\u00bb, lembra o m\u00e9dio.<\/p>\n<p>O internacional luso trabalhou nas \u00faltimas duas temporadas com o treinador portugu\u00eas Jorge Jesus. Apesar de jogar numa Liga perif\u00e9rica, Neves recebeu um elogio de Bernardo Silva (que n\u00e3o tem o melhor relacionamento com Jesus).<\/p>\n<p>\u00abTenho um jogo que nunca vou esquecer, contra a Pol\u00f3nia com Portugal, em que ganh\u00e1mos 3-1 na Liga das Na\u00e7\u00f5es. Termin\u00e1mos o jogo e um grande amigo meu, o Bernardo Silva, chega \u00e0 minha beira e diz-me: &#8216;Noto uma grande diferen\u00e7a em ti desde que trabalhas com Jorge Jesus&#8217;\u00bb, afirmou.<\/p>\n<p>\u00abEu tamb\u00e9m senti isso. N\u00e3o sei se foi por esse rigor ou pela preocupa\u00e7\u00e3o defensiva tamb\u00e9m, porque para ele a posi\u00e7\u00e3o seis \u00e9 a posi\u00e7\u00e3o mais importante defensivamente.\u00a0O mister Jorge Jesus com a posi\u00e7\u00e3o seis \u00e9 exigente ao m\u00e1ximo n\u00edvel. Nos primeiros dois meses custou-me um bocadinho\u00bb, admitiu ainda Neves.<\/p>\n<p>O m\u00e9dio-defensivo projetou ainda o Mundial 2026, n\u00e3o escondendo o desejo de jogar nesse certame.<\/p>\n<p>\u00abO Mundial 2022 foi a competi\u00e7\u00e3o mais dif\u00edcil que joguei. J\u00e1 t\u00ednhamos muita vontade de representar Portugal, mas agora vamos ter uma for\u00e7a ainda maior. A for\u00e7a que ele [Diogo Jota] nos dava dentro de campo&#8230; cada um herdou um bocadinho daquilo que era o Diogo dentro de campo\u00bb, recordou o amigo.<\/p>\n","protected":false},"excerpt":{"rendered":"R\u00faben Neves prepara-se para disputar a terceira temporada ao servi\u00e7o dos sauditas do Al Hilal, mas tem um&hellip;\n","protected":false},"author":2,"featured_media":13059,"comment_status":"","ping_status":"","sticky":false,"template":"","format":"standard","meta":{"footnotes":""},"categories":[87],"tags":[5406,5405,135,282,82,1147,436,46,32,33,47,4650,134],"class_list":{"0":"post-13058","1":"post","2":"type-post","3":"status-publish","4":"format-standard","5":"has-post-thumbnail","7":"category-desporto","8":"tag-al-hilal","9":"tag-bernardo-silva","10":"tag-desporto","11":"tag-fc-porto","12":"tag-internacional","13":"tag-jorge-jesus","14":"tag-made-in","15":"tag-maisfutebol","16":"tag-portugal","17":"tag-pt","18":"tag-pura-paixao","19":"tag-ruben-neves","20":"tag-sports"},"share_on_mastodon":{"url":"","error":""},"_links":{"self":[{"href":"https:\/\/www.europesays.com\/pt\/wp-json\/wp\/v2\/posts\/13058","targetHints":{"allow":["GET"]}}],"collection":[{"href":"https:\/\/www.europesays.com\/pt\/wp-json\/wp\/v2\/posts"}],"about":[{"href":"https:\/\/www.europesays.com\/pt\/wp-json\/wp\/v2\/types\/post"}],"author":[{"embeddable":true,"href":"https:\/\/www.europesays.com\/pt\/wp-json\/wp\/v2\/users\/2"}],"replies":[{"embeddable":true,"href":"https:\/\/www.europesays.com\/pt\/wp-json\/wp\/v2\/comments?post=13058"}],"version-history":[{"count":0,"href":"https:\/\/www.europesays.com\/pt\/wp-json\/wp\/v2\/posts\/13058\/revisions"}],"wp:featuredmedia":[{"embeddable":true,"href":"https:\/\/www.europesays.com\/pt\/wp-json\/wp\/v2\/media\/13059"}],"wp:attachment":[{"href":"https:\/\/www.europesays.com\/pt\/wp-json\/wp\/v2\/media?parent=13058"}],"wp:term":[{"taxonomy":"category","embeddable":true,"href":"https:\/\/www.europesays.com\/pt\/wp-json\/wp\/v2\/categories?post=13058"},{"taxonomy":"post_tag","embeddable":true,"href":"https:\/\/www.europesays.com\/pt\/wp-json\/wp\/v2\/tags?post=13058"}],"curies":[{"name":"wp","href":"https:\/\/api.w.org\/{rel}","templated":true}]}}