{"id":130584,"date":"2025-10-29T00:08:18","date_gmt":"2025-10-29T00:08:18","guid":{"rendered":"https:\/\/www.europesays.com\/pt\/130584\/"},"modified":"2025-10-29T00:08:18","modified_gmt":"2025-10-29T00:08:18","slug":"a-alemanha-esta-a-preparar-se-para-a-guerra-com-uma-lista-de-compras-de-377-mil-milhoes-de-euros","status":"publish","type":"post","link":"https:\/\/www.europesays.com\/pt\/130584\/","title":{"rendered":"A Alemanha est\u00e1 a preparar-se para a guerra com uma lista de compras de 377 mil milh\u00f5es de euros"},"content":{"rendered":"<p>\t                Plano de reequipamento militar das For\u00e7as Armadas da Alemanha chega aos 377 mil milh\u00f5es de euros em gastos\u00a0com a defesa a\u00e9rea, terrestre, mar\u00edtima, cibern\u00e9tica e at\u00e9 espacial<\/p>\n<p lang=\"EN-US\" paraeid=\"{abaf2f53-f93b-4474-a1dc-ad62aac7c6d0}{224}\" paraid=\"1582689877\" xml:lang=\"EN-US\">Berlim quer transformar\u00a0as For\u00e7as Armadas da Alemanha no \u201cex\u00e9rcito convencional mais forte da Europa\u201d\u00a0e Friedrich\u00a0Merz\u00a0comprometeu-se a garantir \u201ctodos os recursos financeiros de que necessita\u201d para atingir esse\u00a0objetivo.<\/p>\n<p lang=\"EN-US\" paraeid=\"{0022a082-a766-4edc-9845-3f4a35d9f5ac}{72}\" paraid=\"1084673813\" xml:lang=\"EN-US\">O chanceler alem\u00e3o est\u00e1 pronto para associar esta ambi\u00e7\u00e3o a um vasto programa de reequipamento\u00a0militar, de acordo com\u00a0os novos planos internos\u00a0obtidos\u00a0pelo\u00a0<a href=\"https:\/\/www.politico.eu\/article\/germany-military-wish-list-defense-politics-budget-domestic-industry\/\" rel=\"noreferrer noopener nofollow\" target=\"_blank\">Politico<\/a>. Este\u00a0documento, com 39 p\u00e1ginas, lista investimentos de 377 mil milh\u00f5es de euros em projetos que abrangem os dom\u00ednios terrestre, a\u00e9reo,\u00a0mar\u00edtimo, espacial e cibern\u00e9tico.<\/p>\n<p paraeid=\"{173d746b-6390-4d7b-a094-bc6e5bd68b30}{2}\" paraid=\"1108403425\" xml:lang=\"EN-US\">Trata-se de uma\u00a0vis\u00e3o geral do planeamento de aquisi\u00e7\u00f5es que ir\u00e1 servir de base para o or\u00e7amento de defesa de 2026 &#8211; ainda que muitas das compras n\u00e3o tenham prazos definidos -, que se centra na dinamiza\u00e7\u00e3o da ind\u00fastria nacional de defesa.<\/p>\n<p paraeid=\"{f0abeb3f-d92a-4d07-8564-2c9d0396fe94}{53}\" paraid=\"942736982\" xml:lang=\"EN-US\">Desde a primavera que Berlim tem vindo a remover as despesas com\u00a0a\u00a0defesa do limite constitucional \u00e0\u00a0divida p\u00fablica, permitindo investimentos plurianuais sustentados para al\u00e9m do fundo especial de quase 100 mil milh\u00f5es de euros criado\u00a0no governo do antigo chanceler, Olaf\u00a0Scholz, fundo esse que est\u00e1 praticamente esgotado.<\/p>\n<p paraeid=\"{a9d6db05-37e1-430b-aeb3-071fd8c91a52}{208}\" paraid=\"903926418\" xml:lang=\"EN-US\">Os projetos inclu\u00eddos nesta lista v\u00e3o ser apresentados gradualmente ao parlamento, \u00e0 medida que cada um estiver pronto para vota\u00e7\u00e3o na comiss\u00e3o or\u00e7amental, cuja aprova\u00e7\u00e3o \u00e9 obrigat\u00f3ria para todas as aquisi\u00e7\u00f5es superiores a 25 milh\u00f5es de euros.\u00a0<\/p>\n<p paraeid=\"{15a4dd0f-572e-4761-9e7c-90d5a0d02e79}{54}\" paraid=\"1318312724\" xml:lang=\"EN-US\">Segundo o documento, as For\u00e7as Armadas da Alemanha (Bundeswehr) planeiam lan\u00e7ar cerca de 320\u00a0novos projetos de armamento e equipamento no pr\u00f3ximo ciclo or\u00e7amental. Destes, 178 j\u00e1 t\u00eam contratante\u00a0definido, enquanto os restantes continuam \u201cem aberto\u201d, sinal de que grande parte do plano de moderniza\u00e7\u00e3o da defesa alem\u00e3 ainda est\u00e1 em fase de defini\u00e7\u00e3o.\u00a0As empresas nacionais destacam-se claramente nas adjudica\u00e7\u00f5es identificadas: aproximadamente 160 projetos, avaliados em cerca de 182 mil milh\u00f5es de euros, est\u00e3o ligados a companhias sediadas na Alemanha.\u00a0<\/p>\n<p>Lista de desejos alem\u00e3\u00a0 <\/p>\n<p paraeid=\"{d5ee849b-7c1e-45ff-95d1-4e903d8928fe}{197}\" paraid=\"1937695328\" xml:lang=\"EN-US\">O plano prev\u00ea a entrega de 687 ve\u00edculos Puma at\u00e9 2035 &#8211; 662 em vers\u00e3o de combate e 25 destinados \u00e0 forma\u00e7\u00e3o de condutores. Para a defesa a\u00e9rea, as For\u00e7as Armadas\u00a0querem adquirir 561 sistemas de torreta de curto alcance\u00a0Skyranger\u00a030, destinados \u00e0 prote\u00e7\u00e3o contra\u00a0drones\u00a0e amea\u00e7as de proximidade. E est\u00e3o ainda\u00a0contempladas\u00a0milhares de granadas e muni\u00e7\u00f5es de espingarda.<\/p>\n<p paraeid=\"{7fbe27ba-dc91-4e83-8e0b-0f7bb3da7a5f}{66}\" paraid=\"781639719\" xml:lang=\"EN-US\">Grande parte do valor est\u00e1 associado \u00e0 fam\u00edlia de m\u00edsseis IRIS-T &#8211; no total as compras chegam aos 4,2 mil milh\u00f5es de euros &#8211; que deve ser a coluna vertebral\u00a0da futura arquitetura de defesa a\u00e9rea alem\u00e3.\u00a0Est\u00e1 prevista a aquisi\u00e7\u00e3o de 14 sistemas IRIS-T\u00a0SLM completos, avaliados em 3,18 mil milh\u00f5es de euros, bem como 396 m\u00edsseis IRIS-T SLM (cerca de 694 milh\u00f5es de euros) e 300 m\u00edsseis de curto alcance IRIS-T LFK, num montante de 300 milh\u00f5es de euros.<\/p>\n<p paraeid=\"{6bc857be-3c67-4e6a-8825-026a1886a7d8}{125}\" paraid=\"2104076807\" xml:lang=\"EN-US\">A\u00a0Bundeswehr\u00a0planeia tamb\u00e9m expandir a frota de\u00a0drones\u00a0armados Heron TP, operada em parceria com a israelita IAI, incluindo a compra de novas muni\u00e7\u00f5es num valor pr\u00f3ximo dos 100 milh\u00f5es de euros. A lista contempla ainda uma d\u00fazia de\u00a0drones\u00a0t\u00e1ticos LUNA NG, avaliados em 1,6 mil milh\u00f5es de euros. Para a\u00a0marinha, prev\u00ea-se a aquisi\u00e7\u00e3o de quatro drones mar\u00edtimos uMAWS, por um valor aproximado de 675 milh\u00f5es de euros, incluindo pe\u00e7as sobressalentes, forma\u00e7\u00e3o e manuten\u00e7\u00e3o.\u00a0<\/p>\n<p paraeid=\"{6bc857be-3c67-4e6a-8825-026a1886a7d8}{195}\" paraid=\"515870090\" xml:lang=\"EN-US\">Alguns dos projetos mais caros das For\u00e7as Armadas n\u00e3o se limitam \u00e0 terra, ao\u00a0mar\u00a0ou ao ar, mas estendem-se at\u00e9 ao Espa\u00e7o: o\u00a0plano inclui mais de 14 mil milh\u00f5es de euros em programas de sat\u00e9lites, com novos sistemas de comunica\u00e7\u00f5es geoestacion\u00e1rios, esta\u00e7\u00f5es terrestres modernizadas e, sobretudo, uma constela\u00e7\u00e3o de sat\u00e9lites em \u00f3rbita baixa avaliada em 9,5 mil milh\u00f5es de euros. Esta iniciativa integra o plano de 35 mil milh\u00f5es de euros apresentado pelo ministro da Defesa, Boris\u00a0Pistorius, destinado a refor\u00e7ar a \u201cseguran\u00e7a espacial\u201d da Alemanha\u00a0e\u00a0tem como\u00a0objetivo garantir liga\u00e7\u00e3o constante e resistente a interfer\u00eancias para as for\u00e7as no terreno e os centros de comando.\u00a0\u00a0<\/p>\n<p paraeid=\"{57cb6209-bb85-4e62-a9a7-a5ead2c65310}{66}\" paraid=\"1348057985\" xml:lang=\"EN-US\">Entre as propostas\u00a0est\u00e1 a poss\u00edvel compra adicional de 15\u00a0ca\u00e7as F-35 da norte-americana Lockheed\u00a0Martin, num investimento estimado em 2,5 mil milh\u00f5es de euros, atrav\u00e9s do programa\u00a0Foreign\u00a0Military\u00a0Sales dos Estados Unidos. Esta medida permitiria \u00e0 Alemanha manter o seu papel na partilha nuclear da NATO, mas tamb\u00e9m refor\u00e7aria a depend\u00eancia do pa\u00eds relativamente \u00e0 manuten\u00e7\u00e3o, ao software e ao acesso aos dados de miss\u00e3o controlados por Washington.\u00a0\u00a0<\/p>\n<p paraeid=\"{febf110e-11ce-4d9c-874c-eb769a07e84a}{125}\" paraid=\"824484304\" xml:lang=\"EN-US\">A\u00a0Bundeswehr\u00a0prev\u00ea adquirir 400 m\u00edsseis de cruzeiro\u00a0Tomahawk\u00a0Block\u00a0Vb, num investimento de cerca de 1,15 mil milh\u00f5es de euros, bem como tr\u00eas lan\u00e7adores\u00a0Typhon, da Lockheed\u00a0Martin, avaliados em 220 milh\u00f5es de euros. Esta combina\u00e7\u00e3o iria proporcionar \u00e0 Alemanha uma capacidade de ataque com alcance at\u00e9 dois mil quil\u00f3metros.\u00a0\u00a0<\/p>\n<p paraeid=\"{7198dcda-eea6-4b65-b415-3a70e886e49e}{42}\" paraid=\"565814268\" xml:lang=\"EN-US\">Outro projeto inclu\u00eddo na lista \u00e9 o plano provis\u00f3rio para quatro avi\u00f5es de patrulha\u00a0mar\u00edtima Boeing P-8A Poseidon, com um custo aproximado de 1,8 mil milh\u00f5es de euros, igualmente enquadrado no sistema de vendas militares externas dos EUA.\u00a0\u00a0<\/p>\n<p paraeid=\"{febf110e-11ce-4d9c-874c-eb769a07e84a}{141}\" paraid=\"1470462658\" xml:lang=\"EN-US\">No total, cerca de 25 projetos com liga\u00e7\u00e3o estrangeira, avaliados em aproximadamente 14 mil milh\u00f5es de euros, est\u00e3o identificados no planeamento interno da\u00a0Bundeswehr &#8211; menos de 5% do valor global dos 377 mil milh\u00f5es de euros previstos.\u00a0Por contraste, quase metade do investimento previsto est\u00e1 ancorado na ind\u00fastria nacional, cobrindo ve\u00edculos blindados, sensores e linhas de produ\u00e7\u00e3o de muni\u00e7\u00f5es. Assim, as empresas alem\u00e3s dominam em termos financeiros, mas os poucos sistemas importados continuam a definir as fun\u00e7\u00f5es militares mais sens\u00edveis e estrat\u00e9gicas do pa\u00eds.\u00a0<\/p>\n<p paraeid=\"{af56a526-9f63-4042-9e5a-c826c16ac478}{17}\" paraid=\"1276524372\" xml:lang=\"EN-US\">Apesar de o governo alem\u00e3o procurar equilibrar a coopera\u00e7\u00e3o internacional com a prote\u00e7\u00e3o da sua base industrial, o novo plano de aquisi\u00e7\u00f5es deixa claro que a prioridade \u00e9 manter o m\u00e1ximo poss\u00edvel da produ\u00e7\u00e3o e do investimento dentro de portas. O foco na ind\u00fastria nacional n\u00e3o se deve apenas a motivos econ\u00f3micos, mas tamb\u00e9m \u00e0 necessidade de garantir autonomia estrat\u00e9gica e seguran\u00e7a no abastecimento, sobretudo ap\u00f3s os choques log\u00edsticos e energ\u00e9ticos provocados pela guerra na Ucr\u00e2nia.\u00a0<\/p>\n<p paraeid=\"{af56a526-9f63-4042-9e5a-c826c16ac478}{66}\" paraid=\"697167058\" xml:lang=\"EN-US\">Para Berlim, reerguer a\u00a0Bundeswehr\u00a0\u00e9 mais do que uma quest\u00e3o de defesa &#8211; \u00e9 uma afirma\u00e7\u00e3o pol\u00edtica e industrial. A ambi\u00e7\u00e3o de transformar\u00a0as for\u00e7as armadas alem\u00e3s na principal pot\u00eancia militar convencional da Europa est\u00e1 intimamente ligada ao fortalecimento das suas empresas de defesa e \u00e0 cria\u00e7\u00e3o de uma cadeia de produ\u00e7\u00e3o que reduza a depend\u00eancia de fornecedores estrangeiros.\u00a0\u00a0<\/p>\n","protected":false},"excerpt":{"rendered":"Plano de reequipamento militar das For\u00e7as Armadas da Alemanha chega aos 377 mil milh\u00f5es de euros em gastos\u00a0com&hellip;\n","protected":false},"author":2,"featured_media":85241,"comment_status":"","ping_status":"","sticky":false,"template":"","format":"standard","meta":{"footnotes":""},"categories":[50],"tags":[1305,609,836,611,27,28,607,608,333,832,604,2537,135,610,476,15,16,6293,301,830,14,603,25,26,570,21,22,831,833,7966,62,834,12,13,19,20,835,602,52,32,23,24,17,18,29,30,31,63,64,65],"class_list":{"0":"post-130584","1":"post","2":"type-post","3":"status-publish","4":"format-standard","5":"has-post-thumbnail","7":"category-mundo","8":"tag-alemanha","9":"tag-alerta","10":"tag-analise","11":"tag-ao-minuto","12":"tag-breaking-news","13":"tag-breakingnews","14":"tag-cnn","15":"tag-cnn-portugal","16":"tag-comentadores","17":"tag-costa","18":"tag-crime","19":"tag-defesa","20":"tag-desporto","21":"tag-direto","22":"tag-economia","23":"tag-featured-news","24":"tag-featurednews","25":"tag-forcas-armadas","26":"tag-governo","27":"tag-guerra","28":"tag-headlines","29":"tag-justica","30":"tag-latest-news","31":"tag-latestnews","32":"tag-live","33":"tag-main-news","34":"tag-mainnews","35":"tag-mais-vistas","36":"tag-marcelo","37":"tag-militar","38":"tag-mundo","39":"tag-negocios","40":"tag-news","41":"tag-noticias","42":"tag-noticias-principais","43":"tag-noticiasprincipais","44":"tag-opiniao","45":"tag-pais","46":"tag-politica","47":"tag-portugal","48":"tag-principais-noticias","49":"tag-principaisnoticias","50":"tag-top-stories","51":"tag-topstories","52":"tag-ultimas","53":"tag-ultimas-noticias","54":"tag-ultimasnoticias","55":"tag-world","56":"tag-world-news","57":"tag-worldnews"},"share_on_mastodon":{"url":"","error":"Validation failed: Text character limit of 500 exceeded"},"_links":{"self":[{"href":"https:\/\/www.europesays.com\/pt\/wp-json\/wp\/v2\/posts\/130584","targetHints":{"allow":["GET"]}}],"collection":[{"href":"https:\/\/www.europesays.com\/pt\/wp-json\/wp\/v2\/posts"}],"about":[{"href":"https:\/\/www.europesays.com\/pt\/wp-json\/wp\/v2\/types\/post"}],"author":[{"embeddable":true,"href":"https:\/\/www.europesays.com\/pt\/wp-json\/wp\/v2\/users\/2"}],"replies":[{"embeddable":true,"href":"https:\/\/www.europesays.com\/pt\/wp-json\/wp\/v2\/comments?post=130584"}],"version-history":[{"count":0,"href":"https:\/\/www.europesays.com\/pt\/wp-json\/wp\/v2\/posts\/130584\/revisions"}],"wp:featuredmedia":[{"embeddable":true,"href":"https:\/\/www.europesays.com\/pt\/wp-json\/wp\/v2\/media\/85241"}],"wp:attachment":[{"href":"https:\/\/www.europesays.com\/pt\/wp-json\/wp\/v2\/media?parent=130584"}],"wp:term":[{"taxonomy":"category","embeddable":true,"href":"https:\/\/www.europesays.com\/pt\/wp-json\/wp\/v2\/categories?post=130584"},{"taxonomy":"post_tag","embeddable":true,"href":"https:\/\/www.europesays.com\/pt\/wp-json\/wp\/v2\/tags?post=130584"}],"curies":[{"name":"wp","href":"https:\/\/api.w.org\/{rel}","templated":true}]}}