{"id":130590,"date":"2025-10-29T00:20:24","date_gmt":"2025-10-29T00:20:24","guid":{"rendered":"https:\/\/www.europesays.com\/pt\/130590\/"},"modified":"2025-10-29T00:20:24","modified_gmt":"2025-10-29T00:20:24","slug":"como-taylor-swift-e-wicked-viraram-imperios-de-conteudo","status":"publish","type":"post","link":"https:\/\/www.europesays.com\/pt\/130590\/","title":{"rendered":"como Taylor Swift e Wicked viraram imp\u00e9rios de conte\u00fado"},"content":{"rendered":"<p>Taylor Swift n\u00e3o apenas canta: ela gere um portf\u00f3lio. Transformou uma disputa contratual em um dos movimentos mais bem-sucedidos da ind\u00fastria da m\u00fasica. Ao regravar seus \u00e1lbuns antigos e batiz\u00e1-los de Taylor\u2019s Version, provou que o poder do IP \u2014 a propriedade intelectual \u2014 vai muito al\u00e9m do registro autoral.<\/p>\n<p>continua depois da publicidade<\/p>\n<p>Wicked tamb\u00e9m n\u00e3o \u00e9 s\u00f3 um musical: \u00e9 um ecossistema de fantasia, nostalgia e merchandising. Uma fandom poderosa que vai ao teatro com o rosto pintado de verde e levanta da cadeira para cantar, duas d\u00e9cadas depois de a pe\u00e7a ter estreado na Broadway.\u00a0\u00a0<\/p>\n<p>+\u00a0<a href=\"https:\/\/natelinha.uol.com.br\/colunas\/quarta-parede\/2025\/10\/24\/serie-do-globoplay-resgata-polemicas-de-collor-e-fala-de-politica-com-cara-de-novela-232977.php\" rel=\"nofollow noopener\" target=\"_blank\">S\u00e9rie do Globoplay resgata pol\u00eamicas de Collor e fala de pol\u00edtica com cara de novela<\/a><\/p>\n<p>+\u00a0<a href=\"https:\/\/natelinha.uol.com.br\/mercado\/2025\/10\/17\/claro-tv-integra-prime-video-e-disney-em-unico-servico-um-dos-maiores-hubs-do-mundo-232758.php\" rel=\"nofollow noopener\" target=\"_blank\">Claro TV+ integra Prime Video e Disney+ em \u00fanico servi\u00e7o: &#8220;Um dos maiores hubs do mundo&#8221;<\/a><\/p>\n<p>E o Pica-Pau Amarelo?<\/p>\n<p>N\u00e3o \u00e9 apenas literatura infantil. \u00c9 o maior universo ficcional brasileiro \u2014 atravessa gera\u00e7\u00f5es e se reinventa em cada formato: livro, videoclipe, podcast, s\u00e9rie, anima\u00e7\u00e3o, licenciamento.\u00a0\u00a0<\/p>\n<p>continua depois da publicidade<\/p>\n<p><img decoding=\"async\" loading=\"lazy\" class=\"horizontal\" src=\"https:\/\/www.europesays.com\/pt\/wp-content\/uploads\/2025\/10\/pica-pau-amarelo-sbt_5141.jpeg\" alt=\"O poder das hist\u00f3rias: como Taylor Swift e Wicked viraram imp\u00e9rios de conte\u00fado\"\/><\/p>\n<p>Essas hist\u00f3rias t\u00eam algo em comum: elas n\u00e3o envelhecem \u2014 apenas trocam de roupa.\u00a0Al\u00e9m de refor\u00e7arem a narrativa, o controle criativo e a conex\u00e3o com a audi\u00eancia, <a href=\"https:\/\/natelinha.uol.com.br\/famosos\/tudo-sobre\/taylor-swift\" rel=\"nofollow noopener\" target=\"_blank\">Taylor Swift<\/a>\u00a0, Wicked e Pica-Pau simbolizam uma mudan\u00e7a estrutural na ind\u00fastria do entretenimento: a transforma\u00e7\u00e3o do conte\u00fado em ativo.<\/p>\n<p>\u00a0O IP virou a moeda mais valiosa da cultura \u2014 porque cria lealdade, produz receita recorrente e atravessa gera\u00e7\u00f5es.<\/p>\n<p>O valor invis\u00edvel das hist\u00f3rias<\/p>\n<p>Na era do streaming e da satura\u00e7\u00e3o de telas, quem domina o IP domina a conversa.\u00a0Empresas que compreendem isso tratam conte\u00fado como investimento, n\u00e3o despesa. Constroem estrat\u00e9gias de longo prazo em torno de seus personagens, m\u00fasicas e produtos \u2014 assim como a <a href=\"https:\/\/natelinha.uol.com.br\/televisao\/emissoras\/disney\" rel=\"nofollow noopener\" target=\"_blank\">Disney <\/a>fez com cada nova princesa do seu cat\u00e1logo.<\/p>\n<p>continua depois da publicidade<\/p>\n<p>Porque no fim, a boa hist\u00f3ria n\u00e3o morre \u2014 ela renasce.\u00a0IP \u00e9 isso: a alma que sobrevive ao formato.\u00a0Em um mundo de dados, algoritmos e lan\u00e7amentos di\u00e1rios, o IP \u00e9 o elo que ainda liga arte e neg\u00f3cio.\u00a0E talvez o Brasil, dono de um imagin\u00e1rio riqu\u00edssimo, s\u00f3 precise olhar para o pr\u00f3prio passado para descobrir seu pr\u00f3ximo tesouro cultural.<\/p>\n<p>Carol Gazal &#8211; Jornalista e executiva de m\u00eddia. Foi uma das respons\u00e1veis pela transforma\u00e7\u00e3o digital do SBT, e escreve sobre como tecnologia, cultura e inova\u00e7\u00e3o est\u00e3o transformando o jeito de contar boas hist\u00f3rias.<\/p>\n<p>continua depois da publicidade<\/p>\n","protected":false},"excerpt":{"rendered":"Taylor Swift n\u00e3o apenas canta: ela gere um portf\u00f3lio. Transformou uma disputa contratual em um dos movimentos mais&hellip;\n","protected":false},"author":2,"featured_media":130591,"comment_status":"","ping_status":"","sticky":false,"template":"","format":"standard","meta":{"footnotes":""},"categories":[141],"tags":[114,115,149,150,32,33,1973],"class_list":{"0":"post-130590","1":"post","2":"type-post","3":"status-publish","4":"format-standard","5":"has-post-thumbnail","7":"category-musica","8":"tag-entertainment","9":"tag-entretenimento","10":"tag-music","11":"tag-musica","12":"tag-portugal","13":"tag-pt","14":"tag-taylor-swift"},"share_on_mastodon":{"url":"https:\/\/pubeurope.com\/@pt\/115454595992917128","error":""},"_links":{"self":[{"href":"https:\/\/www.europesays.com\/pt\/wp-json\/wp\/v2\/posts\/130590","targetHints":{"allow":["GET"]}}],"collection":[{"href":"https:\/\/www.europesays.com\/pt\/wp-json\/wp\/v2\/posts"}],"about":[{"href":"https:\/\/www.europesays.com\/pt\/wp-json\/wp\/v2\/types\/post"}],"author":[{"embeddable":true,"href":"https:\/\/www.europesays.com\/pt\/wp-json\/wp\/v2\/users\/2"}],"replies":[{"embeddable":true,"href":"https:\/\/www.europesays.com\/pt\/wp-json\/wp\/v2\/comments?post=130590"}],"version-history":[{"count":0,"href":"https:\/\/www.europesays.com\/pt\/wp-json\/wp\/v2\/posts\/130590\/revisions"}],"wp:featuredmedia":[{"embeddable":true,"href":"https:\/\/www.europesays.com\/pt\/wp-json\/wp\/v2\/media\/130591"}],"wp:attachment":[{"href":"https:\/\/www.europesays.com\/pt\/wp-json\/wp\/v2\/media?parent=130590"}],"wp:term":[{"taxonomy":"category","embeddable":true,"href":"https:\/\/www.europesays.com\/pt\/wp-json\/wp\/v2\/categories?post=130590"},{"taxonomy":"post_tag","embeddable":true,"href":"https:\/\/www.europesays.com\/pt\/wp-json\/wp\/v2\/tags?post=130590"}],"curies":[{"name":"wp","href":"https:\/\/api.w.org\/{rel}","templated":true}]}}