{"id":130608,"date":"2025-10-29T00:33:10","date_gmt":"2025-10-29T00:33:10","guid":{"rendered":"https:\/\/www.europesays.com\/pt\/130608\/"},"modified":"2025-10-29T00:33:10","modified_gmt":"2025-10-29T00:33:10","slug":"segredos-em-risco-pedro-jorge-e-marisa-nao-resistem-e-trocam-beijo-apaixonado-tvi-player","status":"publish","type":"post","link":"https:\/\/www.europesays.com\/pt\/130608\/","title":{"rendered":"Segredos em risco? Pedro Jorge e Marisa n\u00e3o resistem\u2026 e trocam beijo apaixonado &#8211; TVI Player"},"content":{"rendered":"<ol>\n<li><a href=\"https:\/\/news.google.com\/rss\/articles\/CBMipAFBVV95cUxQOG54MEpUM21KX2hJT19MN1dxQ3RGUnJXOEhWbUFGUE1nTjJUck4zUDJUSVgzZFdFcjViLTdXczlvMlhQTkR6QzVSQS03clRsbE1hOXZlajBSVTVyZlJvcHExbGd3cFR6ZTFHRXB2SmNJblhPRGs1TEllZnllYXFHSEtxVVRfU1dqUlJjcF8yN19DQ2syZEhzbDJKaGxCeGlsbDFlRw?oc=5\" target=\"_blank\" rel=\"nofollow noopener\">Segredos em risco? Pedro Jorge e Marisa n\u00e3o resistem\u2026 e trocam beijo apaixonado<\/a>&nbsp;&nbsp;TVI Player<\/li>\n<li><a href=\"https:\/\/news.google.com\/rss\/articles\/CBMirwFBVV95cUxORFRVWWZFbGc4VEZNWjNQQVlJeUMyZlBrN3VrNXpldkswY2tnSmlyT1IxckJEMGJlWWo1Y1RWa3hqck1mNEMwZVhEWHY2QUFGaG5EalpmLUFWamFXTXBKS2R3UGJmTkV3Vm4zai1xd2V3cXpMWmVtbVFGRlhoMmx2XzU5cS0weWV6VmNLS2JpaFZDV3ExOTg1RnFNZnJxalg5ZUZueFR6aUFzZmREZFIw?oc=5\" target=\"_blank\" rel=\"nofollow noopener\">Pedro Jorge e Marisa trocam provoca\u00e7\u00f5es &#8220;picantes&#8221;: &#8220;Se agora fossemos para o quarto secreto&#8230;&#8221;<\/a>&nbsp;&nbsp;Hiper Fm<\/li>\n<li><a href=\"https:\/\/news.google.com\/rss\/articles\/CBMi3gFBVV95cUxQS0FKcGtsM01QbE15WFhXSklmZEQxcEJFWlp0LVNmY3htWU1zbHdjVWtEWTQta1lTdjQtZGxkREJSb3N4cFVIbG82Zm54RVZGczJHTmI3QWQxX19Udll6SFpsVmV2MjVyX0FreG5NSzhENGVIdEZndFdkbGNDNFJwUEpRNmRkcFgtSzZRVWtjWW5vQjFQaVRDUUdsNDE4b295U1dZZWFZd1ZaeG9mb0dtSlRxMHNTT05ncXlLUzJXbTlhOWY2eGtvTWoxX3ZGeUo1Tzc1X3FldjVoOW5zMmc?oc=5\" target=\"_blank\" rel=\"nofollow noopener\">\u00abMal-amada\u00bb e \u00abanimal morto\u00bb: Tudo o que foi dito na acesa discuss\u00e3o de Bruna e Mariana<\/a>&nbsp;&nbsp;TVI<\/li>\n<li><a href=\"https:\/\/news.google.com\/rss\/articles\/CBMi6AFBVV95cUxNWUg5SEZBZ0RaVkFvM3dTMDhrRkxaMFd3b29zdWRTVjV6ZnM3aW83dWVCd1RuRS05eFIzVDFCWDFwRGdydU92LUpVeGlDUkw0dklwNHBQTGxFM1JSS0MtOWhMdHNMNjdoQklVMmJneERyUUgyT01VcEFlSmtLVTI0WC1TMk9GUDdIQjljb1Z3TUV2S3ZYNlJLZ2cyQUR1MkNPWVVuSEZkaDFBdlB5ZnNUSU9vYVppZEszWmxZYmhaSzBfV09IT3R5Wl9xd19Cci04a3ZSYmM2UWt3TXBDOHJvZWpjLWlWZE9L?oc=5\" target=\"_blank\" rel=\"nofollow noopener\">Casa dos Segredos- Cena de ci\u00fames de Pedro a Marisa deixa Leandro confuso! \u201cN\u00e3o te deve justifica\u00e7\u00e3o nenhuma\u201d<\/a>&nbsp;&nbsp;SAPO<\/li>\n<li><a href=\"https:\/\/news.google.com\/rss\/articles\/CBMivAFBVV95cUxNR2pXMVFCTGFmWGRzRzlNQXlCRU9uY1R2VGhtQWxlcjhSU3ZOTlFMazZFS0NoQ2ptLV9xVEFPdmFNY2x3eDEyd0k1QUlNejRJM1ItRk1BWWh6M0JKMzdqa2tyVmtlR1BzUUNrSGZkcU1lZ0tEUXVOWDJ1M0xJSGR5VTMxMkFFZG9BbHI5dnJsZUtmVlNnbENiNy1YM2doLXhyZFhoTnd6d3NFT2ZVdTJqMm12V3NYOHhBU040aA?oc=5\" target=\"_blank\" rel=\"nofollow noopener\">Pedro Jorge irrita-se ap\u00f3s Marisa almo\u00e7ar com Dylan: &#8220;Refresca a cabecinha. Sonsa, hip\u00f3crita&#8221;<\/a>&nbsp;&nbsp;A Televis\u00e3o<\/li>\n<\/ol>\n","protected":false},"excerpt":{"rendered":"Segredos em risco? Pedro Jorge e Marisa n\u00e3o resistem\u2026 e trocam beijo apaixonado&nbsp;&nbsp;TVI Player Pedro Jorge e Marisa&hellip;\n","protected":false},"author":2,"featured_media":130609,"comment_status":"","ping_status":"","sticky":false,"template":"","format":"standard","meta":{"footnotes":""},"categories":[142],"tags":[114,115,19184,14646,32,33,151],"class_list":{"0":"post-130608","1":"post","2":"type-post","3":"status-publish","4":"format-standard","5":"has-post-thumbnail","7":"category-tv","8":"tag-entertainment","9":"tag-entretenimento","10":"tag-marisa","11":"tag-pedro","12":"tag-portugal","13":"tag-pt","14":"tag-tv"},"share_on_mastodon":{"url":"https:\/\/pubeurope.com\/@pt\/115454647015415315","error":""},"_links":{"self":[{"href":"https:\/\/www.europesays.com\/pt\/wp-json\/wp\/v2\/posts\/130608","targetHints":{"allow":["GET"]}}],"collection":[{"href":"https:\/\/www.europesays.com\/pt\/wp-json\/wp\/v2\/posts"}],"about":[{"href":"https:\/\/www.europesays.com\/pt\/wp-json\/wp\/v2\/types\/post"}],"author":[{"embeddable":true,"href":"https:\/\/www.europesays.com\/pt\/wp-json\/wp\/v2\/users\/2"}],"replies":[{"embeddable":true,"href":"https:\/\/www.europesays.com\/pt\/wp-json\/wp\/v2\/comments?post=130608"}],"version-history":[{"count":0,"href":"https:\/\/www.europesays.com\/pt\/wp-json\/wp\/v2\/posts\/130608\/revisions"}],"wp:featuredmedia":[{"embeddable":true,"href":"https:\/\/www.europesays.com\/pt\/wp-json\/wp\/v2\/media\/130609"}],"wp:attachment":[{"href":"https:\/\/www.europesays.com\/pt\/wp-json\/wp\/v2\/media?parent=130608"}],"wp:term":[{"taxonomy":"category","embeddable":true,"href":"https:\/\/www.europesays.com\/pt\/wp-json\/wp\/v2\/categories?post=130608"},{"taxonomy":"post_tag","embeddable":true,"href":"https:\/\/www.europesays.com\/pt\/wp-json\/wp\/v2\/tags?post=130608"}],"curies":[{"name":"wp","href":"https:\/\/api.w.org\/{rel}","templated":true}]}}