{"id":130610,"date":"2025-10-29T00:34:17","date_gmt":"2025-10-29T00:34:17","guid":{"rendered":"https:\/\/www.europesays.com\/pt\/130610\/"},"modified":"2025-10-29T00:34:17","modified_gmt":"2025-10-29T00:34:17","slug":"voce-no-show-do-planet-hemp-radio-mix-fm","status":"publish","type":"post","link":"https:\/\/www.europesays.com\/pt\/130610\/","title":{"rendered":"Voc\u00ea no show do Planet Hemp \u2013 R\u00e1dio Mix FM"},"content":{"rendered":"<p><img decoding=\"async\" loading=\"lazy\" width=\"1200\" height=\"450\" src=\"https:\/\/www.europesays.com\/pt\/wp-content\/uploads\/2025\/10\/promocao-planet-hemp-a-ultima-ponta.png\" alt=\"\" class=\"wp-image-575907\"\/>Foto: Divulga\u00e7\u00e3o<\/p>\n<p>S\u00f3 a R\u00c1DIO MIX leva voc\u00ea para os maiores shows do pa\u00eds!<\/p>\n<p>E chegou a hora de curtir o som do Planet Hemp, na turn\u00ea \u201cA \u00daltima Ponta\u201d, dia 15 de novembro, no Allianz Parque!<\/p>\n<p>Voc\u00ea e um acompanhante v\u00e3o viver essa experi\u00eancia hist\u00f3rica, com os grandes sucessos que marcaram a carreira do Planet!<\/p>\n<p>Para participar, \u00e9 s\u00f3 preencher o formul\u00e1rio abaixo.<\/p>\n<p>O resultado sai no dia 11 de novembro, \u00e0s 17h.<\/p>\n<p>Boa sorte!<\/p>\n","protected":false},"excerpt":{"rendered":"Foto: Divulga\u00e7\u00e3o S\u00f3 a R\u00c1DIO MIX leva voc\u00ea para os maiores shows do pa\u00eds! E chegou a hora&hellip;\n","protected":false},"author":2,"featured_media":130611,"comment_status":"","ping_status":"","sticky":false,"template":"","format":"standard","meta":{"footnotes":""},"categories":[141],"tags":[29582,26295,114,115,19606,149,150,10475,29583,32,33,29584],"class_list":{"0":"post-130610","1":"post","2":"type-post","3":"status-publish","4":"format-standard","5":"has-post-thumbnail","7":"category-musica","8":"tag-a-u00daltima-ponta","9":"tag-allianz-parque","10":"tag-entertainment","11":"tag-entretenimento","12":"tag-ingressos","13":"tag-music","14":"tag-musica","15":"tag-planet","16":"tag-planethemp","17":"tag-portugal","18":"tag-pt","19":"tag-turnu00ea-a-u00faltima-ponta"},"share_on_mastodon":{"url":"https:\/\/pubeurope.com\/@pt\/115454651120921598","error":""},"_links":{"self":[{"href":"https:\/\/www.europesays.com\/pt\/wp-json\/wp\/v2\/posts\/130610","targetHints":{"allow":["GET"]}}],"collection":[{"href":"https:\/\/www.europesays.com\/pt\/wp-json\/wp\/v2\/posts"}],"about":[{"href":"https:\/\/www.europesays.com\/pt\/wp-json\/wp\/v2\/types\/post"}],"author":[{"embeddable":true,"href":"https:\/\/www.europesays.com\/pt\/wp-json\/wp\/v2\/users\/2"}],"replies":[{"embeddable":true,"href":"https:\/\/www.europesays.com\/pt\/wp-json\/wp\/v2\/comments?post=130610"}],"version-history":[{"count":0,"href":"https:\/\/www.europesays.com\/pt\/wp-json\/wp\/v2\/posts\/130610\/revisions"}],"wp:featuredmedia":[{"embeddable":true,"href":"https:\/\/www.europesays.com\/pt\/wp-json\/wp\/v2\/media\/130611"}],"wp:attachment":[{"href":"https:\/\/www.europesays.com\/pt\/wp-json\/wp\/v2\/media?parent=130610"}],"wp:term":[{"taxonomy":"category","embeddable":true,"href":"https:\/\/www.europesays.com\/pt\/wp-json\/wp\/v2\/categories?post=130610"},{"taxonomy":"post_tag","embeddable":true,"href":"https:\/\/www.europesays.com\/pt\/wp-json\/wp\/v2\/tags?post=130610"}],"curies":[{"name":"wp","href":"https:\/\/api.w.org\/{rel}","templated":true}]}}