{"id":130614,"date":"2025-10-29T00:36:15","date_gmt":"2025-10-29T00:36:15","guid":{"rendered":"https:\/\/www.europesays.com\/pt\/130614\/"},"modified":"2025-10-29T00:36:15","modified_gmt":"2025-10-29T00:36:15","slug":"benfica-avanca-e-confia-na-renovacao-de-antonio-silva-ate-2030","status":"publish","type":"post","link":"https:\/\/www.europesays.com\/pt\/130614\/","title":{"rendered":"Benfica avan\u00e7a e confia na renova\u00e7\u00e3o de Ant\u00f3nio Silva at\u00e9 2030"},"content":{"rendered":"<p>Os respons\u00e1veis do Benfica est\u00e3o confiantes na renova\u00e7\u00e3o de contrato de Ant\u00f3nio Silva at\u00e9 2030, apurou o <strong>Maisfutebol<\/strong>. O processo avan\u00e7ou nos \u00faltimos dias e h\u00e1 otimismo da parte da dire\u00e7\u00e3o liderada por Rui Costa.<\/p>\n<p>Atualmente, Ant\u00f3nio Silva tem um v\u00ednculo com os encarnados at\u00e9 2027. Entraria no pr\u00f3ximo ver\u00e3o no \u00faltimo ano de contrato. Assim sendo, o Benfica consegue estender a liga\u00e7\u00e3o por mais tr\u00eas anos e dar ao atleta um aumento salarial.<\/p>\n<p>Ant\u00f3nio Silva tem cl\u00e1usula de rescis\u00e3o fixada nos 100 milh\u00f5es de euros, sendo que o jogador assinou este contrato j\u00e1 em setembro de 2022, quando o defesa-central surgiu na equipa principal ainda com Roger Schmidt como treinador.<\/p>\n<p>Aos 21 anos, o internacional portugu\u00eas j\u00e1 soma 156 jogos pela equipa principal, com nove golos marcados. Venceu quatro t\u00edtulos dom\u00e9sticos (um campeonato) e uma Liga das Na\u00e7\u00f5es ao servi\u00e7o de Portugal.<\/p>\n","protected":false},"excerpt":{"rendered":"Os respons\u00e1veis do Benfica est\u00e3o confiantes na renova\u00e7\u00e3o de contrato de Ant\u00f3nio Silva at\u00e9 2030, apurou o Maisfutebol.&hellip;\n","protected":false},"author":2,"featured_media":130615,"comment_status":"","ping_status":"","sticky":false,"template":"","format":"standard","meta":{"footnotes":""},"categories":[87],"tags":[4574,51,135,46,42,32,33,47,3782,134,35],"class_list":{"0":"post-130614","1":"post","2":"type-post","3":"status-publish","4":"format-standard","5":"has-post-thumbnail","7":"category-desporto","8":"tag-antonio-silva","9":"tag-benfica","10":"tag-desporto","11":"tag-maisfutebol","12":"tag-mercado","13":"tag-portugal","14":"tag-pt","15":"tag-pura-paixao","16":"tag-renovacao","17":"tag-sports","18":"tag-transferencias"},"share_on_mastodon":{"url":"https:\/\/pubeurope.com\/@pt\/115454658776414132","error":""},"_links":{"self":[{"href":"https:\/\/www.europesays.com\/pt\/wp-json\/wp\/v2\/posts\/130614","targetHints":{"allow":["GET"]}}],"collection":[{"href":"https:\/\/www.europesays.com\/pt\/wp-json\/wp\/v2\/posts"}],"about":[{"href":"https:\/\/www.europesays.com\/pt\/wp-json\/wp\/v2\/types\/post"}],"author":[{"embeddable":true,"href":"https:\/\/www.europesays.com\/pt\/wp-json\/wp\/v2\/users\/2"}],"replies":[{"embeddable":true,"href":"https:\/\/www.europesays.com\/pt\/wp-json\/wp\/v2\/comments?post=130614"}],"version-history":[{"count":0,"href":"https:\/\/www.europesays.com\/pt\/wp-json\/wp\/v2\/posts\/130614\/revisions"}],"wp:featuredmedia":[{"embeddable":true,"href":"https:\/\/www.europesays.com\/pt\/wp-json\/wp\/v2\/media\/130615"}],"wp:attachment":[{"href":"https:\/\/www.europesays.com\/pt\/wp-json\/wp\/v2\/media?parent=130614"}],"wp:term":[{"taxonomy":"category","embeddable":true,"href":"https:\/\/www.europesays.com\/pt\/wp-json\/wp\/v2\/categories?post=130614"},{"taxonomy":"post_tag","embeddable":true,"href":"https:\/\/www.europesays.com\/pt\/wp-json\/wp\/v2\/tags?post=130614"}],"curies":[{"name":"wp","href":"https:\/\/api.w.org\/{rel}","templated":true}]}}