{"id":130627,"date":"2025-10-29T00:47:09","date_gmt":"2025-10-29T00:47:09","guid":{"rendered":"https:\/\/www.europesays.com\/pt\/130627\/"},"modified":"2025-10-29T00:47:09","modified_gmt":"2025-10-29T00:47:09","slug":"fabio-continua-em-lagrimas-e-critica-liliana-estas-te-a-deixar-afetar-por-causa-de-outras-pessoas","status":"publish","type":"post","link":"https:\/\/www.europesays.com\/pt\/130627\/","title":{"rendered":"F\u00e1bio continua em l\u00e1grimas e critica Liliana: \u00abEst\u00e1s-te a deixar afetar por causa de outras pessoas\u00bb"},"content":{"rendered":"<p style=\"margin-bottom:11px\">No Secret Story 9, os concorrentes receberam uma miss\u00e3o ousada: deixar F\u00e1bio completamente desconfort\u00e1vel. Liliana acabou envolvida, mas F\u00e1bio, sem saber o que se passava, reagiu de forma inesperada, ficando em l\u00e1grimas e visivelmente abalado. Junto de Liliana, procurou ainda adverti-la sobre o seu comportamento influenciado por outros concorrentes. Veja tudo.<\/p>\n","protected":false},"excerpt":{"rendered":"No Secret Story 9, os concorrentes receberam uma miss\u00e3o ousada: deixar F\u00e1bio completamente desconfort\u00e1vel. Liliana acabou envolvida, mas&hellip;\n","protected":false},"author":2,"featured_media":130628,"comment_status":"","ping_status":"","sticky":false,"template":"","format":"standard","meta":{"footnotes":""},"categories":[142],"tags":[114,115,19082,19016,32,33,151],"class_list":{"0":"post-130627","1":"post","2":"type-post","3":"status-publish","4":"format-standard","5":"has-post-thumbnail","7":"category-tv","8":"tag-entertainment","9":"tag-entretenimento","10":"tag-fabio","11":"tag-liliana","12":"tag-portugal","13":"tag-pt","14":"tag-tv"},"share_on_mastodon":{"url":"https:\/\/pubeurope.com\/@pt\/115454701961693146","error":""},"_links":{"self":[{"href":"https:\/\/www.europesays.com\/pt\/wp-json\/wp\/v2\/posts\/130627","targetHints":{"allow":["GET"]}}],"collection":[{"href":"https:\/\/www.europesays.com\/pt\/wp-json\/wp\/v2\/posts"}],"about":[{"href":"https:\/\/www.europesays.com\/pt\/wp-json\/wp\/v2\/types\/post"}],"author":[{"embeddable":true,"href":"https:\/\/www.europesays.com\/pt\/wp-json\/wp\/v2\/users\/2"}],"replies":[{"embeddable":true,"href":"https:\/\/www.europesays.com\/pt\/wp-json\/wp\/v2\/comments?post=130627"}],"version-history":[{"count":0,"href":"https:\/\/www.europesays.com\/pt\/wp-json\/wp\/v2\/posts\/130627\/revisions"}],"wp:featuredmedia":[{"embeddable":true,"href":"https:\/\/www.europesays.com\/pt\/wp-json\/wp\/v2\/media\/130628"}],"wp:attachment":[{"href":"https:\/\/www.europesays.com\/pt\/wp-json\/wp\/v2\/media?parent=130627"}],"wp:term":[{"taxonomy":"category","embeddable":true,"href":"https:\/\/www.europesays.com\/pt\/wp-json\/wp\/v2\/categories?post=130627"},{"taxonomy":"post_tag","embeddable":true,"href":"https:\/\/www.europesays.com\/pt\/wp-json\/wp\/v2\/tags?post=130627"}],"curies":[{"name":"wp","href":"https:\/\/api.w.org\/{rel}","templated":true}]}}