{"id":130661,"date":"2025-10-29T01:24:08","date_gmt":"2025-10-29T01:24:08","guid":{"rendered":"https:\/\/www.europesays.com\/pt\/130661\/"},"modified":"2025-10-29T01:24:08","modified_gmt":"2025-10-29T01:24:08","slug":"cavalo-de-troia-astrofisico-levanta-questoes-sobre-o-3i-atlas","status":"publish","type":"post","link":"https:\/\/www.europesays.com\/pt\/130661\/","title":{"rendered":"Cavalo de Troia? Astrof\u00edsico\u00a0levanta quest\u00f5es sobre o 3I\/Atlas"},"content":{"rendered":"<p class=\"postParagraph_post-paragraph-innerHtml__Q5vwc\">O astrof\u00edsico Avi Loeb, professor de Harvard e chefe do Galileo Project, levantou d\u00favidas em artigo publicado em seu <a href=\"https:\/\/avi-loeb.medium.com\/the-acid-test-of-3i-atlas-at-perihelion-ce131eca8485\" target=\"_blank\" rel=\"noreferrer noopener nofollow\">blog<\/a> na plataforma Medium, nesta ter\u00e7a-feira (28), sobre a origem do 3I\/Atlas, cometa interestelar que se aproximar\u00e1 do ponto mais pr\u00f3ximo do Sol nesta semana, ficando a 203 milh\u00f5es de quil\u00f4metros do astro rei.<\/p>\n<p class=\"postParagraph_post-paragraph__juWZN\">Segundo o astrof\u00edsico, esse ser\u00e1 o momento decisivo para determinar se origem do cometa \u00e9 natural ou tecnol\u00f3gica.<\/p>\n<p class=\"postParagraph_post-paragraph__juWZN\">\u201cA quest\u00e3o fundamental \u00e9 se o 3I\/Atlas \u00e9 um Cavalo de Troia com apar\u00eancia externa de um cometa natural, mas que carrega uma potencial amea\u00e7a em seu interior\u201d, escreveu Loeb.<\/p>\n<p class=\"postParagraph_post-paragraph__juWZN\">O pesquisador comparou a hip\u00f3tese \u00e0 lenda grega. \u201cA cidade de Troia teria se sa\u00eddo melhor se seus guardi\u00f5es n\u00e3o tivessem sido enganados pela apar\u00eancia externa do Cavalo de Troia\u201d, observou. Para ele, a passagem do 3I\/Atlas pelo chamado \u201cperi\u00e9lio\u201d &#8211; ponto mais pr\u00f3ximo do Sol &#8211; ser\u00e1 um verdadeiro teste sobre sua origem.<\/p>\n<p class=\"postParagraph_post-paragraph__juWZN\">\u201cSe for um cometa natural, seu aquecimento de 770 watts por metro quadrado pode quebr\u00e1-lo em fragmentos que evaporam mais rapidamente. Por\u00e9m, se o 3I\/Atlas foi tecnologicamente fabricado &#8211; como sugerido pela sua alta abund\u00e2ncia de n\u00edquel em rela\u00e7\u00e3o ao ferro -, ele pode manobrar ou liberar minissondas. Outras assinaturas tecnol\u00f3gicas incluem luzes artificiais ou calor excessivo de um motor.\u201d<\/p>\n<p class=\"postParagraph_post-paragraph__juWZN\">Loeb relatou que o cometa interestelar seguir\u00e1 uma trajet\u00f3ria de grande interesse para a comunidade cient\u00edfica.<\/p>\n<p class=\"postParagraph_post-paragraph__juWZN\">\u201cEm 3 de novembro de 2025, o 3I\/Atlas chegar\u00e1 a uma dist\u00e2ncia de 97 milh\u00f5es de quil\u00f4metros de V\u00eanus. Na mesma semana, ser\u00e1 observ\u00e1vel pela miss\u00e3o JUICE da ESA [Ag\u00eancia Espacial Europeia], em dire\u00e7\u00e3o a J\u00fapiter. Em 19 de dezembro de 2025, seis dias antes do Natal, o 3I\/Atlas chegar\u00e1 \u00e0 sua dist\u00e2ncia mais pr\u00f3xima da Terra, de 267 milh\u00f5es de quil\u00f4metros, assumindo uma trajet\u00f3ria puramente gravitacional. Enviar\u00e1 o 3I\/Atlas minissondas em dire\u00e7\u00e3o \u00e0 Terra como presentes de Natal para a humanidade?\u201d<\/p>\n<p class=\"postParagraph_post-paragraph__juWZN\">O astr\u00f4nomo tamb\u00e9m mencionou que sua equipe acompanha poss\u00edveis anomalias associadas ao cometa.<\/p>\n<p class=\"postParagraph_post-paragraph__juWZN\">\u201cPedi \u00e0 minha equipe no Galileo Project que verifique se h\u00e1 alguma atividade incomum de objetos an\u00f4malos na atmosfera terrestre com base nos dados coletados pelos tr\u00eas Observat\u00f3rios Galileo nos pr\u00f3ximos meses.\u201d Ele acrescentou que a aproxima\u00e7\u00e3o do corpo com J\u00fapiter, que deve ocorrer no dia 16 de mar\u00e7o de 2026, pode oferecer novas oportunidades de observa\u00e7\u00e3o.<\/p>\n<p class=\"postParagraph_post-paragraph__juWZN\">\u201cEm 16 de mar\u00e7o de 2026, o 3I\/Atlas chegar\u00e1 \u00e0 sua dist\u00e2ncia mais pr\u00f3xima de 54 milh\u00f5es de quil\u00f4metros de J\u00fapiter, onde a espa\u00e7onave Juno poder\u00e1 capt\u00e1-lo e usar uma antena de r\u00e1dio para verificar qualquer transmiss\u00e3o como assinatura tecnol\u00f3gica.\u201d<\/p>\n<p class=\"postParagraph_post-paragraph__juWZN\">Em tom de cautela, Loeb defendeu uma postura aberta, por\u00e9m prudente, diante da passagem do cometa.<\/p>\n<p class=\"postParagraph_post-paragraph__juWZN\">\u201cPrecisamos observar nossos parceiros c\u00f3smicos em vez de sermos guiados pela imagina\u00e7\u00e3o limitada de nossos colegas roteiristas de Hollywood\u201d, escreveu.<\/p>\n<p class=\"postParagraph_post-paragraph__juWZN\">\u201cEspero que sejamos s\u00e1bios o suficiente para aprender algo novo e n\u00e3o ficarmos presos em c\u00e2maras de eco tradicionais\u201d, finalizou.<\/p>\n","protected":false},"excerpt":{"rendered":"O astrof\u00edsico Avi Loeb, professor de Harvard e chefe do Galileo Project, levantou d\u00favidas em artigo publicado em&hellip;\n","protected":false},"author":2,"featured_media":130662,"comment_status":"","ping_status":"","sticky":false,"template":"","format":"standard","meta":{"footnotes":""},"categories":[84],"tags":[109,107,108,1149,32,33,105,103,104,106,110],"class_list":{"0":"post-130661","1":"post","2":"type-post","3":"status-publish","4":"format-standard","5":"has-post-thumbnail","7":"category-ciencia-e-tecnologia","8":"tag-ciencia","9":"tag-ciencia-e-tecnologia","10":"tag-cienciaetecnologia","11":"tag-nasa","12":"tag-portugal","13":"tag-pt","14":"tag-science","15":"tag-science-and-technology","16":"tag-scienceandtechnology","17":"tag-technology","18":"tag-tecnologia"},"share_on_mastodon":{"url":"https:\/\/pubeurope.com\/@pt\/115454847464705867","error":""},"_links":{"self":[{"href":"https:\/\/www.europesays.com\/pt\/wp-json\/wp\/v2\/posts\/130661","targetHints":{"allow":["GET"]}}],"collection":[{"href":"https:\/\/www.europesays.com\/pt\/wp-json\/wp\/v2\/posts"}],"about":[{"href":"https:\/\/www.europesays.com\/pt\/wp-json\/wp\/v2\/types\/post"}],"author":[{"embeddable":true,"href":"https:\/\/www.europesays.com\/pt\/wp-json\/wp\/v2\/users\/2"}],"replies":[{"embeddable":true,"href":"https:\/\/www.europesays.com\/pt\/wp-json\/wp\/v2\/comments?post=130661"}],"version-history":[{"count":0,"href":"https:\/\/www.europesays.com\/pt\/wp-json\/wp\/v2\/posts\/130661\/revisions"}],"wp:featuredmedia":[{"embeddable":true,"href":"https:\/\/www.europesays.com\/pt\/wp-json\/wp\/v2\/media\/130662"}],"wp:attachment":[{"href":"https:\/\/www.europesays.com\/pt\/wp-json\/wp\/v2\/media?parent=130661"}],"wp:term":[{"taxonomy":"category","embeddable":true,"href":"https:\/\/www.europesays.com\/pt\/wp-json\/wp\/v2\/categories?post=130661"},{"taxonomy":"post_tag","embeddable":true,"href":"https:\/\/www.europesays.com\/pt\/wp-json\/wp\/v2\/tags?post=130661"}],"curies":[{"name":"wp","href":"https:\/\/api.w.org\/{rel}","templated":true}]}}