{"id":130681,"date":"2025-10-29T01:40:25","date_gmt":"2025-10-29T01:40:25","guid":{"rendered":"https:\/\/www.europesays.com\/pt\/130681\/"},"modified":"2025-10-29T01:40:25","modified_gmt":"2025-10-29T01:40:25","slug":"putin-anuncia-que-o-burevestnik-e-invencivel-pode-ser-lancado-a-partir-do-artico-e-atacar-qualquer-capital-europeia-ou-americana-a-discricao","status":"publish","type":"post","link":"https:\/\/www.europesays.com\/pt\/130681\/","title":{"rendered":"Putin anuncia que o Burevestnik \u00e9 &#8220;invenc\u00edvel&#8221;: pode ser lan\u00e7ado &#8220;a partir do \u00c1rtico e atacar qualquer capital europeia ou americana \u00e0 discri\u00e7\u00e3o&#8221;"},"content":{"rendered":"<p>\t                Novo m\u00edssil russo\u00a0\u00e9 movido por um reator nuclear que\u00a0permite que voe\u00a0mais de 15 horas\u00a0e de forma praticamente\u00a0indetect\u00e1vel\u00a0\u00a0<\/p>\n<p lang=\"EN-US\" paraeid=\"{49a8e01d-7fa2-49ef-985b-b99b451a939c}{247}\" paraid=\"252982507\" xml:lang=\"EN-US\">A R\u00fassia anunciou que foi bem-sucedido o teste do m\u00edssil de cruzeiro\u00a0Burevestnik, uma nova gera\u00e7\u00e3o de armamento com propuls\u00e3o nuclear e alcance praticamente ilimitado. O m\u00edssil, apresentado por Vladimir Putin como uma \u201carma \u00fanica que nenhum outro pa\u00eds do mundo possui\u201d, percorreu 14 mil quil\u00f3metros em 15 horas de voo no seu teste, segundo o chefe do Estado-Maior russo, general\u00a0Valery\u00a0Gerasimov, que destacou que \u201cesse n\u00e3o \u00e9 o limite\u201d do novo m\u00edssil russo.\u00a0<\/p>\n<p paraeid=\"{0d490565-0be6-4600-b878-ea58b6cc0ae8}{14}\" paraid=\"697347518\" xml:lang=\"EN-US\">O\u00a0Burevestnik\u00a0distingue-se por voar entre 20 e 100 metros de altitude, tornando-se\u00a0praticamente\u00a0indetect\u00e1vel\u00a0pelos sistemas de defesa a\u00e9rea &#8211; e por ser capaz de o fazer durante horas gra\u00e7as \u00e0 sua propuls\u00e3o nuclear.\u00a0\u00a0<\/p>\n<p paraeid=\"{0d490565-0be6-4600-b878-ea58b6cc0ae8}{16}\" paraid=\"2003916173\" xml:lang=\"EN-US\">\u201cEste sistema tem uma particularidade: voa entre 20\u00a0a\u00a0100 metros do solo, transporta uma ogiva nuclear e \u00e9 movido por um reator nuclear que lhe permite estar em circuito durante horas\u201d, explica o <a href=\"https:\/\/cnnportugal.iol.pt\/videos\/burevestnik-a-nova-arma-russa-que-o-ocidente-desvalorizou-e-considerou-propaganda\/68fe72f20cf29d28d8298aa9\" target=\"_blank\" rel=\"nofollow noopener\">major-general Agostinho Costa<\/a> \u00e0 CNN Portugal, sublinhando que o m\u00edssil pode ser lan\u00e7ado \u201ca partir do \u00c1rtico e atacar qualquer capital europeia ou americana \u00e0 discri\u00e7\u00e3o\u201d.\u00a0<\/p>\n<p paraeid=\"{0d490565-0be6-4600-b878-ea58b6cc0ae8}{20}\" paraid=\"1271773643\" xml:lang=\"EN-US\">De acordo com o Minist\u00e9rio da Defesa russo, o m\u00edssil tem dimens\u00f5es semelhantes ao Kh-101, mas o seu reator nuclear confere-lhe uma autonomia sem precedentes. Pode ser lan\u00e7ado a partir de uma plataforma inclinada, usando um foguete de propuls\u00e3o amov\u00edvel, e manter-se em voo por tempo quase indefinido.\u00a0<\/p>\n<p paraeid=\"{0d490565-0be6-4600-b878-ea58b6cc0ae8}{22}\" paraid=\"1880620857\" xml:lang=\"EN-US\">O Pent\u00e1gono reconheceu que o\u00a0Burevestnik\u00a0\u00e9 capaz de lan\u00e7ar ataques \u201ca partir de praticamente qualquer porta-avi\u00f5es\u201d, dada a sua autonomia e capacidade de\u00a0manobra.\u00a0<\/p>\n<p paraeid=\"{0d490565-0be6-4600-b878-ea58b6cc0ae8}{24}\" paraid=\"2031656175\" xml:lang=\"EN-US\">No entanto, h\u00e1 quem duvide do seu valor estrat\u00e9gico: o tenente-general Rafael Martins, em declara\u00e7\u00f5es \u00e0 CNN Portugal, considera que o m\u00edssil \u201cn\u00e3o acrescenta muito ao que a R\u00fassia j\u00e1 tem\u201d e que \u201cn\u00e3o interessa dar duas voltas ao mundo para depois acertar num determinado lugar\u201d.\u00a0<\/p>\n<p paraeid=\"{0d490565-0be6-4600-b878-ea58b6cc0ae8}{26}\" paraid=\"323103529\" xml:lang=\"EN-US\">De acordo com fontes russas, o m\u00edssil mede cerca de 12 metros no lan\u00e7amento e 9 metros em voo, com um nariz\u00a0el\u00edptico. \u201cAs\u00a0caracter\u00edsticas t\u00e9cnicas do m\u00edssil\u00a0Burevestnik\u00a0permitem a sua utiliza\u00e7\u00e3o com precis\u00e3o garantida contra alvos altamente protegidos, independentemente da dist\u00e2ncia\u201d, declarou\u00a0Gerasimov, citado pelo Moscow\u00a0Times.\u00a0<\/p>\n","protected":false},"excerpt":{"rendered":"Novo m\u00edssil russo\u00a0\u00e9 movido por um reator nuclear que\u00a0permite que voe\u00a0mais de 15 horas\u00a0e de forma praticamente\u00a0indetect\u00e1vel\u00a0\u00a0 A&hellip;\n","protected":false},"author":2,"featured_media":28231,"comment_status":"","ping_status":"","sticky":false,"template":"","format":"standard","meta":{"footnotes":""},"categories":[50],"tags":[609,836,611,27,28,9525,607,608,333,832,604,135,610,476,15,16,301,830,889,14,603,25,26,570,21,22,831,833,11978,62,834,12,13,19,20,835,602,52,32,23,24,3813,839,17,18,29,30,31,63,64,65],"class_list":{"0":"post-130681","1":"post","2":"type-post","3":"status-publish","4":"format-standard","5":"has-post-thumbnail","7":"category-mundo","8":"tag-alerta","9":"tag-analise","10":"tag-ao-minuto","11":"tag-breaking-news","12":"tag-breakingnews","13":"tag-burevestnik","14":"tag-cnn","15":"tag-cnn-portugal","16":"tag-comentadores","17":"tag-costa","18":"tag-crime","19":"tag-desporto","20":"tag-direto","21":"tag-economia","22":"tag-featured-news","23":"tag-featurednews","24":"tag-governo","25":"tag-guerra","26":"tag-guerra-na-ucrania","27":"tag-headlines","28":"tag-justica","29":"tag-latest-news","30":"tag-latestnews","31":"tag-live","32":"tag-main-news","33":"tag-mainnews","34":"tag-mais-vistas","35":"tag-marcelo","36":"tag-missil","37":"tag-mundo","38":"tag-negocios","39":"tag-news","40":"tag-noticias","41":"tag-noticias-principais","42":"tag-noticiasprincipais","43":"tag-opiniao","44":"tag-pais","45":"tag-politica","46":"tag-portugal","47":"tag-principais-noticias","48":"tag-principaisnoticias","49":"tag-putin","50":"tag-russia","51":"tag-top-stories","52":"tag-topstories","53":"tag-ultimas","54":"tag-ultimas-noticias","55":"tag-ultimasnoticias","56":"tag-world","57":"tag-world-news","58":"tag-worldnews"},"share_on_mastodon":{"url":"","error":"Validation failed: Text character limit of 500 exceeded"},"_links":{"self":[{"href":"https:\/\/www.europesays.com\/pt\/wp-json\/wp\/v2\/posts\/130681","targetHints":{"allow":["GET"]}}],"collection":[{"href":"https:\/\/www.europesays.com\/pt\/wp-json\/wp\/v2\/posts"}],"about":[{"href":"https:\/\/www.europesays.com\/pt\/wp-json\/wp\/v2\/types\/post"}],"author":[{"embeddable":true,"href":"https:\/\/www.europesays.com\/pt\/wp-json\/wp\/v2\/users\/2"}],"replies":[{"embeddable":true,"href":"https:\/\/www.europesays.com\/pt\/wp-json\/wp\/v2\/comments?post=130681"}],"version-history":[{"count":0,"href":"https:\/\/www.europesays.com\/pt\/wp-json\/wp\/v2\/posts\/130681\/revisions"}],"wp:featuredmedia":[{"embeddable":true,"href":"https:\/\/www.europesays.com\/pt\/wp-json\/wp\/v2\/media\/28231"}],"wp:attachment":[{"href":"https:\/\/www.europesays.com\/pt\/wp-json\/wp\/v2\/media?parent=130681"}],"wp:term":[{"taxonomy":"category","embeddable":true,"href":"https:\/\/www.europesays.com\/pt\/wp-json\/wp\/v2\/categories?post=130681"},{"taxonomy":"post_tag","embeddable":true,"href":"https:\/\/www.europesays.com\/pt\/wp-json\/wp\/v2\/tags?post=130681"}],"curies":[{"name":"wp","href":"https:\/\/api.w.org\/{rel}","templated":true}]}}