{"id":130704,"date":"2025-10-29T02:13:10","date_gmt":"2025-10-29T02:13:10","guid":{"rendered":"https:\/\/www.europesays.com\/pt\/130704\/"},"modified":"2025-10-29T02:13:10","modified_gmt":"2025-10-29T02:13:10","slug":"claudio-ramos-revelado-o-que-aconteceu-a-irma-antes-de-ser-encontrada-em-madrid","status":"publish","type":"post","link":"https:\/\/www.europesays.com\/pt\/130704\/","title":{"rendered":"Cl\u00e1udio Ramos &#8211; Revelado o que aconteceu \u00e0 irm\u00e3 antes de ser encontrada em Madrid"},"content":{"rendered":"<p>O mist\u00e9rio em torno de <strong>Iara Ramos Nascimento<\/strong>, irm\u00e3 de <strong>Cl\u00e1udio Ramos<\/strong>, continua a ser assunto na atualidade.<\/p>\n<p>A mulher de 47 anos foi dada como <a href=\"https:\/\/www.novagente.pt\/claudio-ramos-irma-esta-desaparecida-apresentador-pede-ajuda-familia-agradece\" rel=\"nofollow noopener\" target=\"_blank\">desaparecida<\/a> no in\u00edcio de outubro. De acordo com a imprensa nacional, saiu de casa, em <strong>Vila Boim<\/strong>, <strong>Elvas<\/strong>, sem telem\u00f3vel nem documentos, ao volante de um <strong>Volkswagen Beetle azul-escuro<\/strong>. Dias mais tarde, acabou por ser <a href=\"https:\/\/www.novagente.pt\/claudio-ramos-irma-do-apresentador-esta-viva-revelados-todos-os-pormenores-travada-por-alguem\" rel=\"nofollow noopener\" target=\"_blank\">encontrada com vida<\/a> em <strong>Espanha<\/strong>.<\/p>\n<p>O apresentador da <strong>TVI<\/strong>, no <strong>Dois \u00e0s 10<\/strong>, <a href=\"https:\/\/www.novagente.pt\/claudio-ramos-apresentador-pronuncia-se-apos-irma-ser-encontrada\" rel=\"nofollow noopener\" target=\"_blank\">explicou que<\/a> conseguiram identificar que \u201ca mulher portuguesa que <a href=\"https:\/\/www.novagente.pt\/claudio-ramos-irma-esta-internada-em-espanha-tera-sido-forca\" rel=\"nofollow noopener\" target=\"_blank\">estava internada<\/a> numa cl\u00ednica psiqui\u00e1trica\u201d era a sua irm\u00e3 \u201catrav\u00e9s de uma prova de voz\u201d.<\/p>\n<p>Agora, o site Dioguinho avan\u00e7a que Iara Ramos continua <strong>internada na ala psiqui\u00e1trica do Hospital Universit\u00e1rio La Paz<\/strong>, em <strong>Madrid<\/strong>. \u201cN\u00e3o existe previs\u00e3o para ter alta, mas a fam\u00edlia fala com ela todos os dias\u201d, garantiu uma fonte pr\u00f3xima da fam\u00edlia.<\/p>\n<blockquote>\n<p><strong>Leia tamb\u00e9m: Cl\u00e1udio Ramos <\/strong><a href=\"https:\/\/www.novagente.pt\/claudio-ramos-revela-como-encontrou-casa-da-irma-iara\" rel=\"nofollow noopener\" target=\"_blank\">revela como encontrou a casa da irm\u00e3 Iara<\/a><\/p>\n<\/blockquote>\n<p>O mesmo contacto refere que a irm\u00e3 de<strong> Lu\u00eds Nascimento<\/strong> \u201cn\u00e3o consegue explicar o motivo de ter-se deslocado a Madrid\u201d, e que as autoridades espanholas <strong>\u201ctamb\u00e9m n\u00e3o t\u00eam mais informa\u00e7\u00f5es\u201d sobre o que aconteceu nos dias em que esteve desaparecida<\/strong>.<\/p>\n<p>Por\u00e9m, <strong>tudo ter\u00e1 come\u00e7ado ap\u00f3s um acidente de autom\u00f3vel na capital espanhola<\/strong>. Na sequ\u00eancia desse incidente, Iara <strong>sofreu um epis\u00f3dio psiqui\u00e1trico grave<\/strong> e acabou por ser internada compulsivamente.<\/p>\n<p>Apesar de tudo, a mesma fonte assegura que<strong> \u201cIara est\u00e1 neste momento est\u00e1vel e bem\u201d<\/strong>.<\/p>\n<p>\u00a0<\/p>\n<p>Texto: Carolina Charrua; Fotos: Redes sociais e Impala<\/p>\n<p class=\"intagram-text\">Siga a Nova Gente no Instagram<\/p>\n<p>                        <a href=\"https:\/\/www.instagram.com\/revistanovagente\/\" target=\"_blank\" aria-label=\"instagram\" rel=\"noopener nofollow\"><img decoding=\"async\" style=\"display: block; margin-left: auto; margin-right: auto; width: 250px; height: 83px;\" src=\"https:\/\/www.europesays.com\/pt\/wp-content\/uploads\/2025\/10\/Instagram_NG.png\" alt=\"instagram\"\/><\/a><br \/>\n                    <script async src=\"\/\/www.instagram.com\/embed.js\"><\/script><\/p>\n","protected":false},"excerpt":{"rendered":"O mist\u00e9rio em torno de Iara Ramos Nascimento, irm\u00e3 de Cl\u00e1udio Ramos, continua a ser assunto na atualidade.&hellip;\n","protected":false},"author":2,"featured_media":130705,"comment_status":"","ping_status":"","sticky":false,"template":"","format":"standard","meta":{"footnotes":""},"categories":[145],"tags":[59,211,210,329,21158,114,115,27442,12195,29715,32,33],"class_list":{"0":"post-130704","1":"post","2":"type-post","3":"status-publish","4":"format-standard","5":"has-post-thumbnail","7":"category-celebridades","8":"tag-acidente","9":"tag-celebridades","10":"tag-celebrities","11":"tag-claudio-ramos","12":"tag-desaparecimento","13":"tag-entertainment","14":"tag-entretenimento","15":"tag-iara-ramos-nascimento","16":"tag-irma","17":"tag-luis-nascimento","18":"tag-portugal","19":"tag-pt"},"share_on_mastodon":{"url":"https:\/\/pubeurope.com\/@pt\/115455040302522357","error":""},"_links":{"self":[{"href":"https:\/\/www.europesays.com\/pt\/wp-json\/wp\/v2\/posts\/130704","targetHints":{"allow":["GET"]}}],"collection":[{"href":"https:\/\/www.europesays.com\/pt\/wp-json\/wp\/v2\/posts"}],"about":[{"href":"https:\/\/www.europesays.com\/pt\/wp-json\/wp\/v2\/types\/post"}],"author":[{"embeddable":true,"href":"https:\/\/www.europesays.com\/pt\/wp-json\/wp\/v2\/users\/2"}],"replies":[{"embeddable":true,"href":"https:\/\/www.europesays.com\/pt\/wp-json\/wp\/v2\/comments?post=130704"}],"version-history":[{"count":0,"href":"https:\/\/www.europesays.com\/pt\/wp-json\/wp\/v2\/posts\/130704\/revisions"}],"wp:featuredmedia":[{"embeddable":true,"href":"https:\/\/www.europesays.com\/pt\/wp-json\/wp\/v2\/media\/130705"}],"wp:attachment":[{"href":"https:\/\/www.europesays.com\/pt\/wp-json\/wp\/v2\/media?parent=130704"}],"wp:term":[{"taxonomy":"category","embeddable":true,"href":"https:\/\/www.europesays.com\/pt\/wp-json\/wp\/v2\/categories?post=130704"},{"taxonomy":"post_tag","embeddable":true,"href":"https:\/\/www.europesays.com\/pt\/wp-json\/wp\/v2\/tags?post=130704"}],"curies":[{"name":"wp","href":"https:\/\/api.w.org\/{rel}","templated":true}]}}