{"id":130737,"date":"2025-10-29T03:21:08","date_gmt":"2025-10-29T03:21:08","guid":{"rendered":"https:\/\/www.europesays.com\/pt\/130737\/"},"modified":"2025-10-29T03:21:08","modified_gmt":"2025-10-29T03:21:08","slug":"tempo-de-resposta-e-desigualdades-regionais-definem-quem-sobrevive-e-quem-fica-com-sequelas","status":"publish","type":"post","link":"https:\/\/www.europesays.com\/pt\/130737\/","title":{"rendered":"tempo de resposta e desigualdades regionais definem quem sobrevive e quem fica com sequelas"},"content":{"rendered":"\n<p class=\" content-text__container theme-color-primary-first-letter\" data-track-category=\"Link no Texto\" data-track-links=\"\"> Nesta quarta-feira (29) \u00e9 celebrado o &#8220;Dia mundial de combate ao acidente vascular cerebral (<a class=\"\" href=\"https:\/\/oglobo.globo.com\/tudo-sobre\/assunto\/avc\/\" rel=\"nofollow noopener\" target=\"_blank\">AVC<\/a>)&#8221;. A condi\u00e7\u00e3o continua sendo uma das maiores urg\u00eancias de sa\u00fade p\u00fablica no Brasil e seus impactos v\u00e3o muito al\u00e9m das emerg\u00eancias hospitalares. Um estudo in\u00e9dito da Firjan SESI, conduzido pelo Centro de Inova\u00e7\u00e3o em Sa\u00fade Ocupacional (CIS-SO), mostra que o pa\u00eds ainda paga um alto pre\u00e7o em vidas, anos de sa\u00fade e capacidade funcional. <\/p>\n<ul class=\"content-unordered-list\">\n<li><strong>Hiperidrose: <\/strong><a class=\"\" href=\"https:\/\/oglobo.globo.com\/saude\/noticia\/2025\/10\/28\/o-que-e-hiperidrose-condicao-que-afeta-duda-guerra-nas-maos-e-pes.ghtml\" rel=\"nofollow noopener\" target=\"_blank\">entenda condi\u00e7\u00e3o que afeta Duda Guerra nas m\u00e3os e p\u00e9s<\/a><\/li>\n<li><strong>\u2018Achei que ele n\u00e3o fosse resistir\u2019<\/strong>:<a class=\"\" href=\"https:\/\/oglobo.globo.com\/saude\/noticia\/2025\/10\/28\/achei-que-ele-nao-fosse-resistir-1o-crianca-com-cancer-no-brasil-a-se-tratar-com-car-t-cell-completa-1-ano-sem-a-doenca.ghtml\" rel=\"nofollow noopener\" target=\"_blank\"> 1\u00aa crian\u00e7a com c\u00e2ncer no Brasil a se tratar com CAR-T Cell completa 1 ano sem a doen\u00e7a<\/a><\/li>\n<\/ul>\n<p class=\" content-text__container \" data-track-category=\"Link no Texto\" data-track-links=\"\"> O estudo &#8220;Custos Evit\u00e1veis de Sa\u00fade por Tromb\u00f3lise em Acidentes Vasculares Cerebrais \u2013 Sa\u00fade Ocupacional&#8221; analisou dados epidemiol\u00f3gicos e previdenci\u00e1rios de 2017 a 2023. Os resultados mostraram que nesse per\u00edodo, o AVC foi respons\u00e1vel por 1,68 milh\u00e3o de interna\u00e7\u00f5es e cerca de 484,3 mil mortes em todo o territ\u00f3rio nacional, o equivalente a 15,6 \u00f3bitos a cada 100 interna\u00e7\u00f5es. Apenas no \u00faltimo ano da s\u00e9rie hist\u00f3rica analisada, 11 milh\u00f5es de anos de vida foram perdidos entre brasileiros de 15 anos ou mais por conta da doen\u00e7a. <\/p>\n<p class=\" content-text__container \" data-track-category=\"Link no Texto\" data-track-links=\"\"> O AVC acontece quando vasos que levam sangue ao c\u00e9rebro entopem ou se rompem, provocando a paralisia da \u00e1rea cerebral que ficou sem circula\u00e7\u00e3o sangu\u00ednea. Quanto mais r\u00e1pido for o diagn\u00f3stico e o tratamento do AVC, maiores ser\u00e3o as chances de recupera\u00e7\u00e3o completa, segundo informa\u00e7\u00f5es do Minist\u00e9rio da Sa\u00fade. <\/p>\n<p class=\" content-text__container \" data-track-category=\"Link no Texto\" data-track-links=\"\"> Para isso, saber identificar os sinais da condi\u00e7\u00e3o \u00e9 fundamental. Os sintomas mais comuns de AVC s\u00e3o: <\/p>\n<ul class=\"content-unordered-list\">\n<li>Fraqueza ou dorm\u00eancia: em um lado do corpo (rosto, bra\u00e7o ou perna). <\/li>\n<li>Dificuldade na fala ou compreens\u00e3o: altera\u00e7\u00f5es na fala (arrastada, confusa) ou dificuldade para entender o que os outros dizem. <\/li>\n<li>Altera\u00e7\u00f5es na vis\u00e3o: perda de vis\u00e3o s\u00fabita ou dificuldade para enxergar com um ou ambos os olhos. <\/li>\n<li>Dificuldade de equil\u00edbrio e coordena\u00e7\u00e3o: tontura, perda de equil\u00edbrio ou dificuldade para andar. <\/li>\n<li>Dor de cabe\u00e7a <\/li>\n<\/ul>\n<p class=\" content-text__container \" data-track-category=\"Link no Texto\" data-track-links=\"\"> Outros sinais podem incluir confus\u00e3o mental, n\u00e1useas e v\u00f4mitos, sonol\u00eancia e crises convulsivas. <\/p>\n<p class=\" content-text__container \" data-track-category=\"Link no Texto\" data-track-links=\"\"> Para facilitar a identifica\u00e7\u00e3o, \u00e9 poss\u00edvel utilizar o acr\u00f4nimo SAMU: <\/p>\n<ul class=\"content-unordered-list\">\n<li><strong>S (sorriso):<\/strong> Pe\u00e7a para a pessoa sorrir. O lado do rosto parece ca\u00eddo? <\/li>\n<li><strong>A (abra\u00e7o):<\/strong> Pe\u00e7a para a pessoa levantar os dois bra\u00e7os. Um deles cai ou n\u00e3o consegue ser levantado? <\/li>\n<li><strong>M (m\u00fasica):<\/strong> Pe\u00e7a para a pessoa repetir uma frase ou cantar um trecho de m\u00fasica. A fala est\u00e1 arrastada ou estranha? <\/li>\n<li><strong>U (urgente):<\/strong> Se algum desses sinais for observado, ligue para o servi\u00e7o de emerg\u00eancia (192) ou leve a pessoa ao pronto-socorro mais pr\u00f3ximo imediatamente. <\/li>\n<\/ul>\n<p class=\" content-text__container \" data-track-category=\"Link no Texto\" data-track-links=\"\"> Entretanto, de acordo com o novo estudo, o diagn\u00f3stico tardio ainda \u00e9 uma das principais barreiras para o combate ao AVC. <\/p>\n<p class=\" content-text__container \" data-track-category=\"Link no Texto\" data-track-links=\"\"> As regi\u00f5es Norte e Nordeste concentram as maiores taxas de letalidade, reflexo direto das desigualdades estruturais na rede de aten\u00e7\u00e3o. Nessas \u00e1reas, h\u00e1 menor disponibilidade de neurologistas, leitos de UTI e equipamentos de imagem, elementos essenciais para o diagn\u00f3stico e tratamento em tempo h\u00e1bil. <\/p>\n<p class=\" content-text__container \" data-track-category=\"Link no Texto\" data-track-links=\"\"> &#8220;Cada minuto conta. O tempo de resposta define o desfecho cl\u00ednico do paciente e o tamanho da sequela. Quando o diagn\u00f3stico \u00e9 r\u00e1pido e o tratamento \u00e9 adequado, \u00e9 poss\u00edvel salvar vidas e preservar qualidade de vida\u201d, explica Leon Nascimento, coordenador do CIS-SO e respons\u00e1vel pela pesquisa, em comunicado. <\/p>\n<p class=\" content-text__container \" data-track-category=\"Link no Texto\" data-track-links=\"\"> J\u00e1 as regi\u00f5es Sudeste e Sul, com maior oferta de servi\u00e7os especializados, registram os maiores n\u00fameros absolutos de casos e interna\u00e7\u00f5es, mas menores \u00edndices de mortalidade proporcional. <\/p>\n<p class=\" content-text__container \" data-track-category=\"Link no Texto\" data-track-links=\"\"> &#8220;H\u00e1 uma rela\u00e7\u00e3o direta entre infraestrutura e desfecho cl\u00ednico. Locais com mais recursos e profissionais capacitados conseguem reduzir significativamente a mortalidade e o grau de incapacidade&#8221;, destaca Nascimento. <\/p>\n<p>Sequelas e reabilita\u00e7\u00e3o <\/p>\n<p class=\" content-text__container \" data-track-category=\"Link no Texto\" data-track-links=\"\"> Al\u00e9m do risco de morte, o AVC \u00e9 uma das principais causas de incapacidade permanente no pa\u00eds. Casos graves podem levar \u00e0 perda m\u00e9dia de 18 anos de vida saud\u00e1vel, segundo o levantamento. As sequelas cognitivas e motoras comprometem a autonomia e aumentam a depend\u00eancia de cuidados familiares e institucionais. <\/p>\n<p class=\" content-text__container \" data-track-category=\"Link no Texto\" data-track-links=\"\"> &#8220;Tratar o AVC n\u00e3o termina na alta hospitalar. \u00c9 preciso garantir acesso \u00e0 reabilita\u00e7\u00e3o, fisioterapia, fonoaudiologia e suporte psicol\u00f3gico. Sem essa continuidade, o paciente perde qualidade de vida e o sistema de sa\u00fade acaba sobrecarregado&#8221;, explica o pesquisador. <\/p>\n<p class=\" content-text__container \" data-track-category=\"Link no Texto\" data-track-links=\"\"> Al\u00e9m do custo humano, o AVC representa um peso expressivo sobre o sistema previdenci\u00e1rio. Em 2023, ano com \u00faltimo dados p\u00fablicos dispon\u00edveis, ele foi respons\u00e1vel por 161,6 milh\u00f5es de dias de trabalho perdidos, o que representa uma perda de produtividade de R$ 10,09 bilh\u00f5es: R$ 7,15 bilh\u00f5es de perda de produtividade referente ao total de servi\u00e7os e bens produzidos e mais R$ 2,74 bilh\u00f5es com gastos com benef\u00edcios ligados \u00e0 doen\u00e7a. Em dezembro de 2023, apenas naquele m\u00eas, o INSS desembolsou R$ 228 milh\u00f5es em aux\u00edlios e aposentadorias por invalidez relacionados \u00e0 doen\u00e7a. <\/p>\n<p class=\" content-text__container \" data-track-category=\"Link no Texto\" data-track-links=\"\"> \u201cA maioria dos benefici\u00e1rios (64%) tinha v\u00ednculo formal de trabalho, o que mostra que o AVC afeta diretamente a for\u00e7a de trabalho em idade produtiva. Entre os novos benef\u00edcios concedidos no per\u00edodo, 69% foram aux\u00edlios-doen\u00e7a e 20% aposentadorias por invalidez\u201d, contabiliza Nascimento. <\/p>\n<p>Preven\u00e7\u00e3o \u00e9 o melhor caminho<\/p>\n<p class=\" content-text__container \" data-track-category=\"Link no Texto\" data-track-links=\"\"> O diagn\u00f3stico precoce sem d\u00favida \u00e9 fundamental, mas o estudo refor\u00e7a que a preven\u00e7\u00e3o \u00e9 a medida mais eficiente e mais barata para conter o avan\u00e7o do AVC. Hipertens\u00e3o arterial, diabetes, tabagismo e sedentarismo est\u00e3o entre os principais fatores de risco para a condi\u00e7\u00e3o, e todos podem ser controlados com acompanhamento regular e pol\u00edticas de aten\u00e7\u00e3o prim\u00e1ria. <\/p>\n<p class=\" content-text__container \" data-track-category=\"Link no Texto\" data-track-links=\"\"> &#8220;Investir em preven\u00e7\u00e3o e diagn\u00f3stico precoce \u00e9 pol\u00edtica de sa\u00fade, mas tamb\u00e9m de desenvolvimento humano. Cada vida salva representa anos de dignidade e de produtividade preservados&#8221;, conclui Nascimento. <\/p>\n","protected":false},"excerpt":{"rendered":"Nesta quarta-feira (29) \u00e9 celebrado o &#8220;Dia mundial de combate ao acidente vascular cerebral (AVC)&#8221;. A condi\u00e7\u00e3o continua&hellip;\n","protected":false},"author":2,"featured_media":130738,"comment_status":"","ping_status":"","sticky":false,"template":"","format":"standard","meta":{"footnotes":""},"categories":[86],"tags":[1493,4693,319,116,32,33,117],"class_list":{"0":"post-130737","1":"post","2":"type-post","3":"status-publish","4":"format-standard","5":"has-post-thumbnail","7":"category-saude","8":"tag-avc","9":"tag-doencas-cardiovasculares","10":"tag-hard-news","11":"tag-health","12":"tag-portugal","13":"tag-pt","14":"tag-saude"},"share_on_mastodon":{"url":"https:\/\/pubeurope.com\/@pt\/115455307494655623","error":""},"_links":{"self":[{"href":"https:\/\/www.europesays.com\/pt\/wp-json\/wp\/v2\/posts\/130737","targetHints":{"allow":["GET"]}}],"collection":[{"href":"https:\/\/www.europesays.com\/pt\/wp-json\/wp\/v2\/posts"}],"about":[{"href":"https:\/\/www.europesays.com\/pt\/wp-json\/wp\/v2\/types\/post"}],"author":[{"embeddable":true,"href":"https:\/\/www.europesays.com\/pt\/wp-json\/wp\/v2\/users\/2"}],"replies":[{"embeddable":true,"href":"https:\/\/www.europesays.com\/pt\/wp-json\/wp\/v2\/comments?post=130737"}],"version-history":[{"count":0,"href":"https:\/\/www.europesays.com\/pt\/wp-json\/wp\/v2\/posts\/130737\/revisions"}],"wp:featuredmedia":[{"embeddable":true,"href":"https:\/\/www.europesays.com\/pt\/wp-json\/wp\/v2\/media\/130738"}],"wp:attachment":[{"href":"https:\/\/www.europesays.com\/pt\/wp-json\/wp\/v2\/media?parent=130737"}],"wp:term":[{"taxonomy":"category","embeddable":true,"href":"https:\/\/www.europesays.com\/pt\/wp-json\/wp\/v2\/categories?post=130737"},{"taxonomy":"post_tag","embeddable":true,"href":"https:\/\/www.europesays.com\/pt\/wp-json\/wp\/v2\/tags?post=130737"}],"curies":[{"name":"wp","href":"https:\/\/api.w.org\/{rel}","templated":true}]}}