{"id":130739,"date":"2025-10-29T03:28:19","date_gmt":"2025-10-29T03:28:19","guid":{"rendered":"https:\/\/www.europesays.com\/pt\/130739\/"},"modified":"2025-10-29T03:28:19","modified_gmt":"2025-10-29T03:28:19","slug":"thiago-nigro-compartilha-emocao-de-se-tornar-pai-pela-primeira-vez-estou-me-achando","status":"publish","type":"post","link":"https:\/\/www.europesays.com\/pt\/130739\/","title":{"rendered":"Thiago Nigro compartilha emo\u00e7\u00e3o de se tornar pai pela primeira vez: &#8216;Estou me achando&#8217;"},"content":{"rendered":"\n<p class=\" content-text__container theme-color-primary-first-letter\" data-track-category=\"Link no Texto\" data-track-links=\"\"> <strong>Thiago Nigro <\/strong>abriu uma caixinha de perguntas na rede social para interagir com os seguidores a respeito de sua nova fase: a paternidade de Elo\u00e1h. Na \u00faltima segunda-feira (27), o empres\u00e1rio respondeu d\u00favidas relacionadas ao nascimento da filha, fruto do relacionamento com Ma\u00edra Cardi, e compartilhou como est\u00e1 vivenciando a realiza\u00e7\u00e3o desse sonho. <\/p>\n<ul class=\"content-unordered-list\">\n<li><a class=\"\" href=\"https:\/\/oglobo.globo.com\/ela\/noticia\/2025\/10\/28\/foto-de-virginia-com-vini-jr-repercute-e-web-nao-perdoa-meu-cabelo-tem-mais-quimica.ghtml\" rel=\"nofollow noopener\" target=\"_blank\"><strong>Foto de Virg\u00ednia com Vini Jr. repercute, e web n\u00e3o perdoa<\/strong><\/a><strong>: &#8216;Meu cabelo tem mais qu\u00edmica&#8217;<\/strong><\/li>\n<li><a class=\"\" href=\"https:\/\/oglobo.globo.com\/ela\/noticia\/2025\/10\/27\/ze-felipe-responde-mensagem-de-ana-castela-e-gesto-romantico-chama-atencao-fofinhos-juntos.ghtml\" rel=\"nofollow noopener\" target=\"_blank\"><strong>Z\u00e9 Felipe responde mensagem de Ana Castela e gesto rom\u00e2ntico chama aten\u00e7\u00e3o<\/strong><\/a><strong>: &#8216;Fofinhos juntos&#8217;<\/strong><\/li>\n<\/ul>\n<p class=\" content-text__container \" data-track-category=\"Link no Texto\" data-track-links=\"\"> O casal recebeu Elo\u00e1h ap\u00f3s 38 semanas de gesta\u00e7\u00e3o. A beb\u00ea nasceu com 2,940 kg e 47 cm, mas precisou passar algumas horas na Unidade de Terapia Intensiva (UTI) devido a dificuldades respirat\u00f3rias. Thiago descreveu o momento com uma mistura de apreens\u00e3o e f\u00e9: <\/p>\n<p class=\" content-text__container \" data-track-category=\"Link no Texto\" data-track-links=\"\"> &#8220;Fiquei preocupado, mas fiquei com ela o tempo todo e orando. Deus guiou todo o processo, eu me acalmei e tinha 100% de certeza que ela ficaria bem.&#8221; <\/p>\n<p class=\" content-text__container \" data-track-category=\"Link no Texto\" data-track-links=\"\"> Ao comentar a experi\u00eancia de segur\u00e1-la pela primeira vez, ele disse: &#8220;Eu senti como se eu estivesse segurando a mim mesmo. Eu me vejo nela&#8221;. O influenciador explicou ainda a decis\u00e3o de antecipar o parto: &#8220;Ma\u00edra tem trombofilia e o m\u00e9dico recomendou fazer isso nesse tempo&#8221;. <\/p>\n<p class=\" content-text__container \" data-track-category=\"Link no Texto\" data-track-links=\"\"> Em seguida, compartilhou a alegria de assumir a paternidade: &#8220;Estou me achando com toda a sensa\u00e7\u00e3o de ser pai de primeira viagem&#8221;. <\/p>\n<p>      <img decoding=\"async\" class=\"content-media__image\"  src=\"https:\/\/www.europesays.com\/pt\/wp-content\/uploads\/2025\/10\/foto-thiago-nigro-fala-sobre-todos-os-detalhes-do-nascimento-da-1a-filha-com-maira-cardi-1.jpg\" alt=\"Thiago Nigro revelou emo\u00e7\u00e3o ao se tornar pai de Elo\u00e1h \u2014 Foto: Reprodu\u00e7\u00e3o Instagram\" width=\"1800\" height=\"969\" loading=\"lazy\"\/>  Thiago Nigro revelou emo\u00e7\u00e3o ao se tornar pai de Elo\u00e1h \u2014 Foto: Reprodu\u00e7\u00e3o Instagram       <\/p>\n<p class=\" content-text__container \" data-track-category=\"Link no Texto\" data-track-links=\"\"> Elo\u00e1h nasceu no domingo (26) em uma maternidade de S\u00e3o Paulo. Ma\u00edra j\u00e1 \u00e9 m\u00e3e de Sophia, filha com Arthur Aguiar, e de Lucas, fruto do relacionamento com Nelson Rangel. <\/p>\n<p>      <img decoding=\"async\" class=\"content-media__image\"  src=\"https:\/\/www.europesays.com\/pt\/wp-content\/uploads\/2025\/10\/thiago-2-.jpg\" alt=\"Ma\u00edra Cardi \u00e9 m\u00e3e de Elo\u00e1h, Lucas e Sophia \u2014 Foto: Reprodu\u00e7\u00e3o Instagram\" width=\"3264\" height=\"2145\" loading=\"lazy\"\/>  Ma\u00edra Cardi \u00e9 m\u00e3e de Elo\u00e1h, Lucas e Sophia \u2014 Foto: Reprodu\u00e7\u00e3o Instagram       <\/p>\n","protected":false},"excerpt":{"rendered":"Thiago Nigro abriu uma caixinha de perguntas na rede social para interagir com os seguidores a respeito de&hellip;\n","protected":false},"author":2,"featured_media":130740,"comment_status":"","ping_status":"","sticky":false,"template":"","format":"standard","meta":{"footnotes":""},"categories":[145],"tags":[211,210,114,115,319,32,33,318],"class_list":{"0":"post-130739","1":"post","2":"type-post","3":"status-publish","4":"format-standard","5":"has-post-thumbnail","7":"category-celebridades","8":"tag-celebridades","9":"tag-celebrities","10":"tag-entertainment","11":"tag-entretenimento","12":"tag-hard-news","13":"tag-portugal","14":"tag-pt","15":"tag-radar"},"share_on_mastodon":{"url":"https:\/\/pubeurope.com\/@pt\/115455335148883539","error":""},"_links":{"self":[{"href":"https:\/\/www.europesays.com\/pt\/wp-json\/wp\/v2\/posts\/130739","targetHints":{"allow":["GET"]}}],"collection":[{"href":"https:\/\/www.europesays.com\/pt\/wp-json\/wp\/v2\/posts"}],"about":[{"href":"https:\/\/www.europesays.com\/pt\/wp-json\/wp\/v2\/types\/post"}],"author":[{"embeddable":true,"href":"https:\/\/www.europesays.com\/pt\/wp-json\/wp\/v2\/users\/2"}],"replies":[{"embeddable":true,"href":"https:\/\/www.europesays.com\/pt\/wp-json\/wp\/v2\/comments?post=130739"}],"version-history":[{"count":0,"href":"https:\/\/www.europesays.com\/pt\/wp-json\/wp\/v2\/posts\/130739\/revisions"}],"wp:featuredmedia":[{"embeddable":true,"href":"https:\/\/www.europesays.com\/pt\/wp-json\/wp\/v2\/media\/130740"}],"wp:attachment":[{"href":"https:\/\/www.europesays.com\/pt\/wp-json\/wp\/v2\/media?parent=130739"}],"wp:term":[{"taxonomy":"category","embeddable":true,"href":"https:\/\/www.europesays.com\/pt\/wp-json\/wp\/v2\/categories?post=130739"},{"taxonomy":"post_tag","embeddable":true,"href":"https:\/\/www.europesays.com\/pt\/wp-json\/wp\/v2\/tags?post=130739"}],"curies":[{"name":"wp","href":"https:\/\/api.w.org\/{rel}","templated":true}]}}