{"id":130745,"date":"2025-10-29T03:38:20","date_gmt":"2025-10-29T03:38:20","guid":{"rendered":"https:\/\/www.europesays.com\/pt\/130745\/"},"modified":"2025-10-29T03:38:20","modified_gmt":"2025-10-29T03:38:20","slug":"amazon-vai-eliminar-14-mil-postos-de-trabalho-para-apostar-mais-em-ia-inteligencia-artificial","status":"publish","type":"post","link":"https:\/\/www.europesays.com\/pt\/130745\/","title":{"rendered":"Amazon vai eliminar 14 mil postos de trabalho para apostar mais em IA | Intelig\u00eancia artificial"},"content":{"rendered":"<p>A Amazon anunciou nesta ter\u00e7a-feira que vai reduzir a sua for\u00e7a de trabalho corporativa em cerca de 14.000 pessoas, numa grande reestrutura\u00e7\u00e3o impulsionada em parte pela adop\u00e7\u00e3o de <a href=\"https:\/\/www.publico.pt\/2025\/10\/28\/enter\/noticia\/milhoes-utilizadores-chatgpt-mostram-sinais-sofrimento-psicologico-2152411?ref=inteligencia-artificial&amp;cx=page__content\" rel=\"nofollow noopener\" target=\"_blank\">Intelig\u00eancia Artificial<\/a>, que resultar\u00e1 em mais cortes no pr\u00f3ximo ano.<\/p>\n<p>O objectivo passa por \u201creduzir ainda mais a burocracia, eliminar camadas e transferir recursos para garantir que estamos a investir nas nossas maiores apostas\u201d, de acordo com uma <a href=\"https:\/\/www.aboutamazon.com\/news\/company-news\/amazon-workforce-reduction?asc_campaign=&amp;asc_refurl=https%3A%2F%2Fwww.nbcnews.com%2Fbusiness%2Fbusiness-news%2Famazon-layoffs-thousands-corporate-artificial-intelligence-rcna240155&amp;asc_source=https%3A%2F%2Fwww.google.com%2F_desktop\" rel=\"nofollow noopener\" target=\"_blank\">nota<\/a> enviada pela empresa aos funcion\u00e1rios no in\u00edcio do dia e publicada no seu site.<\/p>\n<p>A <a href=\"https:\/\/www.reuters.com\/business\/world-at-work\/amazon-targets-many-30000-corporate-job-cuts-sources-say-2025-10-27\/\" target=\"_blank\" rel=\"nofollow noopener\">Reuters<\/a> noticiou na segunda-feira que a Amazon estaria a planear <a href=\"https:\/\/www.publico.pt\/2025\/10\/27\/enter\/noticia\/amazon-planeia-cortar-ate-30-mil-postos-trabalho-corporativos-2152362\" rel=\"nofollow noopener\" target=\"_blank\">cortar at\u00e9 30.000 postos de trabalho<\/a> corporativos a partir de ter\u00e7a-feira, \u00e0 medida que a empresa tenta compensar o excesso de contrata\u00e7\u00f5es durante o pico da procura da pandemia.<\/p>\n<p>No final do ano passado, a Amazon contava com cerca de 1,56 milh\u00f5es de funcion\u00e1rios a tempo inteiro e a tempo parcial. A sua for\u00e7a de trabalho corporativa inclui cerca de 350.000 funcion\u00e1rios.<\/p>\n<p>Nos \u00faltimos dois anos, a empresa tem vindo a realizar cortes pontuais nos postos de trabalho em v\u00e1rias \u00e1reas, incluindo livros, dispositivos e no seu neg\u00f3cio de podcasts Wondery.<\/p>\n<p>A decis\u00e3o j\u00e1 ter\u00e1 alegadamente permitido \u00e0s equipas trabalhar mais rapidamente e a empresa continuar\u00e1 a gerir as contrata\u00e7\u00f5es \u201creduzindo em algumas \u00e1reas e contratando noutras\u201d at\u00e9 2026, afirmou Beth Galetti, vice-presidente s\u00e9nior de Experi\u00eancia Pessoal e Tecnologia, na nota.<\/p>\n<p>A empresa afirma tamb\u00e9m que dar\u00e1 aos trabalhadores mais afectados 90 dias para procurar uma nova fun\u00e7\u00e3o internamente e afirmou que as suas equipas de recrutamento dar\u00e3o prioridade a esses candidatos.<\/p>\n<p>Esfor\u00e7os na Intelig\u00eancia Artificial<\/p>\n<p>A nota reiterou a press\u00e3o do presidente-executivo (CEO), Andy Jassy, para reduzir as estruturas de gest\u00e3o e apoiar-se mais na <a href=\"https:\/\/www.publico.pt\/2025\/10\/22\/enter\/noticia\/steve-wozniak-steve-bannon-centenas-personalidades-pedem-travao-superinteligencia-artificial-2151739\" rel=\"nofollow noopener\" target=\"_blank\">IA<\/a>. Em Junho, Jassy afirmou que a crescente adop\u00e7\u00e3o de ferramentas de IA generativa reduziria a for\u00e7a de trabalho total da gigante do com\u00e9rcio electr\u00f3nico nos pr\u00f3ximos anos.<\/p>\n<p>A Amazon dever\u00e1 gastar cerca de 118 mil milh\u00f5es de d\u00f3lares (cerca de cem mil milh\u00f5es de euros) em investimentos neste ano, com grande parte desse valor destinado \u00e0 constru\u00e7\u00e3o de infra-estrutura de IA e nuvem (cloud).<\/p>\n<p>As empresas t\u00eam vindo a usar progressivamente esta tecnologia para escrever c\u00f3digo para o seu software e a adoptar agentes de IA para automatizar tarefas rotineiras, \u00e0 medida que procuram economizar custos e <a href=\"https:\/\/www.publico.pt\/2025\/10\/22\/p3\/noticia\/candidatar-emprego-empresas-ja-usam-ia-curriculos-2150337\" rel=\"nofollow noopener\" target=\"_blank\">reduzir a depend\u00eancia de pessoas<\/a>.<\/p>\n<p>\u201cEsta gera\u00e7\u00e3o de IA \u00e9 a tecnologia mais transformadora que vimos desde a Internet e est\u00e1 a permitir que as empresas inovem muito mais rapidamente do que nunca\u201d, disse Galetti.<\/p>\n","protected":false},"excerpt":{"rendered":"A Amazon anunciou nesta ter\u00e7a-feira que vai reduzir a sua for\u00e7a de trabalho corporativa em cerca de 14.000&hellip;\n","protected":false},"author":2,"featured_media":130746,"comment_status":"","ping_status":"","sticky":false,"template":"","format":"standard","meta":{"footnotes":""},"categories":[83],"tags":[514,88,476,89,90,413,933,32,33],"class_list":{"0":"post-130745","1":"post","2":"type-post","3":"status-publish","4":"format-standard","5":"has-post-thumbnail","7":"category-empresas","8":"tag-amazon","9":"tag-business","10":"tag-economia","11":"tag-economy","12":"tag-empresas","13":"tag-eua","14":"tag-inteligencia-artificial","15":"tag-portugal","16":"tag-pt"},"share_on_mastodon":{"url":"https:\/\/pubeurope.com\/@pt\/115455374289666540","error":""},"_links":{"self":[{"href":"https:\/\/www.europesays.com\/pt\/wp-json\/wp\/v2\/posts\/130745","targetHints":{"allow":["GET"]}}],"collection":[{"href":"https:\/\/www.europesays.com\/pt\/wp-json\/wp\/v2\/posts"}],"about":[{"href":"https:\/\/www.europesays.com\/pt\/wp-json\/wp\/v2\/types\/post"}],"author":[{"embeddable":true,"href":"https:\/\/www.europesays.com\/pt\/wp-json\/wp\/v2\/users\/2"}],"replies":[{"embeddable":true,"href":"https:\/\/www.europesays.com\/pt\/wp-json\/wp\/v2\/comments?post=130745"}],"version-history":[{"count":0,"href":"https:\/\/www.europesays.com\/pt\/wp-json\/wp\/v2\/posts\/130745\/revisions"}],"wp:featuredmedia":[{"embeddable":true,"href":"https:\/\/www.europesays.com\/pt\/wp-json\/wp\/v2\/media\/130746"}],"wp:attachment":[{"href":"https:\/\/www.europesays.com\/pt\/wp-json\/wp\/v2\/media?parent=130745"}],"wp:term":[{"taxonomy":"category","embeddable":true,"href":"https:\/\/www.europesays.com\/pt\/wp-json\/wp\/v2\/categories?post=130745"},{"taxonomy":"post_tag","embeddable":true,"href":"https:\/\/www.europesays.com\/pt\/wp-json\/wp\/v2\/tags?post=130745"}],"curies":[{"name":"wp","href":"https:\/\/api.w.org\/{rel}","templated":true}]}}