{"id":130751,"date":"2025-10-29T03:49:09","date_gmt":"2025-10-29T03:49:09","guid":{"rendered":"https:\/\/www.europesays.com\/pt\/130751\/"},"modified":"2025-10-29T03:49:09","modified_gmt":"2025-10-29T03:49:09","slug":"hospital-de-beja-tem-grupo-de-ajuda-mutua-de-sobreviventes-de-avc-radio-voz-da-planicie-104-5fm","status":"publish","type":"post","link":"https:\/\/www.europesays.com\/pt\/130751\/","title":{"rendered":"Hospital de Beja tem Grupo de Ajuda M\u00fatua de Sobreviventes de AVC | R\u00e1dio Voz da Plan\u00edcie &#8211; 104.5FM"},"content":{"rendered":"<p>\n                                O Grupo de Ajuda M\u00fatua de Sobreviventes de AVC acolhe no hospital de Beja doentes, familiares e profissionais de sa\u00fade, com o objetivo de proporcionar um momento e um espa\u00e7o de \u201cpartilha, de terapia complementar, de di\u00e1logo, de informa\u00e7\u00e3o positiva, mas tamb\u00e9m de conv\u00edvio e amizade\u201d, divulga a Unidade Local de Sa\u00fade do Baixo Alentejo (ULSBA), a prop\u00f3sito do Dia Mundial do Acidente Vascular Cerebral, que se assinala hoje, 29 de outubro.\n                            <\/p>\n<p>\u00a0O GAM Beja (Grupo de Ajuda M\u00fatua para Sobreviventes de AVC) realiza os seus encontros na Sala de Confer\u00eancias do Hospital Jos\u00e9 Joaquim Fernandes de Beja.\u00a0O grupo \u00e9 aberto a todos os que quiserem, gratuito e sem compromisso, \u00e9 um espa\u00e7o de encontro, partilha volunt\u00e1ria, forma\u00e7\u00e3o positiva e mesmo de conv\u00edvio, esclarece a organiza\u00e7\u00e3o.<\/p>\n<p>Sensibilizar a popula\u00e7\u00e3o sobre o Acidente Vascular Cerebral(AVC), promover a preven\u00e7\u00e3o atrav\u00e9s de h\u00e1bitos de vida saud\u00e1veis, como alimenta\u00e7\u00e3o equilibrada e exerc\u00edcio f\u00edsico e identificar os sinais de alerta do AVC precocemente s\u00e3o os objetivos da data que se assinala hoje, Dia Mundial do AVC<\/p>\n<p>A data foi estabelecida pela Organiza\u00e7\u00e3o Mundial da Sa\u00fade (OMS) e pela Federa\u00e7\u00e3o Mundial de Neurologia, para\u00a0alertar sobre os sinais do AVC e a necessidade de uma a\u00e7\u00e3o r\u00e1pida. A data foi estabelecida pela Organiza\u00e7\u00e3o Mundial da Sa\u00fade (OMS) e pela Federa\u00e7\u00e3o Mundial de Neurologia. &#13;\n<\/p>\n<p>Import\u00e2ncia: \u00c9 uma campanha global para alertar sobre os sinais do AVC e a necessidade de uma a\u00e7\u00e3o r\u00e1pida. &#13;\n<\/p>\n<p>Preven\u00e7\u00e3o: A maioria dos AVCs \u00e9 preven\u00edvel atrav\u00e9s de h\u00e1bitos de vida saud\u00e1veis, como evitar o tabaco, sedentarismo, e controlar condi\u00e7\u00f5es como hipertens\u00e3o e diabetes.\u00a0Uma forma de lembrar os sintomas \u00e9 atrav\u00e9s dos &#8220;3 Fs&#8221;: Falta de for\u00e7a num bra\u00e7o, Fala alterada e Face (desvio da comissura labial).\u00a0<\/p>\n<p>Estes acidentes podem ser prevenidos atrav\u00e9s de h\u00e1bitos de vida saud\u00e1veis, como evitar o tabaco, sedentarismo, e controlar condi\u00e7\u00f5es como hipertens\u00e3o e diabetes.\u00a0O reconhecimento precoce dos sintomas \u00e9 crucial, pois as primeiras horas s\u00e3o essenciais para a efic\u00e1cia do tratamento. O n\u00famero de emerg\u00eancia a contactar \u00e9 o 112.<\/p>\n","protected":false},"excerpt":{"rendered":"O Grupo de Ajuda M\u00fatua de Sobreviventes de AVC acolhe no hospital de Beja doentes, familiares e profissionais&hellip;\n","protected":false},"author":2,"featured_media":130752,"comment_status":"","ping_status":"","sticky":false,"template":"","format":"standard","meta":{"footnotes":""},"categories":[86],"tags":[288,4261,4266,4262,836,611,260,4267,1564,3702,109,470,2535,315,135,476,4268,2085,524,116,294,352,4263,606,4269,3001,53,13,4282,4280,4281,4279,4278,4276,4277,4283,4284,4275,4274,4273,4264,3048,835,4270,52,32,33,766,3551,679,117,4265,58,110,2512,30,578,4271],"class_list":{"0":"post-130751","1":"post","2":"type-post","3":"status-publish","4":"format-standard","5":"has-post-thumbnail","7":"category-saude","8":"tag-alentejo","9":"tag-aljustrel","10":"tag-almodovar","11":"tag-alvito","12":"tag-analise","13":"tag-ao-minuto","14":"tag-atualidade","15":"tag-barrancos","16":"tag-beja","17":"tag-castro-verde","18":"tag-ciencia","19":"tag-cinema","20":"tag-cuba","21":"tag-cultura","22":"tag-desporto","23":"tag-economia","24":"tag-ferreira-do-alentejo","25":"tag-fotografia","26":"tag-futebol","27":"tag-health","28":"tag-lazer","29":"tag-local","30":"tag-mertola","31":"tag-meteorologia","32":"tag-moura","33":"tag-multimedia","34":"tag-newsletters","35":"tag-noticias","36":"tag-noticias-de-ciencia","37":"tag-noticias-de-cultura","38":"tag-noticias-de-desporto","39":"tag-noticias-de-economia","40":"tag-noticias-de-local","41":"tag-noticias-de-politica","42":"tag-noticias-de-sociedade","43":"tag-noticias-de-tecnologia","44":"tag-noticias-em-portugues","45":"tag-noticias-mais-lidas","46":"tag-noticias-mais-partilhadas","47":"tag-noticias-populares","48":"tag-odemira","49":"tag-online","50":"tag-opiniao","51":"tag-ourique","52":"tag-politica","53":"tag-portugal","54":"tag-pt","55":"tag-radio","56":"tag-regiao","57":"tag-reportagem","58":"tag-saude","59":"tag-serpa","60":"tag-sociedade","61":"tag-tecnologia","62":"tag-ultima-hora","63":"tag-ultimas-noticias","64":"tag-video","65":"tag-vidigueira"},"share_on_mastodon":{"url":"","error":"Validation failed: Text character limit of 500 exceeded"},"_links":{"self":[{"href":"https:\/\/www.europesays.com\/pt\/wp-json\/wp\/v2\/posts\/130751","targetHints":{"allow":["GET"]}}],"collection":[{"href":"https:\/\/www.europesays.com\/pt\/wp-json\/wp\/v2\/posts"}],"about":[{"href":"https:\/\/www.europesays.com\/pt\/wp-json\/wp\/v2\/types\/post"}],"author":[{"embeddable":true,"href":"https:\/\/www.europesays.com\/pt\/wp-json\/wp\/v2\/users\/2"}],"replies":[{"embeddable":true,"href":"https:\/\/www.europesays.com\/pt\/wp-json\/wp\/v2\/comments?post=130751"}],"version-history":[{"count":0,"href":"https:\/\/www.europesays.com\/pt\/wp-json\/wp\/v2\/posts\/130751\/revisions"}],"wp:featuredmedia":[{"embeddable":true,"href":"https:\/\/www.europesays.com\/pt\/wp-json\/wp\/v2\/media\/130752"}],"wp:attachment":[{"href":"https:\/\/www.europesays.com\/pt\/wp-json\/wp\/v2\/media?parent=130751"}],"wp:term":[{"taxonomy":"category","embeddable":true,"href":"https:\/\/www.europesays.com\/pt\/wp-json\/wp\/v2\/categories?post=130751"},{"taxonomy":"post_tag","embeddable":true,"href":"https:\/\/www.europesays.com\/pt\/wp-json\/wp\/v2\/tags?post=130751"}],"curies":[{"name":"wp","href":"https:\/\/api.w.org\/{rel}","templated":true}]}}