{"id":130783,"date":"2025-10-29T04:50:16","date_gmt":"2025-10-29T04:50:16","guid":{"rendered":"https:\/\/www.europesays.com\/pt\/130783\/"},"modified":"2025-10-29T04:50:16","modified_gmt":"2025-10-29T04:50:16","slug":"finalmente-divulgadas-as-primeiras-imagens-do-tri-dobravel-da-samsung","status":"publish","type":"post","link":"https:\/\/www.europesays.com\/pt\/130783\/","title":{"rendered":"Finalmente! Divulgadas as primeiras imagens do tri-dobr\u00e1vel da Samsung"},"content":{"rendered":"<p>Ap\u00f3s anos de rumores e de uma estreia pela m\u00e3o da Huawei, o mercado dos tri-dobr\u00e1eis est\u00e1 mais perto de receber mais alternativas. Finalmente, foram divulgadas as primeiras imagens do chamado Galaxy Z Trifold da Samsung.<\/p>\n<p><a target=\"_blank\" href=\"https:\/\/www.europesays.com\/pt\/wp-content\/uploads\/2025\/10\/trifold_tridobravel_samsung-1.jpg\" onclick=\"refreshIframe()\" class=\"foobox\"><img fetchpriority=\"high\" decoding=\"async\" src=\"https:\/\/www.europesays.com\/pt\/wp-content\/uploads\/2025\/10\/trifold_tridobravel_samsung-1.jpg\" alt=\"Tridobr\u00e1vel da Samsung\" width=\"720\" height=\"405\" class=\"aligncenter size-full wp-image-1085486\"  \/><\/a>\n<\/p>\n<p>O informador @<a target=\"_blank\" href=\"https:\/\/x.com\/UniverseIce\/status\/1983014976056086690\" rel=\"nofollow\">UniverseIce<\/a> partilhou uma suposta imagem do que parece ser o primeiro tri-dobr\u00e1vel da Samsung. O modelo dever\u00e1 ser oficialmente revelado nos pr\u00f3ximos dias.<\/p>\n<p>Depois de v\u00e1rios anos de rumores e conceitos potenciais, a sul-coreana seguir\u00e1 os passos da Huawei e dever\u00e1 <a target=\"_blank\" href=\"https:\/\/pplware.sapo.pt\/smartphones-tablets\/samsung-lancara-um-smartphone-trifold-ate-ao-final-do-ano\/\" rel=\"nofollow noopener\">colocar no mercado<\/a> um modelo com duas dobras.<\/p>\n<p>A corroborar as imagens divulgadas pela conta @UniverseIce est\u00e3o as fotografias publicadas pelo jornal coreano <a target=\"_blank\" href=\"https:\/\/www.dailian.co.kr\/news\/view\/1564963\/\" rel=\"nofollow noopener\">Dailian<\/a>, capturadas na exposi\u00e7\u00e3o da Samsung Electronics no evento K-Tech Showcase.<\/p>\n<blockquote class=\"tw-align-center twitter-tweet\">\n<p lang=\"in\" dir=\"ltr\">Galaxy Z Trifold\uff01 <a target=\"_blank\" href=\"https:\/\/t.co\/9jStEwLQ3w\" rel=\"nofollow\">pic.twitter.com\/9jStEwLQ3w<\/a><\/p>\n<p>\u2014 PhoneArt (@UniverseIce) <a target=\"_blank\" href=\"https:\/\/twitter.com\/UniverseIce\/status\/1983014976056086690?ref_src=twsrc%5Etfw\" rel=\"nofollow noopener\">October 28, 2025<\/a><\/p>\n<\/blockquote>\n<p>Detalhes visuais do tri-dobr\u00e1vel da Samsung<\/p>\n<p>As novas imagens mostram um ecr\u00e3 grande e cont\u00ednuo que se dobra duas vezes. Quando desdobrado, o dispositivo parece transformar-se num ecr\u00e3 semelhante a um tablet, mantendo a c\u00e2mara centralizada, na parte superior.<\/p>\n<p>As molduras parecem bastante evidentes, e o mecanismo de dobragem parece corresponder aos prot\u00f3tipos Flex G da Samsung.<\/p>\n<p>Sobre o nome do modelo, os rumores apontam para Galaxy Z Trifold &#8211; pelo menos, \u00e9 como o @UniverseIce o chama numa publica\u00e7\u00e3o.<\/p>\n<dl class=\"gallery-item\">\n<dt class=\"gallery-icon landscape\">\n\t\t\t\t<a data-attachment-id=\"1085488\" href=\"https:\/\/www.europesays.com\/pt\/wp-content\/uploads\/2025\/10\/trifold_tridobravel_samsung-3.jpg\"><img loading=\"lazy\" decoding=\"async\" width=\"720\" height=\"405\" src=\"https:\/\/www.europesays.com\/pt\/wp-content\/uploads\/2025\/10\/trifold_tridobravel_samsung-3.jpg\" class=\"attachment-medium size-medium\" alt=\"Tridobr\u00e1vel da Samsung\"  \/><\/a>\n\t\t\t<\/dt>\n<\/dl>\n<dl class=\"gallery-item\">\n<dt class=\"gallery-icon landscape\">\n\t\t\t\t<a data-attachment-id=\"1085487\" href=\"https:\/\/www.europesays.com\/pt\/wp-content\/uploads\/2025\/10\/trifold_tridobravel_samsung-2.jpg\"><img loading=\"lazy\" decoding=\"async\" width=\"720\" height=\"405\" src=\"https:\/\/www.europesays.com\/pt\/wp-content\/uploads\/2025\/10\/trifold_tridobravel_samsung-2.jpg\" class=\"attachment-medium size-medium\" alt=\"Tridobr\u00e1vel da Samsung\"  \/><\/a>\n\t\t\t<\/dt>\n<\/dl>\n<p><br style=\"clear: both\"\/><\/p>\n<p>Com tr\u00eas pain\u00e9is traseiros distintos, espera-se a seguinte divis\u00e3o:<\/p>\n<ul>\n<li>O painel traseiro mais \u00e0 esquerda com o m\u00f3dulo da c\u00e2mara traseira tripla, situada numa ilha que lembra os Galaxy Z Fold atuais;<\/li>\n<li>O painel do meio a conter o ecr\u00e3 da frente, incluindo a c\u00e2mara frontal.<\/li>\n<\/ul>\n<p>Diferentemente do <a target=\"_blank\" href=\"https:\/\/pplware.sapo.pt\/gadgets\/primeiro-tri-dobravel-do-mundo-e-da-huawei-conheca-o-mate-xt\/\" rel=\"nofollow noopener\">Mate XT da Huawei<\/a>, que usa uma dobradi\u00e7a para dentro e outra para fora, num design em forma de S, o tri-dobr\u00e1vel da Samsung dever\u00e1 usar duas dobradi\u00e7as para dentro, numa estrutura em forma de G.<\/p>\n<p>Ali\u00e1s, informa\u00e7\u00f5es anteriores, citadas pelo <a target=\"_blank\" href=\"https:\/\/www.androidauthority.com\/samsung-galaxy-tri-fold-leak-3610686\/\" rel=\"nofollow noopener\">Android Authority<\/a>, adiantavam que o modelo poderia chamar-se Galaxy G Fold.<\/p>\n<p><a target=\"_blank\" href=\"https:\/\/pplware.sapo.pt\/wp-content\/uploads\/2015\/04\/huawei_mate_xt01.jpg\" onclick=\"refreshIframe()\" class=\"foobox\" rel=\"nofollow noopener\"><img loading=\"lazy\" decoding=\"async\" src=\"https:\/\/www.europesays.com\/pt\/wp-content\/uploads\/2025\/10\/huawei_mate_xt01-720x405.jpg\" alt=\"\" width=\"720\" height=\"405\" class=\"aligncenter size-medium wp-image-1045270\"  \/><\/a><\/p>\n<p>\u00c0 semelhan\u00e7a do tri-dobr\u00e1vel da Huawei, o novo Galaxy pode n\u00e3o chegar t\u00e3o cedo (ou de todo) \u00e0 Europa, pois \u00e9 prov\u00e1vel que a sua disponibilidade seja limitada aos mercados asi\u00e1ticos, particularmente Coreia do Sul, China, Singapura e Taiwan.<\/p>\n<p>Para j\u00e1, n\u00e3o h\u00e1 quaisquer detalhes sobre o pre\u00e7o do modelo da Samsung. No entanto, importa recordar que o valor do Mate XT tornou-o, desde logo, quase exclusivo.<\/p>\n<p>Aquando do lan\u00e7amento, em 2024, o smartphone da Huawei come\u00e7ava nos 19.999 yuans (cerca de 2544 euros, \u00e0 taxa de c\u00e2mbio da altura).<\/p>\n<p>\t\t\t\t\t\t<script async src=\"https:\/\/platform.twitter.com\/widgets.js\" charset=\"utf-8\"><\/script><\/p>\n","protected":false},"excerpt":{"rendered":"Ap\u00f3s anos de rumores e de uma estreia pela m\u00e3o da Huawei, o mercado dos tri-dobr\u00e1eis est\u00e1 mais&hellip;\n","protected":false},"author":2,"featured_media":130784,"comment_status":"","ping_status":"","sticky":false,"template":"","format":"standard","meta":{"footnotes":""},"categories":[84],"tags":[109,107,108,32,33,952,105,103,104,106,110,29720,29721],"class_list":{"0":"post-130783","1":"post","2":"type-post","3":"status-publish","4":"format-standard","5":"has-post-thumbnail","7":"category-ciencia-e-tecnologia","8":"tag-ciencia","9":"tag-ciencia-e-tecnologia","10":"tag-cienciaetecnologia","11":"tag-portugal","12":"tag-pt","13":"tag-samsung","14":"tag-science","15":"tag-science-and-technology","16":"tag-scienceandtechnology","17":"tag-technology","18":"tag-tecnologia","19":"tag-tri-dobravel","20":"tag-trifold"},"share_on_mastodon":{"url":"https:\/\/pubeurope.com\/@pt\/115455657691724178","error":""},"_links":{"self":[{"href":"https:\/\/www.europesays.com\/pt\/wp-json\/wp\/v2\/posts\/130783","targetHints":{"allow":["GET"]}}],"collection":[{"href":"https:\/\/www.europesays.com\/pt\/wp-json\/wp\/v2\/posts"}],"about":[{"href":"https:\/\/www.europesays.com\/pt\/wp-json\/wp\/v2\/types\/post"}],"author":[{"embeddable":true,"href":"https:\/\/www.europesays.com\/pt\/wp-json\/wp\/v2\/users\/2"}],"replies":[{"embeddable":true,"href":"https:\/\/www.europesays.com\/pt\/wp-json\/wp\/v2\/comments?post=130783"}],"version-history":[{"count":0,"href":"https:\/\/www.europesays.com\/pt\/wp-json\/wp\/v2\/posts\/130783\/revisions"}],"wp:featuredmedia":[{"embeddable":true,"href":"https:\/\/www.europesays.com\/pt\/wp-json\/wp\/v2\/media\/130784"}],"wp:attachment":[{"href":"https:\/\/www.europesays.com\/pt\/wp-json\/wp\/v2\/media?parent=130783"}],"wp:term":[{"taxonomy":"category","embeddable":true,"href":"https:\/\/www.europesays.com\/pt\/wp-json\/wp\/v2\/categories?post=130783"},{"taxonomy":"post_tag","embeddable":true,"href":"https:\/\/www.europesays.com\/pt\/wp-json\/wp\/v2\/tags?post=130783"}],"curies":[{"name":"wp","href":"https:\/\/api.w.org\/{rel}","templated":true}]}}