{"id":130793,"date":"2025-10-29T05:15:19","date_gmt":"2025-10-29T05:15:19","guid":{"rendered":"https:\/\/www.europesays.com\/pt\/130793\/"},"modified":"2025-10-29T05:15:19","modified_gmt":"2025-10-29T05:15:19","slug":"primeiro-trailer-de-panico-7-pode-ser-lancado-esta-semana","status":"publish","type":"post","link":"https:\/\/www.europesays.com\/pt\/130793\/","title":{"rendered":"Primeiro trailer de &#8216;P\u00e2nico 7&#8217; pode ser lan\u00e7ado ESTA SEMANA!"},"content":{"rendered":"<p><a href=\"https:\/\/www.patreon.com\/posts\/142263857?utm_campaign=postshare_creator&amp;utm_content=android_share\" rel=\"nofollow noopener\" target=\"_blank\">De acordo com o insider <strong>Daniel Richtman<\/strong><\/a>, o primeiro trailer da aguardada sequ\u00eancia \u2018<strong><a href=\"https:\/\/cinepop.com.br\/tag\/panico\/\" title=\"P\u00e2nico\" rel=\"nofollow noopener\" target=\"_blank\">P\u00e2nico<\/a> 7<\/strong>\u2018 deve ser lan\u00e7ado nesta semana.<\/p>\n<p><strong>Segundo rumores, o v\u00eddeo ser\u00e1 lan\u00e7ado nesta quinta-feira (30) \u2013 bem a tempo do <a href=\"https:\/\/cinepop.com.br\/tag\/halloween\/\" title=\"Halloween\" rel=\"nofollow noopener\" target=\"_blank\">Halloween<\/a>.<\/strong><\/p>\n<p>Vale lembrar que o s\u00e9timo filme est\u00e1 programado para estrear no dia <strong>26 de fevereiro de 2026<\/strong>.<\/p>\n<blockquote class=\"twitter-tweet\">\n<p dir=\"ltr\" lang=\"en\">The \u2018SCREAM 7\u2019 trailer could drop this Thursday.<\/p>\n<p>(Via: <a href=\"https:\/\/twitter.com\/DanielRPK?ref_src=twsrc%5Etfw\" rel=\"nofollow noopener\" target=\"_blank\">@DanielRPK<\/a>) <a href=\"https:\/\/twitter.com\/hashtag\/Scream7?src=hash&amp;ref_src=twsrc%5Etfw\" rel=\"nofollow noopener\" target=\"_blank\">#Scream7<\/a> <a href=\"https:\/\/t.co\/U1wNPHGZWF\" rel=\"nofollow\">pic.twitter.com\/U1wNPHGZWF<\/a><\/p>\n<p>\u2014 CriticalOverlord (@CriticalOverlo3) <a href=\"https:\/\/twitter.com\/CriticalOverlo3\/status\/1983220933138502105?ref_src=twsrc%5Etfw\" rel=\"nofollow noopener\" target=\"_blank\">October 28, 2025<\/a><\/p>\n<\/blockquote>\n<p>O novo cap\u00edtulo contar\u00e1 com o retorno dos veteranos <strong><a href=\"https:\/\/cinepop.com.br\/tag\/neve-campbell\/\" title=\"Neve Campbell\" rel=\"nofollow noopener\" target=\"_blank\">Neve Campbell<\/a><\/strong>, <strong><a href=\"https:\/\/cinepop.com.br\/tag\/courteney-cox\/\" title=\"Courteney Cox\" rel=\"nofollow noopener\" target=\"_blank\">Courteney Cox<\/a><\/strong>, <strong>Mason Gooding<\/strong> e <strong>Jasmin Savoy Brown<\/strong>, al\u00e9m de <strong><a href=\"https:\/\/cinepop.com.br\/tag\/david-arquette\/\" title=\"David Arquette\" rel=\"nofollow noopener\" target=\"_blank\">David Arquette<\/a><\/strong>, <strong><a href=\"https:\/\/cinepop.com.br\/tag\/matthew-lillard\/\" title=\"Matthew Lillard\" rel=\"nofollow noopener\" target=\"_blank\">Matthew Lillard<\/a><\/strong> e <strong>Scott Foley<\/strong>.<\/p>\n<p>Os novatos\u00a0<strong><a href=\"https:\/\/cinepop.com.br\/tag\/isabel-may\/\" title=\"Isabel May\" rel=\"nofollow noopener\" target=\"_blank\">Isabel May<\/a><\/strong>, <strong>Celeste O\u2019Connor<\/strong>, <strong><a href=\"https:\/\/cinepop.com.br\/tag\/asa-germann\/\" title=\"Asa Germann\" rel=\"nofollow noopener\" target=\"_blank\">Asa Germann<\/a><\/strong>, <strong><a href=\"https:\/\/cinepop.com.br\/tag\/mckenna-grace\/\" title=\"Mckenna Grace\" rel=\"nofollow noopener\" target=\"_blank\">Mckenna Grace<\/a><\/strong>, <strong><a href=\"https:\/\/cinepop.com.br\/tag\/sam-rechner\/\" title=\"Sam Rechner\" rel=\"nofollow noopener\" target=\"_blank\">Sam Rechner<\/a><\/strong>, <strong>Mark Consuelos<\/strong>, <strong>Anna Camp<\/strong> e <strong>Joel McHale<\/strong> completam o elenco.<\/p>\n<p>Na trama\u2026<\/p>\n<p>Sidney Prescott deixou seu passado para tr\u00e1s e est\u00e1 se concentrando em ser uma m\u00e3e feliz e casada e administrar uma pequena cafeteria na cidade. No entanto, ela nunca parou de olhar para tr\u00e1s e, com certeza, mais uma vez, seu passado volta para assombr\u00e1-la.<\/p>\n<p><strong><a href=\"https:\/\/cinepop.com.br\/tag\/kevin-williamson\/\" title=\"Kevin Williamson\" rel=\"nofollow noopener\" target=\"_blank\">Kevin Williamson<\/a><\/strong> assume a cadeira de dire\u00e7\u00e3o, enquanto\u00a0<strong>Guy Busick<\/strong> assina o roteiro.<\/p>\n<p><img fetchpriority=\"high\" decoding=\"async\" src=\"https:\/\/www.europesays.com\/pt\/wp-content\/uploads\/2025\/10\/panico7.jpeg\" alt=\"\" width=\"1000\" height=\"1000\"  \/><\/p>\n<p><img loading=\"lazy\" decoding=\"async\" class=\"alignnone size-full wp-image-688102\" src=\"https:\/\/www.europesays.com\/pt\/wp-content\/uploads\/2025\/08\/panico.webp.webp\" alt=\"Panico\" width=\"1920\" height=\"1080\"  \/><\/p>\n<p><script async src=\"https:\/\/platform.twitter.com\/widgets.js\" charset=\"utf-8\"><\/script><\/p>\n","protected":false},"excerpt":{"rendered":"De acordo com o insider Daniel Richtman, o primeiro trailer da aguardada sequ\u00eancia \u2018P\u00e2nico 7\u2018 deve ser lan\u00e7ado&hellip;\n","protected":false},"author":2,"featured_media":37084,"comment_status":"","ping_status":"","sticky":false,"template":"","format":"standard","meta":{"footnotes":""},"categories":[140],"tags":[13354,13355,13356,13357,13358,114,115,3639,147,148,13359,20599,13360,13361,9278,4419,13362,13363,13364,13365,146,13366,12493,13367,13368,13369,32,33,13370],"class_list":{"0":"post-130793","1":"post","2":"type-post","3":"status-publish","4":"format-standard","5":"has-post-thumbnail","7":"category-filmes","8":"tag-asa-germann","9":"tag-celeste-oconnor","10":"tag-christopher-landon","11":"tag-courteney-cox","12":"tag-david-arquette","13":"tag-entertainment","14":"tag-entretenimento","15":"tag-featured","16":"tag-film","17":"tag-filmes","18":"tag-halloween","19":"tag-hayden-panettiere","20":"tag-heart-eyes","21":"tag-isabel-may","22":"tag-jamie-lee-curtis","23":"tag-jenna-ortega","24":"tag-kevin-williamson","25":"tag-matthew-lillard","26":"tag-mckenna-grace","27":"tag-melissa-barrera","28":"tag-movies","29":"tag-neve-campbell","30":"tag-panico","31":"tag-panico-7","32":"tag-panico-8","33":"tag-patrick-dempsey","34":"tag-portugal","35":"tag-pt","36":"tag-sam-rechner"},"share_on_mastodon":{"url":"https:\/\/pubeurope.com\/@pt\/115455755891903621","error":""},"_links":{"self":[{"href":"https:\/\/www.europesays.com\/pt\/wp-json\/wp\/v2\/posts\/130793","targetHints":{"allow":["GET"]}}],"collection":[{"href":"https:\/\/www.europesays.com\/pt\/wp-json\/wp\/v2\/posts"}],"about":[{"href":"https:\/\/www.europesays.com\/pt\/wp-json\/wp\/v2\/types\/post"}],"author":[{"embeddable":true,"href":"https:\/\/www.europesays.com\/pt\/wp-json\/wp\/v2\/users\/2"}],"replies":[{"embeddable":true,"href":"https:\/\/www.europesays.com\/pt\/wp-json\/wp\/v2\/comments?post=130793"}],"version-history":[{"count":0,"href":"https:\/\/www.europesays.com\/pt\/wp-json\/wp\/v2\/posts\/130793\/revisions"}],"wp:featuredmedia":[{"embeddable":true,"href":"https:\/\/www.europesays.com\/pt\/wp-json\/wp\/v2\/media\/37084"}],"wp:attachment":[{"href":"https:\/\/www.europesays.com\/pt\/wp-json\/wp\/v2\/media?parent=130793"}],"wp:term":[{"taxonomy":"category","embeddable":true,"href":"https:\/\/www.europesays.com\/pt\/wp-json\/wp\/v2\/categories?post=130793"},{"taxonomy":"post_tag","embeddable":true,"href":"https:\/\/www.europesays.com\/pt\/wp-json\/wp\/v2\/tags?post=130793"}],"curies":[{"name":"wp","href":"https:\/\/api.w.org\/{rel}","templated":true}]}}